{"id":1529,"date":"2020-03-03T08:00:41","date_gmt":"2020-03-03T07:00:41","guid":{"rendered":"https:\/\/igualdad.umh.es\/?p=1529"},"modified":"2020-03-05T14:31:24","modified_gmt":"2020-03-05T13:31:24","slug":"umh8m-dia-internacional-de-las-mujeres","status":"publish","type":"post","link":"https:\/\/igualdad.umh.es\/ca\/2020\/03\/03\/umh8m-dia-internacional-de-las-mujeres\/","title":{"rendered":"#UMH8M Dia Internacional de les Dones 2020"},"content":{"rendered":"<p>&nbsp;<\/p>\n<p>&nbsp;<\/p>\n<p>&nbsp;<\/p>\n<p><img loading=\"lazy\" class=\"wp-image-1538 alignnone\" src=\"https:\/\/igualdad.umh.es\/files\/2020\/03\/logo-UMH8m.png\" alt=\"\" width=\"684\" height=\"166\" srcset=\"https:\/\/igualdad.umh.es\/files\/2020\/03\/logo-UMH8m.png 758w, https:\/\/igualdad.umh.es\/files\/2020\/03\/logo-UMH8m-300x73.png 300w\" sizes=\"(max-width: 684px) 100vw, 684px\" \/><\/p>\n<p>&nbsp;<\/p>\n<p style=\"text-align: justify\"><strong>Con motivo del<span style=\"color: #800080\">&nbsp;<\/span><\/strong><strong style=\"text-align: justify\"><span style=\"color: #800080\">8 de marzo, D\u00eda Internacional de las Mujeres<\/span><\/strong><span style=\"text-align: justify\">, <\/span><strong>la Unidad de Igualdad os presenta su prog<\/strong><strong>rama de actividades<\/strong><\/p>\n<p>&nbsp;<\/p>\n<p><strong>Jueves, 5 de marzo<\/strong><\/p>\n<p>&nbsp;<\/p>\n<p><strong>10.30h <\/strong>Lectura del <a href=\"https:\/\/igualdad.umh.es\/files\/2020\/03\/MANIFIESTOCRUE-8M_2020.pdf\" target=\"_blank\" rel=\"noopener noreferrer\">Manifiesto CRUE<\/a> a cargo de nuestro Rector<\/p>\n<p>Punt d\u2019atenci\u00f3 i visibilitat d\u2019Igualtat i Diversitat per a la Comunitat Universit\u00e0ria<\/p>\n<p>Edificio Altabix, Campus de Elche<\/p>\n<p><strong>10.45h <\/strong>Representaci\u00f3n Teatral<\/p>\n<p><a href=\"https:\/\/igualdad.umh.es\/files\/2020\/03\/CARTELFEMINA2020.jpg\" target=\"_blank\" rel=\"noopener noreferrer\"><img loading=\"lazy\" class=\"wp-image-1545 alignleft\" src=\"https:\/\/igualdad.umh.es\/files\/2020\/03\/CARTELFEMINA2020.jpg\" alt=\"\" width=\"194\" height=\"275\" srcset=\"https:\/\/igualdad.umh.es\/files\/2020\/03\/CARTELFEMINA2020.jpg 1681w, https:\/\/igualdad.umh.es\/files\/2020\/03\/CARTELFEMINA2020-212x300.jpg 212w, https:\/\/igualdad.umh.es\/files\/2020\/03\/CARTELFEMINA2020-768x1086.jpg 768w, https:\/\/igualdad.umh.es\/files\/2020\/03\/CARTELFEMINA2020-724x1024.jpg 724w\" sizes=\"(max-width: 194px) 100vw, 194px\" \/><\/a><\/p>\n<p>&nbsp;<\/p>\n<p>&nbsp;<\/p>\n<p><em><span style=\"color: #ff0000\">\u201cF\u00e9mina<\/span><\/em><span style=\"color: #ff0000\">, las mujeres mueven el mund<\/span><span style=\"color: #ff0000\">o\u201d<\/span> a cargo del Grupo teatral Maracaibo Teatro<\/p>\n<p>Hall Este, edificio Altabix, Campus de Elche<\/p>\n<p>&nbsp;<\/p>\n<p>&nbsp;<\/p>\n<p>&nbsp;<\/p>\n<p>&nbsp;<\/p>\n<p>&nbsp;<\/p>\n<p>&nbsp;<\/p>\n<p>&nbsp;<\/p>\n<h2>&nbsp;<\/h2>\n<h2><strong>Actividades paralelas al <span style=\"color: #800080\">8 de marzo, D\u00eda Internacional de las Mujeres <\/span><span style=\"color: #800080\"><span style=\"color: #000000\">son<\/span><\/span><\/strong><\/h2>\n<p>&nbsp;<br \/>\n<img loading=\"lazy\" class=\"wp-image-1557 alignleft\" src=\"https:\/\/igualdad.umh.es\/files\/2020\/03\/Foto-rectorado-Morado.jpg\" alt=\"\" width=\"200\" height=\"150\" srcset=\"https:\/\/igualdad.umh.es\/files\/2020\/03\/Foto-rectorado-Morado.jpg 1600w, https:\/\/igualdad.umh.es\/files\/2020\/03\/Foto-rectorado-Morado-300x225.jpg 300w, https:\/\/igualdad.umh.es\/files\/2020\/03\/Foto-rectorado-Morado-768x576.jpg 768w, https:\/\/igualdad.umh.es\/files\/2020\/03\/Foto-rectorado-Morado-1024x768.jpg 1024w\" sizes=\"(max-width: 200px) 100vw, 200px\" \/><\/p>\n<p>Iluminaci\u00f3n morada del Edificio Rectorado y Consejo Social del Campus de Elche del 5 al 8 de marzo<\/p>\n<p>&nbsp;<\/p>\n<p>&nbsp;<\/p>\n<p>&nbsp;<\/p>\n<p><img loading=\"lazy\" class=\"wp-image-1514 alignleft\" src=\"https:\/\/igualdad.umh.es\/files\/2020\/02\/IMAGENCORTOS2020.jpg\" alt=\"\" width=\"233\" height=\"124\" srcset=\"https:\/\/igualdad.umh.es\/files\/2020\/02\/IMAGENCORTOS2020.jpg 1200w, https:\/\/igualdad.umh.es\/files\/2020\/02\/IMAGENCORTOS2020-300x160.jpg 300w, https:\/\/igualdad.umh.es\/files\/2020\/02\/IMAGENCORTOS2020-768x408.jpg 768w, https:\/\/igualdad.umh.es\/files\/2020\/02\/IMAGENCORTOS2020-1024x544.jpg 1024w\" sizes=\"(max-width: 233px) 100vw, 233px\" \/><\/p>\n<p>&nbsp;<\/p>\n<p><a href=\"https:\/\/igualdad.umh.es\/2020\/02\/13\/v-concurso-de-cortometrajes-igualdad-en-1-minuto-2020\/\" target=\"_blank\" rel=\"noopener noreferrer\">V Concurso de Cortometrajes &#8220;Igualdad en 1 minuto&#8221; 2020<\/a><\/p>\n<p>&nbsp;<\/p>\n<p>&nbsp;<\/p>\n<p><img loading=\"lazy\" class=\"wp-image-1548 alignleft\" src=\"https:\/\/igualdad.umh.es\/files\/2020\/03\/LOGO-UMH-DE-ELCHE.jpg\" alt=\"\" width=\"234\" height=\"96\" srcset=\"https:\/\/igualdad.umh.es\/files\/2020\/03\/LOGO-UMH-DE-ELCHE.jpg 4238w, https:\/\/igualdad.umh.es\/files\/2020\/03\/LOGO-UMH-DE-ELCHE-300x123.jpg 300w, https:\/\/igualdad.umh.es\/files\/2020\/03\/LOGO-UMH-DE-ELCHE-768x315.jpg 768w, https:\/\/igualdad.umh.es\/files\/2020\/03\/LOGO-UMH-DE-ELCHE-1024x420.jpg 1024w\" sizes=\"(max-width: 234px) 100vw, 234px\" \/><\/p>\n<p>&nbsp;<\/p>\n<p><a href=\"https:\/\/igualdad.umh.es\/2020\/03\/02\/iv-premio-micro-ensayos-sobre-las-politicas-publicas-de-igualdad-2020\/\" target=\"_blank\" rel=\"noopener noreferrer\">IV Premio micro-ensayos sobre las pol\u00edticas p\u00fablicas de igualdad 2020<\/a><\/p>\n<p>&nbsp;<\/p>\n<p>&nbsp;<\/p>\n<p><a href=\"https:\/\/igualdad.umh.es\/files\/2020\/03\/cartel-LAS20-A31.jpg\" target=\"_blank\" rel=\"noopener noreferrer\"><img loading=\"lazy\" class=\"wp-image-1551 alignleft\" src=\"https:\/\/igualdad.umh.es\/files\/2020\/03\/cartel-LAS20-A31.jpg\" alt=\"\" width=\"200\" height=\"283\" srcset=\"https:\/\/igualdad.umh.es\/files\/2020\/03\/cartel-LAS20-A31.jpg 3906w, https:\/\/igualdad.umh.es\/files\/2020\/03\/cartel-LAS20-A31-212x300.jpg 212w, https:\/\/igualdad.umh.es\/files\/2020\/03\/cartel-LAS20-A31-768x1086.jpg 768w, https:\/\/igualdad.umh.es\/files\/2020\/03\/cartel-LAS20-A31-724x1024.jpg 724w\" sizes=\"(max-width: 200px) 100vw, 200px\" \/><\/a><\/p>\n<p>&nbsp;<\/p>\n<p style=\"text-align: justify\">La exposici\u00f3n <strong>Las&nbsp;<\/strong><strong>20 de la Psicolog\u00eda espa\u00f1ola<\/strong>, pretende rendir homenaje a aquellas mujeres que, gracias a su trabajo, han hecho grandes aportaciones en lo que respecta tanto al desarrollo cient\u00edfico, como a la intervenci\u00f3n pr\u00e1ctica, en el \u00e1mbito de la conducta humana. Resulta imprescindible dar visibilidad a las mujeres m\u00e1s influyentes en la Psicolog\u00eda espa\u00f1ola contempor\u00e1nea, para que sirva de est\u00edmulo y modelo al resto de mujeres y hombres que trabaja a diario, haciendo crecer a nuestra disciplina con el rigor que se merece.<\/p>\n<p><a href=\"https:\/\/igualdad.umh.es\/files\/2020\/03\/03-02-20-expo-mujeres-psic\u00f3logas-info.pdf\" target=\"_blank\" rel=\"noopener noreferrer\">M\u00e1s informaci\u00f3n<\/a><\/p>\n<p>&nbsp;<\/p>\n<p>&nbsp;<\/p>\n<p>&nbsp;<\/p>\n<p>&nbsp;<\/p>\n<p>&nbsp;<\/p>\n<p>&nbsp;<\/p>\n<p>&nbsp;<\/p>\n<p><img loading=\"lazy\" class=\"wp-image-1523 alignleft\" src=\"https:\/\/igualdad.umh.es\/files\/2020\/02\/cartel.jpg\" alt=\"\" width=\"200\" height=\"283\" srcset=\"https:\/\/igualdad.umh.es\/files\/2020\/02\/cartel.jpg 842w, https:\/\/igualdad.umh.es\/files\/2020\/02\/cartel-212x300.jpg 212w, https:\/\/igualdad.umh.es\/files\/2020\/02\/cartel-768x1086.jpg 768w, https:\/\/igualdad.umh.es\/files\/2020\/02\/cartel-724x1024.jpg 724w\" sizes=\"(max-width: 200px) 100vw, 200px\" \/><\/p>\n<p>&nbsp;<\/p>\n<p style=\"text-align: justify\">Con motivo del D\u00eda Internacional de las Mujeres, el Estadio Mart\u00ednez Valero acoger\u00e1 el pr\u00f3ximo jueves 5 de marzo la I Jornada Mujer y Deporte, organizada por el Elche Club de F\u00fatbol, el Ayuntamiento de Elche y la Universidad Miguel Hern\u00e1ndez de Elche.<\/p>\n<p><a href=\"https:\/\/igualdad.umh.es\/files\/2020\/02\/ProgramaMujeryDeporte.pdf\" target=\"_blank\" rel=\"noopener noreferrer\">Programa<\/a><\/p>\n<p>&nbsp;<\/p>\n<p>&nbsp;<\/p>\n<p>&nbsp;<\/p>\n<p>&nbsp;<\/p>\n<p>&nbsp;<\/p>\n<p>&nbsp;<\/p>\n<p>&nbsp;<\/p>\n<p>&nbsp;<\/p>\n<p><a href=\"https:\/\/igualdad.umh.es\/files\/2020\/03\/Cartel-Actividades-8M2020-C\u00e1tedra-Anetta-Nicoli.jpg\" target=\"_blank\" rel=\"noopener noreferrer\"><img loading=\"lazy\" class=\"wp-image-1553 alignleft\" src=\"https:\/\/igualdad.umh.es\/files\/2020\/03\/Cartel-Actividades-8M2020-C\u00e1tedra-Anetta-Nicoli.jpg\" alt=\"\" width=\"200\" height=\"283\" srcset=\"https:\/\/igualdad.umh.es\/files\/2020\/03\/Cartel-Actividades-8M2020-C\u00e1tedra-Anetta-Nicoli.jpg 1240w, https:\/\/igualdad.umh.es\/files\/2020\/03\/Cartel-Actividades-8M2020-C\u00e1tedra-Anetta-Nicoli-212x300.jpg 212w, https:\/\/igualdad.umh.es\/files\/2020\/03\/Cartel-Actividades-8M2020-C\u00e1tedra-Anetta-Nicoli-768x1086.jpg 768w, https:\/\/igualdad.umh.es\/files\/2020\/03\/Cartel-Actividades-8M2020-C\u00e1tedra-Anetta-Nicoli-724x1024.jpg 724w\" sizes=\"(max-width: 200px) 100vw, 200px\" \/><\/a><\/p>\n<p>&nbsp;<\/p>\n<p style=\"text-align: justify\">Con motivo del D\u00eda Internacional de la Mujer, la C\u00e1tedra Anetta Nicoli (UMH) organiza una jornada doble de arte,<\/p>\n<p style=\"text-align: justify\">activismo y feminismo a cargo de Mar\u00eda Bastar\u00f3s y Las Culpass<\/p>\n<p><a href=\"https:\/\/bbaa.umh.es\/category\/catedra-anetta-nicoli\/\" target=\"_blank\" rel=\"noopener noreferrer\">M\u00e1s informaci\u00f3n<\/a><\/p>\n<div class='bookmarkify'><a name='bookmarkify'><\/a><link rel='stylesheet' type='text\/css' href='https:\/\/igualdad.umh.es\/wp-content\/plugins\/bookmarkify\/more.css' \/><div class='bookmarkifyMoreWindow' id='bookmarkifyMore1' style='display:none;position:absolute;'><div class='bookmarkifyMoreWindowHeader'><a rel='nofollow' href='https:\/\/igualdad.umh.es\/ca\/2020\/03\/03\/umh8m-dia-internacional-de-las-mujeres\/#bookmarkify' onclick='document.getElementById(\"bookmarkifyMore1\").style.display=\"none\"; return false;'>Close<span class='bookmarkifyCloseIcon' style='background-image: url(https:\/\/igualdad.umh.es\/wp-content\/plugins\/bookmarkify\/imagecol.png); background-position:0px -1037px;'>&nbsp;<\/span><\/a>Bookmark and Share This Page <\/div><div class='bookmarkifySaveToBrowser'><a rel='nofollow' href='https:\/\/igualdad.umh.es\/ca\/2020\/03\/03\/umh8m-dia-internacional-de-las-mujeres\/#bookmarkify' onclick='javascript:if(document.all){window.external.AddFavorite(\"https:\/\/igualdad.umh.es\/ca\/2020\/03\/03\/umh8m-dia-internacional-de-las-mujeres\/\", \"#UMH8M Dia Internacional de les Dones 2020\");} else if(window.sidebar){window.sidebar.addPanel(\"#UMH8M Dia Internacional de les Dones 2020\", \"https:\/\/igualdad.umh.es\/ca\/2020\/03\/03\/umh8m-dia-internacional-de-las-mujeres\/\", \"\");}return false;' style='background-image: url(https:\/\/igualdad.umh.es\/wp-content\/plugins\/bookmarkify\/imagecol.png); background-position:0px -986px;'>Save to Browser Favorites \/ Bookmarks<\/a><\/div><div class='bookmarkifySiteLinks'><table cellspacing='3'><tr><td><div class='bookmarkifySiteLink'><a onclick='target=\"_blank\";' href='http:\/\/myjeeves.ask.com\/mysearch\/BookmarkIt?v=1.2&amp;t=webpages&amp;url=https:\/\/igualdad.umh.es\/ca\/2020\/03\/03\/umh8m-dia-internacional-de-las-mujeres\/&amp;title=#UMH8M Dia Internacional de les Dones 2020' title='Save to Ask' rel='nofollow' style='background-image: url(https:\/\/igualdad.umh.es\/wp-content\/plugins\/bookmarkify\/imagecol.png); background-position:0px -0px'>Ask<\/a><\/div><div class='bookmarkifySiteLink'><a onclick='target=\"_blank\";' href='http:\/\/www.backflip.com\/add_page_pop.ihtml?url=https:\/\/igualdad.umh.es\/ca\/2020\/03\/03\/umh8m-dia-internacional-de-las-mujeres\/&amp;title=#UMH8M Dia Internacional de les Dones 2020' title='Save to backflip' rel='nofollow' style='background-image: url(https:\/\/igualdad.umh.es\/wp-content\/plugins\/bookmarkify\/imagecol.png); background-position:0px -17px'>backflip<\/a><\/div><div class='bookmarkifySiteLink'><a onclick='target=\"_blank\";' href='http:\/\/blinklist.com\/index.php?Action=Blink\/addblink.php&amp;Url=https:\/\/igualdad.umh.es\/ca\/2020\/03\/03\/umh8m-dia-internacional-de-las-mujeres\/&amp;Title=#UMH8M Dia Internacional de les Dones 2020' title='Save to blinklist' rel='nofollow' style='background-image: url(https:\/\/igualdad.umh.es\/wp-content\/plugins\/bookmarkify\/imagecol.png); background-position:0px -34px'>blinklist<\/a><\/div><div class='bookmarkifySiteLink'><a onclick='target=\"_blank\";' href='http:\/\/www.blogbookmark.com\/submit.php?url=https:\/\/igualdad.umh.es\/ca\/2020\/03\/03\/umh8m-dia-internacional-de-las-mujeres\/' title='Save to BlogBookmark' rel='nofollow' style='background-image: url(https:\/\/igualdad.umh.es\/wp-content\/plugins\/bookmarkify\/imagecol.png); background-position:0px -51px'>BlogBookmark<\/a><\/div><div class='bookmarkifySiteLink'><a onclick='target=\"_blank\";' href='http:\/\/www.bloglines.com\/sub\/https:\/\/igualdad.umh.es\/ca\/2020\/03\/03\/umh8m-dia-internacional-de-las-mujeres\/' title='Save to Bloglines' rel='nofollow' style='background-image: url(https:\/\/igualdad.umh.es\/wp-content\/plugins\/bookmarkify\/imagecol.png); background-position:0px -68px'>Bloglines<\/a><\/div><div class='bookmarkifySiteLink'><a onclick='target=\"_blank\";' href='http:\/\/blogmarks.net\/my\/new.php?mini=1&amp;simple=1&amp;url=https:\/\/igualdad.umh.es\/ca\/2020\/03\/03\/umh8m-dia-internacional-de-las-mujeres\/&amp;title=#UMH8M Dia Internacional de les Dones 2020' title='Save to BlogMarks' rel='nofollow' style='background-image: url(https:\/\/igualdad.umh.es\/wp-content\/plugins\/bookmarkify\/imagecol.png); background-position:0px -85px'>BlogMarks<\/a><\/div><div class='bookmarkifySiteLink'><a onclick='target=\"_blank\";' href='http:\/\/www.blogsvine.com\/submit.php?url=https:\/\/igualdad.umh.es\/ca\/2020\/03\/03\/umh8m-dia-internacional-de-las-mujeres\/' title='Save to Blogsvine' rel='nofollow' style='background-image: url(https:\/\/igualdad.umh.es\/wp-content\/plugins\/bookmarkify\/imagecol.png); background-position:0px -102px'>Blogsvine<\/a><\/div><div class='bookmarkifySiteLink'><a onclick='target=\"_blank\";' href='http:\/\/www.buddymarks.com\/add_bookmark.php?bookmark_title=#UMH8M Dia Internacional de les Dones 2020&amp;bookmark_url=https:\/\/igualdad.umh.es\/ca\/2020\/03\/03\/umh8m-dia-internacional-de-las-mujeres\/' title='BuddyMark It' rel='nofollow' style='background-image: url(https:\/\/igualdad.umh.es\/wp-content\/plugins\/bookmarkify\/imagecol.png); background-position:0px -119px'>BuddyMarks<\/a><\/div><div class='bookmarkifySiteLink'><a onclick='target=\"_blank\";' href='http:\/\/www.bumpzee.com\/bump.php?u=https:\/\/igualdad.umh.es\/ca\/2020\/03\/03\/umh8m-dia-internacional-de-las-mujeres\/' title='Save to BUMPzee!' rel='nofollow' style='background-image: url(https:\/\/igualdad.umh.es\/wp-content\/plugins\/bookmarkify\/imagecol.png); background-position:0px -136px'>BUMPzee!<\/a><\/div><div class='bookmarkifySiteLink'><a onclick='target=\"_blank\";' href='http:\/\/www.citeulike.org\/posturl?url=https:\/\/igualdad.umh.es\/ca\/2020\/03\/03\/umh8m-dia-internacional-de-las-mujeres\/&amp;title=#UMH8M Dia Internacional de les Dones 2020' title='Save to CiteULike' rel='nofollow' style='background-image: url(https:\/\/igualdad.umh.es\/wp-content\/plugins\/bookmarkify\/imagecol.png); background-position:0px -153px'>CiteULike<\/a><\/div><div class='bookmarkifySiteLink'><a onclick='target=\"_blank\";' href='http:\/\/www.connotea.org\/addpopup?continue=confirm&amp;uri=https:\/\/igualdad.umh.es\/ca\/2020\/03\/03\/umh8m-dia-internacional-de-las-mujeres\/&amp;title=#UMH8M Dia Internacional de les Dones 2020' title='Save to Connotea' rel='nofollow' style='background-image: url(https:\/\/igualdad.umh.es\/wp-content\/plugins\/bookmarkify\/imagecol.png); background-position:0px -187px'>Connotea<\/a><\/div><div class='bookmarkifySiteLink'><a onclick='target=\"_blank\";' href='http:\/\/del.icio.us\/post?url=https:\/\/igualdad.umh.es\/ca\/2020\/03\/03\/umh8m-dia-internacional-de-las-mujeres\/&amp;title=#UMH8M Dia Internacional de les Dones 2020' title='Save to del.icio.us' rel='nofollow' style='background-image: url(https:\/\/igualdad.umh.es\/wp-content\/plugins\/bookmarkify\/imagecol.png); background-position:0px -204px'>del.icio.us<\/a><\/div><\/td><td><div class='bookmarkifySiteLink'><a onclick='target=\"_blank\";' href='http:\/\/digg.com\/submit?phase=2&amp;url=https:\/\/igualdad.umh.es\/ca\/2020\/03\/03\/umh8m-dia-internacional-de-las-mujeres\/&amp;title=#UMH8M Dia Internacional de les Dones 2020' title='Digg It!' rel='nofollow' style='background-image: url(https:\/\/igualdad.umh.es\/wp-content\/plugins\/bookmarkify\/imagecol.png); background-position:0px -221px'>Digg<\/a><\/div><div class='bookmarkifySiteLink'><a onclick='target=\"_blank\";' href='http:\/\/www.diigo.com\/post?url=https:\/\/igualdad.umh.es\/ca\/2020\/03\/03\/umh8m-dia-internacional-de-las-mujeres\/&amp;title=#UMH8M Dia Internacional de les Dones 2020' title='Save to diigo' rel='nofollow' style='background-image: url(https:\/\/igualdad.umh.es\/wp-content\/plugins\/bookmarkify\/imagecol.png); background-position:0px -238px'>diigo<\/a><\/div><div class='bookmarkifySiteLink'><a onclick='target=\"_blank\";' href='http:\/\/www.dotnetkicks.com\/kick\/?url=https:\/\/igualdad.umh.es\/ca\/2020\/03\/03\/umh8m-dia-internacional-de-las-mujeres\/&amp;title=#UMH8M Dia Internacional de les Dones 2020' title='Save to DotNetKicks' rel='nofollow' style='background-image: url(https:\/\/igualdad.umh.es\/wp-content\/plugins\/bookmarkify\/imagecol.png); background-position:0px -255px'>DotNetKicks<\/a><\/div><div class='bookmarkifySiteLink'><a onclick='target=\"_blank\";' href='http:\/\/www.dropjack.com\/submit.php?url=https:\/\/igualdad.umh.es\/ca\/2020\/03\/03\/umh8m-dia-internacional-de-las-mujeres\/' title='Save to DropJack' rel='nofollow' style='background-image: url(https:\/\/igualdad.umh.es\/wp-content\/plugins\/bookmarkify\/imagecol.png); background-position:0px -272px'>DropJack<\/a><\/div><div class='bookmarkifySiteLink'><a onclick='target=\"_blank\";' href='http:\/\/www.dzone.com\/links\/add.html?description=#UMH8M Dia Internacional de les Dones 2020&amp;url=https:\/\/igualdad.umh.es\/ca\/2020\/03\/03\/umh8m-dia-internacional-de-las-mujeres\/&amp;title=#UMH8M Dia Internacional de les Dones 2020' title='Save to dzone' rel='nofollow' style='background-image: url(https:\/\/igualdad.umh.es\/wp-content\/plugins\/bookmarkify\/imagecol.png); background-position:0px -289px'>dzone<\/a><\/div><div class='bookmarkifySiteLink'><a onclick='target=\"_blank\";' href='http:\/\/www.facebook.com\/share.php?u=https:\/\/igualdad.umh.es\/ca\/2020\/03\/03\/umh8m-dia-internacional-de-las-mujeres\/' title='Save to Facebook' rel='nofollow' style='background-image: url(https:\/\/igualdad.umh.es\/wp-content\/plugins\/bookmarkify\/imagecol.png); background-position:0px -306px'>Facebook<\/a><\/div><div class='bookmarkifySiteLink'><a onclick='target=\"_blank\";' href='http:\/\/cgi.fark.com\/cgi\/fark\/farkit.pl?u=https:\/\/igualdad.umh.es\/ca\/2020\/03\/03\/umh8m-dia-internacional-de-las-mujeres\/&amp;h=#UMH8M Dia Internacional de les Dones 2020' title='FarkIt!' rel='nofollow' style='background-image: url(https:\/\/igualdad.umh.es\/wp-content\/plugins\/bookmarkify\/imagecol.png); background-position:0px -323px'>Fark<\/a><\/div><div class='bookmarkifySiteLink'><a onclick='target=\"_blank\";' href='http:\/\/faves.com\/Authoring.aspx?u=https:\/\/igualdad.umh.es\/ca\/2020\/03\/03\/umh8m-dia-internacional-de-las-mujeres\/&amp;t=#UMH8M Dia Internacional de les Dones 2020' title='Save to Faves' rel='nofollow' style='background-image: url(https:\/\/igualdad.umh.es\/wp-content\/plugins\/bookmarkify\/imagecol.png); background-position:0px -340px'>Faves<\/a><\/div><div class='bookmarkifySiteLink'><a onclick='target=\"_blank\";' href='http:\/\/friendsite.com\/users\/bookmark\/?u=https:\/\/igualdad.umh.es\/ca\/2020\/03\/03\/umh8m-dia-internacional-de-las-mujeres\/&amp;t=#UMH8M Dia Internacional de les Dones 2020' title='Save to Friendsite' rel='nofollow' style='background-image: url(https:\/\/igualdad.umh.es\/wp-content\/plugins\/bookmarkify\/imagecol.png); background-position:0px -391px'>Friendsite<\/a><\/div><div class='bookmarkifySiteLink'><a onclick='target=\"_blank\";' href='http:\/\/www.folkd.com\/submit\/https:\/\/igualdad.umh.es\/ca\/2020\/03\/03\/umh8m-dia-internacional-de-las-mujeres\/' title='Save to folkd.com' rel='nofollow' style='background-image: url(https:\/\/igualdad.umh.es\/wp-content\/plugins\/bookmarkify\/imagecol.png); background-position:0px -374px'>folkd.com<\/a><\/div><div class='bookmarkifySiteLink'><a onclick='target=\"_blank\";' href='http:\/\/www.furl.net\/storeIt.jsp?u=https:\/\/igualdad.umh.es\/ca\/2020\/03\/03\/umh8m-dia-internacional-de-las-mujeres\/&amp;t=#UMH8M Dia Internacional de les Dones 2020' title='Save to Furl' rel='nofollow' style='background-image: url(https:\/\/igualdad.umh.es\/wp-content\/plugins\/bookmarkify\/imagecol.png); background-position:0px -408px'>Furl<\/a><\/div><div class='bookmarkifySiteLink'><a onclick='target=\"_blank\";' href='http:\/\/www.google.com\/bookmarks\/mark?op=edit&amp;output=popup&amp;bkmk=https:\/\/igualdad.umh.es\/ca\/2020\/03\/03\/umh8m-dia-internacional-de-las-mujeres\/&amp;title=#UMH8M Dia Internacional de les Dones 2020' title='Save to Google Bookmarks' rel='nofollow' style='background-image: url(https:\/\/igualdad.umh.es\/wp-content\/plugins\/bookmarkify\/imagecol.png); background-position:0px -425px'>Google<\/a><\/div><\/td><td><div class='bookmarkifySiteLink'><a onclick='target=\"_blank\";' href='http:\/\/www.jamespot.com\/?action=spotit&url=https:\/\/igualdad.umh.es\/ca\/2020\/03\/03\/umh8m-dia-internacional-de-las-mujeres\/' title='Spot It!' rel='nofollow' style='background-image: url(https:\/\/igualdad.umh.es\/wp-content\/plugins\/bookmarkify\/imagecol.png); background-position:0px -1122px'>Jamespot<\/a><\/div><div class='bookmarkifySiteLink'><a onclick='target=\"_blank\";' href='http:\/\/www.jeqq.com\/submit.php?url==https:\/\/igualdad.umh.es\/ca\/2020\/03\/03\/umh8m-dia-internacional-de-las-mujeres\/&amp;title=#UMH8M Dia Internacional de les Dones 2020' title='Save to Jeqq' rel='nofollow' style='background-image: url(https:\/\/igualdad.umh.es\/wp-content\/plugins\/bookmarkify\/imagecol.png); background-position:0px -459px'>Jeqq<\/a><\/div><div class='bookmarkifySiteLink'><a onclick='target=\"_blank\";' href='http:\/\/www.kaboodle.com\/za\/selectpage?p_pop=false&amp;pa=url&amp;u=https:\/\/igualdad.umh.es\/ca\/2020\/03\/03\/umh8m-dia-internacional-de-las-mujeres\/' title='Save to Kaboodle' rel='nofollow' style='background-image: url(https:\/\/igualdad.umh.es\/wp-content\/plugins\/bookmarkify\/imagecol.png); background-position:0px -476px'>Kaboodle<\/a><\/div><div class='bookmarkifySiteLink'><a onclick='target=\"_blank\";' href='http:\/\/www.kirtsy.com\/submit.php?url=https:\/\/igualdad.umh.es\/ca\/2020\/03\/03\/umh8m-dia-internacional-de-las-mujeres\/' title='Save to kirtsy' rel='nofollow' style='background-image: url(https:\/\/igualdad.umh.es\/wp-content\/plugins\/bookmarkify\/imagecol.png); background-position:0px -493px'>kirtsy<\/a><\/div><div class='bookmarkifySiteLink'><a onclick='target=\"_blank\";' href='http:\/\/www.linkagogo.com\/go\/AddNoPopup?url=https:\/\/igualdad.umh.es\/ca\/2020\/03\/03\/umh8m-dia-internacional-de-las-mujeres\/&amp;title=#UMH8M Dia Internacional de les Dones 2020' title='Save to linkaGoGo' rel='nofollow' style='background-image: url(https:\/\/igualdad.umh.es\/wp-content\/plugins\/bookmarkify\/imagecol.png); background-position:0px -510px'>linkaGoGo<\/a><\/div><div class='bookmarkifySiteLink'><a onclick='target=\"_blank\";' href='http:\/\/www.linkedin.com\/shareArticle?mini=true&url=https:\/\/igualdad.umh.es\/ca\/2020\/03\/03\/umh8m-dia-internacional-de-las-mujeres\/&title=#UMH8M Dia Internacional de les Dones 2020' title='Share on LinkedIn' rel='nofollow' style='background-image: url(https:\/\/igualdad.umh.es\/wp-content\/plugins\/bookmarkify\/imagecol.png); background-position:0px -1155px'>LinkedIn<\/a><\/div><div class='bookmarkifySiteLink'><a onclick='target=\"_blank\";' href='http:\/\/ma.gnolia.com\/bookmarklet\/add?url=https:\/\/igualdad.umh.es\/ca\/2020\/03\/03\/umh8m-dia-internacional-de-las-mujeres\/&amp;title=#UMH8M Dia Internacional de les Dones 2020' title='Save to Ma.gnolia' rel='nofollow' style='background-image: url(https:\/\/igualdad.umh.es\/wp-content\/plugins\/bookmarkify\/imagecol.png); background-position:0px -544px'>Ma.gnolia<\/a><\/div><div class='bookmarkifySiteLink'><a onclick='target=\"_blank\";' href='http:\/\/www.mister-wong.com\/index.php?action=addurl&amp;bm_url=https:\/\/igualdad.umh.es\/ca\/2020\/03\/03\/umh8m-dia-internacional-de-las-mujeres\/&amp;bm_description=#UMH8M Dia Internacional de les Dones 2020' title='Save to Mister Wong' rel='nofollow' style='background-image: url(https:\/\/igualdad.umh.es\/wp-content\/plugins\/bookmarkify\/imagecol.png); background-position:0px -561px'>Mister Wong<\/a><\/div><div class='bookmarkifySiteLink'><a onclick='target=\"_blank\";' href='http:\/\/www.mixx.com\/submit?page_url=https:\/\/igualdad.umh.es\/ca\/2020\/03\/03\/umh8m-dia-internacional-de-las-mujeres\/' title='Save to Mixx' rel='nofollow' style='background-image: url(https:\/\/igualdad.umh.es\/wp-content\/plugins\/bookmarkify\/imagecol.png); background-position:0px -578px'>Mixx<\/a><\/div><div class='bookmarkifySiteLink'><a onclick='target=\"_blank\";' href='http:\/\/www.myspace.com\/Modules\/PostTo\/Pages\/?c=https:\/\/igualdad.umh.es\/ca\/2020\/03\/03\/umh8m-dia-internacional-de-las-mujeres\/&amp;t=#UMH8M Dia Internacional de les Dones 2020' title='Save to MySpace' rel='nofollow' style='background-image: url(https:\/\/igualdad.umh.es\/wp-content\/plugins\/bookmarkify\/imagecol.png); background-position:0px -595px'>MySpace<\/a><\/div><div class='bookmarkifySiteLink'><a onclick='target=\"_blank\";' href='http:\/\/www.netvouz.com\/action\/submitBookmark?url=https:\/\/igualdad.umh.es\/ca\/2020\/03\/03\/umh8m-dia-internacional-de-las-mujeres\/&amp;title=#UMH8M Dia Internacional de les Dones 2020&amp;popup=no' title='Save to Netvouz' rel='nofollow' style='background-image: url(https:\/\/igualdad.umh.es\/wp-content\/plugins\/bookmarkify\/imagecol.png); background-position:0px -629px'>Netvouz<\/a><\/div><div class='bookmarkifySiteLink'><a onclick='target=\"_blank\";' href='http:\/\/www.newsvine.com\/_tools\/seed?popoff=0&amp;u=https:\/\/igualdad.umh.es\/ca\/2020\/03\/03\/umh8m-dia-internacional-de-las-mujeres\/' title='Seed Newsvine' rel='nofollow' style='background-image: url(https:\/\/igualdad.umh.es\/wp-content\/plugins\/bookmarkify\/imagecol.png); background-position:0px -646px'>Newsvine<\/a><\/div><\/td><td><div class='bookmarkifySiteLink'><a onclick='target=\"_blank\";' href='http:\/\/www.oneview.com\/quickadd\/neu\/addBookmark.jsf?URL=https:\/\/igualdad.umh.es\/ca\/2020\/03\/03\/umh8m-dia-internacional-de-las-mujeres\/&amp;title=#UMH8M Dia Internacional de les Dones 2020' title='Save to oneview' rel='nofollow' style='background-image: url(https:\/\/igualdad.umh.es\/wp-content\/plugins\/bookmarkify\/imagecol.png); background-position:0px -1054px'>oneview<\/a><\/div><div class='bookmarkifySiteLink'><a onclick='target=\"_blank\";' href='http:\/\/www.onlywire.com\/submit?u=https:\/\/igualdad.umh.es\/ca\/2020\/03\/03\/umh8m-dia-internacional-de-las-mujeres\/&amp;t=#UMH8M Dia Internacional de les Dones 2020' title='Save to OnlyWire' rel='nofollow' style='background-image: url(https:\/\/igualdad.umh.es\/wp-content\/plugins\/bookmarkify\/imagecol.png); background-position:0px -1071px'>OnlyWire<\/a><\/div><div class='bookmarkifySiteLink'><a onclick='target=\"_blank\";' href='http:\/\/www.plugim.com\/submit?url=https:\/\/igualdad.umh.es\/ca\/2020\/03\/03\/umh8m-dia-internacional-de-las-mujeres\/&amp;title=#UMH8M Dia Internacional de les Dones 2020' title='Promote on PlugIM' rel='nofollow' style='background-image: url(https:\/\/igualdad.umh.es\/wp-content\/plugins\/bookmarkify\/imagecol.png); background-position:0px -663px'>PlugIM<\/a><\/div><div class='bookmarkifySiteLink'><a onclick='target=\"_blank\";' href='http:\/\/www.propeller.com\/submit\/?U=https:\/\/igualdad.umh.es\/ca\/2020\/03\/03\/umh8m-dia-internacional-de-las-mujeres\/&amp;T=#UMH8M Dia Internacional de les Dones 2020' title='Submit to Propeller' rel='nofollow' style='background-image: url(https:\/\/igualdad.umh.es\/wp-content\/plugins\/bookmarkify\/imagecol.png); background-position:0px -697px'>Propeller<\/a><\/div><div class='bookmarkifySiteLink'><a onclick='target=\"_blank\";' href='http:\/\/reddit.com\/submit?url=https:\/\/igualdad.umh.es\/ca\/2020\/03\/03\/umh8m-dia-internacional-de-las-mujeres\/&amp;title=#UMH8M Dia Internacional de les Dones 2020' title='Reddit' rel='nofollow' style='background-image: url(https:\/\/igualdad.umh.es\/wp-content\/plugins\/bookmarkify\/imagecol.png); background-position:0px -714px'>Reddit<\/a><\/div><div class='bookmarkifySiteLink'><a onclick='target=\"_blank\";' href='http:\/\/segnalo.com\/post.html.php?url=https:\/\/igualdad.umh.es\/ca\/2020\/03\/03\/umh8m-dia-internacional-de-las-mujeres\/&amp;title=#UMH8M Dia Internacional de les Dones 2020' title='Save to Segnalo' rel='nofollow' style='background-image: url(https:\/\/igualdad.umh.es\/wp-content\/plugins\/bookmarkify\/imagecol.png); background-position:0px -748px'>Segnalo<\/a><\/div><div class='bookmarkifySiteLink'><a onclick='target=\"_blank\";' href='http:\/\/www.shoutwire.com\/?p=submit&amp;link=https:\/\/igualdad.umh.es\/ca\/2020\/03\/03\/umh8m-dia-internacional-de-las-mujeres\/' title='Shout It!' rel='nofollow' style='background-image: url(https:\/\/igualdad.umh.es\/wp-content\/plugins\/bookmarkify\/imagecol.png); background-position:0px -765px'>Shoutwire<\/a><\/div><div class='bookmarkifySiteLink'><a onclick='target=\"_blank\";' href='http:\/\/www.simpy.com\/simpy\/LinkAdd.do?href=https:\/\/igualdad.umh.es\/ca\/2020\/03\/03\/umh8m-dia-internacional-de-las-mujeres\/&amp;title=#UMH8M Dia Internacional de les Dones 2020' title='Save to Simpy' rel='nofollow' style='background-image: url(https:\/\/igualdad.umh.es\/wp-content\/plugins\/bookmarkify\/imagecol.png); background-position:0px -782px'>Simpy<\/a><\/div><div class='bookmarkifySiteLink'><a onclick='target=\"_blank\";' href='http:\/\/slashdot.org\/bookmark.pl?url=https:\/\/igualdad.umh.es\/ca\/2020\/03\/03\/umh8m-dia-internacional-de-las-mujeres\/&amp;title=#UMH8M Dia Internacional de les Dones 2020' title='Slashdot It!' rel='nofollow' style='background-image: url(https:\/\/igualdad.umh.es\/wp-content\/plugins\/bookmarkify\/imagecol.png); background-position:0px -799px'>Slashdot<\/a><\/div><div class='bookmarkifySiteLink'><a onclick='target=\"_blank\";' href='http:\/\/www.surphace.com\/search?q=sphereit:https:\/\/igualdad.umh.es\/ca\/2020\/03\/03\/umh8m-dia-internacional-de-las-mujeres\/&amp;title=#UMH8M Dia Internacional de les Dones 2020' title='Save to Surphace' rel='nofollow' style='background-image: url(https:\/\/igualdad.umh.es\/wp-content\/plugins\/bookmarkify\/imagecol.png); background-position:0px -816px'>Surphace<\/a><\/div><div class='bookmarkifySiteLink'><a onclick='target=\"_blank\";' href='http:\/\/sphinn.com\/submit.php?url=https:\/\/igualdad.umh.es\/ca\/2020\/03\/03\/umh8m-dia-internacional-de-las-mujeres\/&amp;title=#UMH8M Dia Internacional de les Dones 2020' title='Sphinn' rel='nofollow' style='background-image: url(https:\/\/igualdad.umh.es\/wp-content\/plugins\/bookmarkify\/imagecol.png); background-position:0px -833px'>Sphinn<\/a><\/div><div class='bookmarkifySiteLink'><a onclick='target=\"_blank\";' href='http:\/\/www.spurl.net\/spurl.php?url=https:\/\/igualdad.umh.es\/ca\/2020\/03\/03\/umh8m-dia-internacional-de-las-mujeres\/&amp;title=#UMH8M Dia Internacional de les Dones 2020' title='Save to Spurl' rel='nofollow' style='background-image: url(https:\/\/igualdad.umh.es\/wp-content\/plugins\/bookmarkify\/imagecol.png); background-position:0px -850px'>Spurl<\/a><\/div><\/td><td><div class='bookmarkifySiteLink'><a onclick='target=\"_blank\";' href='http:\/\/www.squidoo.com\/lensmaster\/bookmark?https:\/\/igualdad.umh.es\/ca\/2020\/03\/03\/umh8m-dia-internacional-de-las-mujeres\/' title='Save to Squidoo' rel='nofollow' style='background-image: url(https:\/\/igualdad.umh.es\/wp-content\/plugins\/bookmarkify\/imagecol.png); background-position:0px -867px'>Squidoo<\/a><\/div><div class='bookmarkifySiteLink'><a onclick='target=\"_blank\";' href='http:\/\/www.stumbleupon.com\/submit?url=https:\/\/igualdad.umh.es\/ca\/2020\/03\/03\/umh8m-dia-internacional-de-las-mujeres\/&amp;title=#UMH8M Dia Internacional de les Dones 2020' title='Stumble It!' rel='nofollow' style='background-image: url(https:\/\/igualdad.umh.es\/wp-content\/plugins\/bookmarkify\/imagecol.png); background-position:0px -884px'>StumbleUpon<\/a><\/div><div class='bookmarkifySiteLink'><a onclick='target=\"_blank\";' href='http:\/\/technorati.com\/faves?add=https:\/\/igualdad.umh.es\/ca\/2020\/03\/03\/umh8m-dia-internacional-de-las-mujeres\/' title='Add to my Technorati Favorites' rel='nofollow' style='background-image: url(https:\/\/igualdad.umh.es\/wp-content\/plugins\/bookmarkify\/imagecol.png); background-position:0px -901px'>Technorati<\/a><\/div><div class='bookmarkifySiteLink'><a onclick='target=\"_blank\";' href='http:\/\/www.thisnext.com\/pick\/new\/submit\/sociable\/?url=https:\/\/igualdad.umh.es\/ca\/2020\/03\/03\/umh8m-dia-internacional-de-las-mujeres\/&amp;name=#UMH8M Dia Internacional de les Dones 2020' title='Save to ThisNext' rel='nofollow' style='background-image: url(https:\/\/igualdad.umh.es\/wp-content\/plugins\/bookmarkify\/imagecol.png); background-position:0px -918px'>ThisNext<\/a><\/div><div class='bookmarkifySiteLink'><a onclick='target=\"_blank\";' href='http:\/\/twitter.com\/home\/?status=#UMH8M Dia Internacional de les Dones 2020+https:\/\/igualdad.umh.es\/ca\/2020\/03\/03\/umh8m-dia-internacional-de-las-mujeres\/' title='Save to Twitter' rel='nofollow' style='background-image: url(https:\/\/igualdad.umh.es\/wp-content\/plugins\/bookmarkify\/imagecol.png); background-position:0px -1105px'>Twitter<\/a><\/div><div class='bookmarkifySiteLink'><a onclick='target=\"_blank\";' href='http:\/\/webride.org\/discuss\/split.php?uri=https:\/\/igualdad.umh.es\/ca\/2020\/03\/03\/umh8m-dia-internacional-de-las-mujeres\/&amp;title=#UMH8M Dia Internacional de les Dones 2020' title='Discuss on Webride' rel='nofollow' style='background-image: url(https:\/\/igualdad.umh.es\/wp-content\/plugins\/bookmarkify\/imagecol.png); background-position:0px -935px'>Webride<\/a><\/div><div class='bookmarkifySiteLink'><a onclick='target=\"_blank\";' href='https:\/\/favorites.live.com\/quickadd.aspx?mkt=en-us&amp;url=https:\/\/igualdad.umh.es\/ca\/2020\/03\/03\/umh8m-dia-internacional-de-las-mujeres\/&amp;title=#UMH8M Dia Internacional de les Dones 2020' title='Save to Windows Live' rel='nofollow' style='background-image: url(https:\/\/igualdad.umh.es\/wp-content\/plugins\/bookmarkify\/imagecol.png); background-position:0px -952px'>Windows Live<\/a><\/div><div class='bookmarkifySiteLink'><a onclick='target=\"_blank\";' href='http:\/\/bookmarks.yahoo.com\/toolbar\/savebm?opener=tb&amp;u=https:\/\/igualdad.umh.es\/ca\/2020\/03\/03\/umh8m-dia-internacional-de-las-mujeres\/&amp;t=#UMH8M Dia Internacional de les Dones 2020' title='Save to Yahoo! Bookmarks' rel='nofollow' style='background-image: url(https:\/\/igualdad.umh.es\/wp-content\/plugins\/bookmarkify\/imagecol.png); background-position:0px -969px'>Yahoo!<\/a><\/div><\/td><\/tr><\/table><\/div><div class='bookmarkifyEmail'><a rel='nofollow' href='http:\/\/www.feedburner.com\/fb\/a\/emailFlare?loc=en_US&amp;itemTitle=#UMH8M Dia Internacional de les Dones 2020&amp;uri=https:\/\/igualdad.umh.es\/ca\/2020\/03\/03\/umh8m-dia-internacional-de-las-mujeres\/' style='background-image: url(https:\/\/igualdad.umh.es\/wp-content\/plugins\/bookmarkify\/imagecol.png); background-position:0px -1003px;'>Email This to a Friend<\/a><\/div><div class='bookmarkifyCopyHTML'>&nbsp;&nbsp;Link HTML:&nbsp;<input readonly='readonly' onclick='this.select();' type='text' value='&lt;a href=\"https:\/\/igualdad.umh.es\/ca\/2020\/03\/03\/umh8m-dia-internacional-de-las-mujeres\/\"&gt;#UMH8M Dia Internacional de les Dones 2020&lt;\/a&gt;' size='84' title='Copy this HTML to create a link to this page' \/><\/div><div class='bookmarkifyCopyHTML'>&nbsp;Permalink:&nbsp;<input readonly='readonly' onclick='this.select();' type='text' value='https:\/\/igualdad.umh.es\/ca\/2020\/03\/03\/umh8m-dia-internacional-de-las-mujeres\/' size='84' title='Copy this Permalink' \/><\/div><div class='bookmarkifySubscribe'><span class='bookmarkifySubscribeIcon' style='background-image: url(https:\/\/igualdad.umh.es\/wp-content\/plugins\/bookmarkify\/imagecol.png); background-position:0px -1020px;'>&nbsp;<\/span>If you like this then please subscribe to the <a href='https:\/\/igualdad.umh.es\/ca\/feed\/' onclick='target=\"_blank\";' rel='nofollow'>RSS Feed<\/a>.<\/div><div class='bookmarkifyPoweredBy'><a href='http:\/\/www.bookmarkify.com\/'>Powered by Bookmarkify&trade;<\/a><\/div><\/div><div class='linkbuttons'><a href='http:\/\/www.facebook.com\/share.php?u=https:\/\/igualdad.umh.es\/ca\/2020\/03\/03\/umh8m-dia-internacional-de-las-mujeres\/' title='Save to Facebook' onclick='target=\"_blank\";' rel='nofollow'><img src='https:\/\/igualdad.umh.es\/wp-content\/plugins\/bookmarkify\/facebook.png' style='width:16px; height:16px;' alt='[Facebook] ' \/><\/a> <a href='http:\/\/twitter.com\/home\/?status=#UMH8M Dia Internacional de les Dones 2020+https:\/\/igualdad.umh.es\/ca\/2020\/03\/03\/umh8m-dia-internacional-de-las-mujeres\/' title='Save to Twitter' onclick='target=\"_blank\";' rel='nofollow'><img src='https:\/\/igualdad.umh.es\/wp-content\/plugins\/bookmarkify\/twitter.png' style='width:16px; height:16px;' alt='[Twitter] ' \/><\/a>  <a title='See more bookmark and sharing options...' href='https:\/\/igualdad.umh.es\/ca\/2020\/03\/03\/umh8m-dia-internacional-de-las-mujeres\/#bookmarkify' onclick='document.getElementById(\"bookmarkifyMore1\").style.display=\"block\"; return false;' rel='nofollow'><small>More&nbsp;&raquo;<\/small><\/a><\/div><\/div>","protected":false},"excerpt":{"rendered":"<p>&nbsp;<br \/>\n&nbsp;<br \/>\n&nbsp;<\/p>\n<p>&nbsp;<br \/>\nCon motivo del&nbsp;8 de marzo, D\u00eda Internacional de las Mujeres, la Unidad de Igualdad os presenta su programa de actividades<br \/>\n&nbsp;<br \/>\nJueves, 5 de marzo<br \/>\n&nbsp;<br \/>\n10.30h Lectura del Manifiesto CRUE a cargo de nuestro Rector<br \/>\nPunt d\u2019atenci\u00f3 i visibilitat d\u2019Igualtat i Diversitat per a la Comunitat Universit\u00e0ria<br \/>\nEdificio Altabix, Campus de Elche<br \/>\n10.45h Representaci\u00f3n Teatral<\/p>\n<p>&nbsp;<br \/>\n&nbsp;<br \/>\n\u201cF\u00e9mina, las mujeres mueven el mundo\u201d a [&#8230;]<\/p>\n","protected":false},"author":389,"featured_media":0,"comment_status":"closed","ping_status":"open","sticky":false,"template":"","format":"standard","meta":{"ngg_post_thumbnail":0,"_links_to":"","_links_to_target":""},"categories":[4047,565,86,632,65,630,4,631,164,507,1222,568,635,255,23,873,636,283,75,697,634],"tags":[6850,3074,6843],"_links":{"self":[{"href":"https:\/\/igualdad.umh.es\/ca\/wp-json\/wp\/v2\/posts\/1529"}],"collection":[{"href":"https:\/\/igualdad.umh.es\/ca\/wp-json\/wp\/v2\/posts"}],"about":[{"href":"https:\/\/igualdad.umh.es\/ca\/wp-json\/wp\/v2\/types\/post"}],"author":[{"embeddable":true,"href":"https:\/\/igualdad.umh.es\/ca\/wp-json\/wp\/v2\/users\/389"}],"replies":[{"embeddable":true,"href":"https:\/\/igualdad.umh.es\/ca\/wp-json\/wp\/v2\/comments?post=1529"}],"version-history":[{"count":0,"href":"https:\/\/igualdad.umh.es\/ca\/wp-json\/wp\/v2\/posts\/1529\/revisions"}],"wp:attachment":[{"href":"https:\/\/igualdad.umh.es\/ca\/wp-json\/wp\/v2\/media?parent=1529"}],"wp:term":[{"taxonomy":"category","embeddable":true,"href":"https:\/\/igualdad.umh.es\/ca\/wp-json\/wp\/v2\/categories?post=1529"},{"taxonomy":"post_tag","embeddable":true,"href":"https:\/\/igualdad.umh.es\/ca\/wp-json\/wp\/v2\/tags?post=1529"}],"curies":[{"name":"wp","href":"https:\/\/api.w.org\/{rel}","templated":true}]}}