{"id":1783,"date":"2021-02-05T08:00:37","date_gmt":"2021-02-05T07:00:37","guid":{"rendered":"https:\/\/igualdad.umh.es\/?p=1783"},"modified":"2021-03-15T11:56:31","modified_gmt":"2021-03-15T10:56:31","slug":"xii-jornadas-de-politicas-publicas-de-igualdad-una-mirada-diversa-a-las-mujeres-de-la-comunidad-valenciana","status":"publish","type":"post","link":"https:\/\/igualdad.umh.es\/ca\/2021\/02\/05\/xii-jornadas-de-politicas-publicas-de-igualdad-una-mirada-diversa-a-las-mujeres-de-la-comunidad-valenciana\/","title":{"rendered":"XII Jornadas de Pol\u00edticas P\u00fablicas de Igualdad: una mirada diversa a las mujeres de la Comunidad Valenciana"},"content":{"rendered":"<p><strong>XII Jornadas de Pol\u00edticas P\u00fablicas de Igualdad: una mirada diversa a las mujeres de la Comunidad Valenciana<\/strong><\/p>\n<p><img loading=\"lazy\" class=\"wp-image-1784 alignleft\" src=\"https:\/\/igualdad.umh.es\/files\/2021\/03\/Programa-FINAL_-XIIPPI-1.jpg\" alt=\"\" width=\"366\" height=\"517\" srcset=\"https:\/\/igualdad.umh.es\/files\/2021\/03\/Programa-FINAL_-XIIPPI-1.jpg 1457w, https:\/\/igualdad.umh.es\/files\/2021\/03\/Programa-FINAL_-XIIPPI-1-212x300.jpg 212w, https:\/\/igualdad.umh.es\/files\/2021\/03\/Programa-FINAL_-XIIPPI-1-768x1084.jpg 768w, https:\/\/igualdad.umh.es\/files\/2021\/03\/Programa-FINAL_-XIIPPI-1-725x1024.jpg 725w\" sizes=\"(max-width: 366px) 100vw, 366px\" \/><\/p>\n<p>Inscripciones en: <a href=\"https:\/\/bit.ly\/3ay4UzP\" target=\"_blank\" rel=\"noopener noreferrer\">https:\/\/bit.ly\/3ay4UzP<\/a><\/p>\n<p><a href=\"https:\/\/zoom.us\/j\/93674419394\" target=\"_blank\" rel=\"noopener noreferrer\">Enlace Zoom a la sesi\u00f3n<\/a><\/p>\n<p>SESI\u00d3N 1:<strong> 11 de marzo de 2021 ONLINE<\/strong><br \/>\n<strong>10:30h. Inauguraci\u00f3n<\/strong><br \/>\nDiversos puntos de vista sobre el estado de la cuesti\u00f3n. D\u00aa. Mar\u00eda Jos\u00e9 Alarc\u00f3n Garc\u00eda. Directora de la Unidad de Igualdad<br \/>\n<strong>10:45 -11:30h<\/strong>. Panel 1.<br \/>\nProstituci\u00f3n y trata de mujeres y ni\u00f1as con fines de explotaci\u00f3n sexual. D\u00aa. Mar\u00eda Jes\u00fas Navarro R\u00edos. Directora del CIEG<br \/>\n<strong>11:30-12:15h<\/strong>. Panel 2.<br \/>\nMedio rural. D\u00aa. Juana Aznar M\u00e1rquez, profesora de Fundamentos del An\u00e1lisis Econ\u00f3mico y D\u00aa. Ana M\u00aa Mart\u00ed de Olives, profesora de Producci\u00f3n animal<br \/>\n<strong>12:15- 12:30 h<\/strong>. Recapitulaci\u00f3n final<br \/>\nCoordina: D\u00aa. Irene Belmonte Mart\u00edn.<br \/>\nProfesora de Ciencia Pol\u00edtica y de la Administraci\u00f3n. UMH<\/p>\n<p><span style=\"color: #0000ff\"><em>*Con anterioridad a la fecha, se enviar\u00e1 el enlace de conexi\u00f3n al mail indicado en la inscripci\u00f3n<\/em><\/span><\/p>\n<p>SESI\u00d3N 2: <strong>12 de marzo de 2021 ONLINE<\/strong><br \/>\n<strong>10:30 \u2013 11:15h.<\/strong> Panel 3.<br \/>\nViolencia de g\u00e9nero contra las mujeres. D\u00aa. Purificaci\u00f3n Heras Gonz\u00e1lez, profesora de Antropolog\u00eda y D\u00aa. Ainara Nardi Rodr\u00edguez, profesora de Psicolog\u00eda social<br \/>\n<strong>11:15 &#8211; 12:00h<\/strong>. Panel 4.<br \/>\nDiversidad \u00e9tnica, funcional y sexual. D. Alejandro Esp\u00ed Hern\u00e1ndez, polit\u00f3logo, D\u00aa Elena Llorca Asensi, profesora de Sociolog\u00eda UA y D\u00aa. Irene Belmonte Mart\u00edn, profesora de Ciencia Pol\u00edtica y de la Administraci\u00f3n<br \/>\n<strong>12:00-12:30h.<\/strong> Conversaciones finales<br \/>\nCoordina: D\u00aa. Mar\u00eda Amparo Calabuig Puig. Profesora de Derecho Constitucional. UMH<\/p>\n<p>* <span style=\"color: #0000ff\"><em>Reconocimiento de 0.5 cr\u00e9ditos para las personas que acrediten su asistencia y participaci\u00f3n en el V Premio de Microensayos de Pol\u00edticas P\u00fablicas de Igualdad<\/em><\/span><\/p>\n<div class='bookmarkify'><a name='bookmarkify'><\/a><link rel='stylesheet' type='text\/css' href='https:\/\/igualdad.umh.es\/wp-content\/plugins\/bookmarkify\/more.css' \/><div class='bookmarkifyMoreWindow' id='bookmarkifyMore1' style='display:none;position:absolute;'><div class='bookmarkifyMoreWindowHeader'><a rel='nofollow' href='https:\/\/igualdad.umh.es\/ca\/2021\/02\/05\/xii-jornadas-de-politicas-publicas-de-igualdad-una-mirada-diversa-a-las-mujeres-de-la-comunidad-valenciana\/#bookmarkify' onclick='document.getElementById(\"bookmarkifyMore1\").style.display=\"none\"; return false;'>Close<span class='bookmarkifyCloseIcon' style='background-image: url(https:\/\/igualdad.umh.es\/wp-content\/plugins\/bookmarkify\/imagecol.png); background-position:0px -1037px;'>&nbsp;<\/span><\/a>Bookmark and Share This Page <\/div><div class='bookmarkifySaveToBrowser'><a rel='nofollow' href='https:\/\/igualdad.umh.es\/ca\/2021\/02\/05\/xii-jornadas-de-politicas-publicas-de-igualdad-una-mirada-diversa-a-las-mujeres-de-la-comunidad-valenciana\/#bookmarkify' onclick='javascript:if(document.all){window.external.AddFavorite(\"https:\/\/igualdad.umh.es\/ca\/2021\/02\/05\/xii-jornadas-de-politicas-publicas-de-igualdad-una-mirada-diversa-a-las-mujeres-de-la-comunidad-valenciana\/\", \"XII Jornadas de Pol\u00edticas P\u00fablicas de Igualdad: una mirada diversa a las mujeres de la Comunidad Valenciana\");} else if(window.sidebar){window.sidebar.addPanel(\"XII Jornadas de Pol\u00edticas P\u00fablicas de Igualdad: una mirada diversa a las mujeres de la Comunidad Valenciana\", \"https:\/\/igualdad.umh.es\/ca\/2021\/02\/05\/xii-jornadas-de-politicas-publicas-de-igualdad-una-mirada-diversa-a-las-mujeres-de-la-comunidad-valenciana\/\", \"\");}return false;' style='background-image: url(https:\/\/igualdad.umh.es\/wp-content\/plugins\/bookmarkify\/imagecol.png); background-position:0px -986px;'>Save to Browser Favorites \/ Bookmarks<\/a><\/div><div class='bookmarkifySiteLinks'><table cellspacing='3'><tr><td><div class='bookmarkifySiteLink'><a onclick='target=\"_blank\";' href='http:\/\/myjeeves.ask.com\/mysearch\/BookmarkIt?v=1.2&amp;t=webpages&amp;url=https:\/\/igualdad.umh.es\/ca\/2021\/02\/05\/xii-jornadas-de-politicas-publicas-de-igualdad-una-mirada-diversa-a-las-mujeres-de-la-comunidad-valenciana\/&amp;title=XII Jornadas de Pol\u00edticas P\u00fablicas de Igualdad: una mirada diversa a las mujeres de la Comunidad Valenciana' title='Save to Ask' rel='nofollow' style='background-image: url(https:\/\/igualdad.umh.es\/wp-content\/plugins\/bookmarkify\/imagecol.png); background-position:0px -0px'>Ask<\/a><\/div><div class='bookmarkifySiteLink'><a onclick='target=\"_blank\";' href='http:\/\/www.backflip.com\/add_page_pop.ihtml?url=https:\/\/igualdad.umh.es\/ca\/2021\/02\/05\/xii-jornadas-de-politicas-publicas-de-igualdad-una-mirada-diversa-a-las-mujeres-de-la-comunidad-valenciana\/&amp;title=XII Jornadas de Pol\u00edticas P\u00fablicas de Igualdad: una mirada diversa a las mujeres de la Comunidad Valenciana' title='Save to backflip' rel='nofollow' style='background-image: url(https:\/\/igualdad.umh.es\/wp-content\/plugins\/bookmarkify\/imagecol.png); background-position:0px -17px'>backflip<\/a><\/div><div class='bookmarkifySiteLink'><a onclick='target=\"_blank\";' href='http:\/\/blinklist.com\/index.php?Action=Blink\/addblink.php&amp;Url=https:\/\/igualdad.umh.es\/ca\/2021\/02\/05\/xii-jornadas-de-politicas-publicas-de-igualdad-una-mirada-diversa-a-las-mujeres-de-la-comunidad-valenciana\/&amp;Title=XII Jornadas de Pol\u00edticas P\u00fablicas de Igualdad: una mirada diversa a las mujeres de la Comunidad Valenciana' title='Save to blinklist' rel='nofollow' style='background-image: url(https:\/\/igualdad.umh.es\/wp-content\/plugins\/bookmarkify\/imagecol.png); background-position:0px -34px'>blinklist<\/a><\/div><div class='bookmarkifySiteLink'><a onclick='target=\"_blank\";' href='http:\/\/www.blogbookmark.com\/submit.php?url=https:\/\/igualdad.umh.es\/ca\/2021\/02\/05\/xii-jornadas-de-politicas-publicas-de-igualdad-una-mirada-diversa-a-las-mujeres-de-la-comunidad-valenciana\/' title='Save to BlogBookmark' rel='nofollow' style='background-image: url(https:\/\/igualdad.umh.es\/wp-content\/plugins\/bookmarkify\/imagecol.png); background-position:0px -51px'>BlogBookmark<\/a><\/div><div class='bookmarkifySiteLink'><a onclick='target=\"_blank\";' href='http:\/\/www.bloglines.com\/sub\/https:\/\/igualdad.umh.es\/ca\/2021\/02\/05\/xii-jornadas-de-politicas-publicas-de-igualdad-una-mirada-diversa-a-las-mujeres-de-la-comunidad-valenciana\/' title='Save to Bloglines' rel='nofollow' style='background-image: url(https:\/\/igualdad.umh.es\/wp-content\/plugins\/bookmarkify\/imagecol.png); background-position:0px -68px'>Bloglines<\/a><\/div><div class='bookmarkifySiteLink'><a onclick='target=\"_blank\";' href='http:\/\/blogmarks.net\/my\/new.php?mini=1&amp;simple=1&amp;url=https:\/\/igualdad.umh.es\/ca\/2021\/02\/05\/xii-jornadas-de-politicas-publicas-de-igualdad-una-mirada-diversa-a-las-mujeres-de-la-comunidad-valenciana\/&amp;title=XII Jornadas de Pol\u00edticas P\u00fablicas de Igualdad: una mirada diversa a las mujeres de la Comunidad Valenciana' title='Save to BlogMarks' rel='nofollow' style='background-image: url(https:\/\/igualdad.umh.es\/wp-content\/plugins\/bookmarkify\/imagecol.png); background-position:0px -85px'>BlogMarks<\/a><\/div><div class='bookmarkifySiteLink'><a onclick='target=\"_blank\";' href='http:\/\/www.blogsvine.com\/submit.php?url=https:\/\/igualdad.umh.es\/ca\/2021\/02\/05\/xii-jornadas-de-politicas-publicas-de-igualdad-una-mirada-diversa-a-las-mujeres-de-la-comunidad-valenciana\/' title='Save to Blogsvine' rel='nofollow' style='background-image: url(https:\/\/igualdad.umh.es\/wp-content\/plugins\/bookmarkify\/imagecol.png); background-position:0px -102px'>Blogsvine<\/a><\/div><div class='bookmarkifySiteLink'><a onclick='target=\"_blank\";' href='http:\/\/www.buddymarks.com\/add_bookmark.php?bookmark_title=XII Jornadas de Pol\u00edticas P\u00fablicas de Igualdad: una mirada diversa a las mujeres de la Comunidad Valenciana&amp;bookmark_url=https:\/\/igualdad.umh.es\/ca\/2021\/02\/05\/xii-jornadas-de-politicas-publicas-de-igualdad-una-mirada-diversa-a-las-mujeres-de-la-comunidad-valenciana\/' title='BuddyMark It' rel='nofollow' style='background-image: url(https:\/\/igualdad.umh.es\/wp-content\/plugins\/bookmarkify\/imagecol.png); background-position:0px -119px'>BuddyMarks<\/a><\/div><div class='bookmarkifySiteLink'><a onclick='target=\"_blank\";' href='http:\/\/www.bumpzee.com\/bump.php?u=https:\/\/igualdad.umh.es\/ca\/2021\/02\/05\/xii-jornadas-de-politicas-publicas-de-igualdad-una-mirada-diversa-a-las-mujeres-de-la-comunidad-valenciana\/' title='Save to BUMPzee!' rel='nofollow' style='background-image: url(https:\/\/igualdad.umh.es\/wp-content\/plugins\/bookmarkify\/imagecol.png); background-position:0px -136px'>BUMPzee!<\/a><\/div><div class='bookmarkifySiteLink'><a onclick='target=\"_blank\";' href='http:\/\/www.citeulike.org\/posturl?url=https:\/\/igualdad.umh.es\/ca\/2021\/02\/05\/xii-jornadas-de-politicas-publicas-de-igualdad-una-mirada-diversa-a-las-mujeres-de-la-comunidad-valenciana\/&amp;title=XII Jornadas de Pol\u00edticas P\u00fablicas de Igualdad: una mirada diversa a las mujeres de la Comunidad Valenciana' title='Save to CiteULike' rel='nofollow' style='background-image: url(https:\/\/igualdad.umh.es\/wp-content\/plugins\/bookmarkify\/imagecol.png); background-position:0px -153px'>CiteULike<\/a><\/div><div class='bookmarkifySiteLink'><a onclick='target=\"_blank\";' href='http:\/\/www.connotea.org\/addpopup?continue=confirm&amp;uri=https:\/\/igualdad.umh.es\/ca\/2021\/02\/05\/xii-jornadas-de-politicas-publicas-de-igualdad-una-mirada-diversa-a-las-mujeres-de-la-comunidad-valenciana\/&amp;title=XII Jornadas de Pol\u00edticas P\u00fablicas de Igualdad: una mirada diversa a las mujeres de la Comunidad Valenciana' title='Save to Connotea' rel='nofollow' style='background-image: url(https:\/\/igualdad.umh.es\/wp-content\/plugins\/bookmarkify\/imagecol.png); background-position:0px -187px'>Connotea<\/a><\/div><div class='bookmarkifySiteLink'><a onclick='target=\"_blank\";' href='http:\/\/del.icio.us\/post?url=https:\/\/igualdad.umh.es\/ca\/2021\/02\/05\/xii-jornadas-de-politicas-publicas-de-igualdad-una-mirada-diversa-a-las-mujeres-de-la-comunidad-valenciana\/&amp;title=XII Jornadas de Pol\u00edticas P\u00fablicas de Igualdad: una mirada diversa a las mujeres de la Comunidad Valenciana' title='Save to del.icio.us' rel='nofollow' style='background-image: url(https:\/\/igualdad.umh.es\/wp-content\/plugins\/bookmarkify\/imagecol.png); background-position:0px -204px'>del.icio.us<\/a><\/div><\/td><td><div class='bookmarkifySiteLink'><a onclick='target=\"_blank\";' href='http:\/\/digg.com\/submit?phase=2&amp;url=https:\/\/igualdad.umh.es\/ca\/2021\/02\/05\/xii-jornadas-de-politicas-publicas-de-igualdad-una-mirada-diversa-a-las-mujeres-de-la-comunidad-valenciana\/&amp;title=XII Jornadas de Pol\u00edticas P\u00fablicas de Igualdad: una mirada diversa a las mujeres de la Comunidad Valenciana' title='Digg It!' rel='nofollow' style='background-image: url(https:\/\/igualdad.umh.es\/wp-content\/plugins\/bookmarkify\/imagecol.png); background-position:0px -221px'>Digg<\/a><\/div><div class='bookmarkifySiteLink'><a onclick='target=\"_blank\";' href='http:\/\/www.diigo.com\/post?url=https:\/\/igualdad.umh.es\/ca\/2021\/02\/05\/xii-jornadas-de-politicas-publicas-de-igualdad-una-mirada-diversa-a-las-mujeres-de-la-comunidad-valenciana\/&amp;title=XII Jornadas de Pol\u00edticas P\u00fablicas de Igualdad: una mirada diversa a las mujeres de la Comunidad Valenciana' title='Save to diigo' rel='nofollow' style='background-image: url(https:\/\/igualdad.umh.es\/wp-content\/plugins\/bookmarkify\/imagecol.png); background-position:0px -238px'>diigo<\/a><\/div><div class='bookmarkifySiteLink'><a onclick='target=\"_blank\";' href='http:\/\/www.dotnetkicks.com\/kick\/?url=https:\/\/igualdad.umh.es\/ca\/2021\/02\/05\/xii-jornadas-de-politicas-publicas-de-igualdad-una-mirada-diversa-a-las-mujeres-de-la-comunidad-valenciana\/&amp;title=XII Jornadas de Pol\u00edticas P\u00fablicas de Igualdad: una mirada diversa a las mujeres de la Comunidad Valenciana' title='Save to DotNetKicks' rel='nofollow' style='background-image: url(https:\/\/igualdad.umh.es\/wp-content\/plugins\/bookmarkify\/imagecol.png); background-position:0px -255px'>DotNetKicks<\/a><\/div><div class='bookmarkifySiteLink'><a onclick='target=\"_blank\";' href='http:\/\/www.dropjack.com\/submit.php?url=https:\/\/igualdad.umh.es\/ca\/2021\/02\/05\/xii-jornadas-de-politicas-publicas-de-igualdad-una-mirada-diversa-a-las-mujeres-de-la-comunidad-valenciana\/' title='Save to DropJack' rel='nofollow' style='background-image: url(https:\/\/igualdad.umh.es\/wp-content\/plugins\/bookmarkify\/imagecol.png); background-position:0px -272px'>DropJack<\/a><\/div><div class='bookmarkifySiteLink'><a onclick='target=\"_blank\";' href='http:\/\/www.dzone.com\/links\/add.html?description=XII Jornadas de Pol\u00edticas P\u00fablicas de Igualdad: una mirada diversa a las mujeres de la Comunidad Valenciana&amp;url=https:\/\/igualdad.umh.es\/ca\/2021\/02\/05\/xii-jornadas-de-politicas-publicas-de-igualdad-una-mirada-diversa-a-las-mujeres-de-la-comunidad-valenciana\/&amp;title=XII Jornadas de Pol\u00edticas P\u00fablicas de Igualdad: una mirada diversa a las mujeres de la Comunidad Valenciana' title='Save to dzone' rel='nofollow' style='background-image: url(https:\/\/igualdad.umh.es\/wp-content\/plugins\/bookmarkify\/imagecol.png); background-position:0px -289px'>dzone<\/a><\/div><div class='bookmarkifySiteLink'><a onclick='target=\"_blank\";' href='http:\/\/www.facebook.com\/share.php?u=https:\/\/igualdad.umh.es\/ca\/2021\/02\/05\/xii-jornadas-de-politicas-publicas-de-igualdad-una-mirada-diversa-a-las-mujeres-de-la-comunidad-valenciana\/' title='Save to Facebook' rel='nofollow' style='background-image: url(https:\/\/igualdad.umh.es\/wp-content\/plugins\/bookmarkify\/imagecol.png); background-position:0px -306px'>Facebook<\/a><\/div><div class='bookmarkifySiteLink'><a onclick='target=\"_blank\";' href='http:\/\/cgi.fark.com\/cgi\/fark\/farkit.pl?u=https:\/\/igualdad.umh.es\/ca\/2021\/02\/05\/xii-jornadas-de-politicas-publicas-de-igualdad-una-mirada-diversa-a-las-mujeres-de-la-comunidad-valenciana\/&amp;h=XII Jornadas de Pol\u00edticas P\u00fablicas de Igualdad: una mirada diversa a las mujeres de la Comunidad Valenciana' title='FarkIt!' rel='nofollow' style='background-image: url(https:\/\/igualdad.umh.es\/wp-content\/plugins\/bookmarkify\/imagecol.png); background-position:0px -323px'>Fark<\/a><\/div><div class='bookmarkifySiteLink'><a onclick='target=\"_blank\";' href='http:\/\/faves.com\/Authoring.aspx?u=https:\/\/igualdad.umh.es\/ca\/2021\/02\/05\/xii-jornadas-de-politicas-publicas-de-igualdad-una-mirada-diversa-a-las-mujeres-de-la-comunidad-valenciana\/&amp;t=XII Jornadas de Pol\u00edticas P\u00fablicas de Igualdad: una mirada diversa a las mujeres de la Comunidad Valenciana' title='Save to Faves' rel='nofollow' style='background-image: url(https:\/\/igualdad.umh.es\/wp-content\/plugins\/bookmarkify\/imagecol.png); background-position:0px -340px'>Faves<\/a><\/div><div class='bookmarkifySiteLink'><a onclick='target=\"_blank\";' href='http:\/\/friendsite.com\/users\/bookmark\/?u=https:\/\/igualdad.umh.es\/ca\/2021\/02\/05\/xii-jornadas-de-politicas-publicas-de-igualdad-una-mirada-diversa-a-las-mujeres-de-la-comunidad-valenciana\/&amp;t=XII Jornadas de Pol\u00edticas P\u00fablicas de Igualdad: una mirada diversa a las mujeres de la Comunidad Valenciana' title='Save to Friendsite' rel='nofollow' style='background-image: url(https:\/\/igualdad.umh.es\/wp-content\/plugins\/bookmarkify\/imagecol.png); background-position:0px -391px'>Friendsite<\/a><\/div><div class='bookmarkifySiteLink'><a onclick='target=\"_blank\";' href='http:\/\/www.folkd.com\/submit\/https:\/\/igualdad.umh.es\/ca\/2021\/02\/05\/xii-jornadas-de-politicas-publicas-de-igualdad-una-mirada-diversa-a-las-mujeres-de-la-comunidad-valenciana\/' title='Save to folkd.com' rel='nofollow' style='background-image: url(https:\/\/igualdad.umh.es\/wp-content\/plugins\/bookmarkify\/imagecol.png); background-position:0px -374px'>folkd.com<\/a><\/div><div class='bookmarkifySiteLink'><a onclick='target=\"_blank\";' href='http:\/\/www.furl.net\/storeIt.jsp?u=https:\/\/igualdad.umh.es\/ca\/2021\/02\/05\/xii-jornadas-de-politicas-publicas-de-igualdad-una-mirada-diversa-a-las-mujeres-de-la-comunidad-valenciana\/&amp;t=XII Jornadas de Pol\u00edticas P\u00fablicas de Igualdad: una mirada diversa a las mujeres de la Comunidad Valenciana' title='Save to Furl' rel='nofollow' style='background-image: url(https:\/\/igualdad.umh.es\/wp-content\/plugins\/bookmarkify\/imagecol.png); background-position:0px -408px'>Furl<\/a><\/div><div class='bookmarkifySiteLink'><a onclick='target=\"_blank\";' href='http:\/\/www.google.com\/bookmarks\/mark?op=edit&amp;output=popup&amp;bkmk=https:\/\/igualdad.umh.es\/ca\/2021\/02\/05\/xii-jornadas-de-politicas-publicas-de-igualdad-una-mirada-diversa-a-las-mujeres-de-la-comunidad-valenciana\/&amp;title=XII Jornadas de Pol\u00edticas P\u00fablicas de Igualdad: una mirada diversa a las mujeres de la Comunidad Valenciana' title='Save to Google Bookmarks' rel='nofollow' style='background-image: url(https:\/\/igualdad.umh.es\/wp-content\/plugins\/bookmarkify\/imagecol.png); background-position:0px -425px'>Google<\/a><\/div><\/td><td><div class='bookmarkifySiteLink'><a onclick='target=\"_blank\";' href='http:\/\/www.jamespot.com\/?action=spotit&url=https:\/\/igualdad.umh.es\/ca\/2021\/02\/05\/xii-jornadas-de-politicas-publicas-de-igualdad-una-mirada-diversa-a-las-mujeres-de-la-comunidad-valenciana\/' title='Spot It!' rel='nofollow' style='background-image: url(https:\/\/igualdad.umh.es\/wp-content\/plugins\/bookmarkify\/imagecol.png); background-position:0px -1122px'>Jamespot<\/a><\/div><div class='bookmarkifySiteLink'><a onclick='target=\"_blank\";' href='http:\/\/www.jeqq.com\/submit.php?url==https:\/\/igualdad.umh.es\/ca\/2021\/02\/05\/xii-jornadas-de-politicas-publicas-de-igualdad-una-mirada-diversa-a-las-mujeres-de-la-comunidad-valenciana\/&amp;title=XII Jornadas de Pol\u00edticas P\u00fablicas de Igualdad: una mirada diversa a las mujeres de la Comunidad Valenciana' title='Save to Jeqq' rel='nofollow' style='background-image: url(https:\/\/igualdad.umh.es\/wp-content\/plugins\/bookmarkify\/imagecol.png); background-position:0px -459px'>Jeqq<\/a><\/div><div class='bookmarkifySiteLink'><a onclick='target=\"_blank\";' href='http:\/\/www.kaboodle.com\/za\/selectpage?p_pop=false&amp;pa=url&amp;u=https:\/\/igualdad.umh.es\/ca\/2021\/02\/05\/xii-jornadas-de-politicas-publicas-de-igualdad-una-mirada-diversa-a-las-mujeres-de-la-comunidad-valenciana\/' title='Save to Kaboodle' rel='nofollow' style='background-image: url(https:\/\/igualdad.umh.es\/wp-content\/plugins\/bookmarkify\/imagecol.png); background-position:0px -476px'>Kaboodle<\/a><\/div><div class='bookmarkifySiteLink'><a onclick='target=\"_blank\";' href='http:\/\/www.kirtsy.com\/submit.php?url=https:\/\/igualdad.umh.es\/ca\/2021\/02\/05\/xii-jornadas-de-politicas-publicas-de-igualdad-una-mirada-diversa-a-las-mujeres-de-la-comunidad-valenciana\/' title='Save to kirtsy' rel='nofollow' style='background-image: url(https:\/\/igualdad.umh.es\/wp-content\/plugins\/bookmarkify\/imagecol.png); background-position:0px -493px'>kirtsy<\/a><\/div><div class='bookmarkifySiteLink'><a onclick='target=\"_blank\";' href='http:\/\/www.linkagogo.com\/go\/AddNoPopup?url=https:\/\/igualdad.umh.es\/ca\/2021\/02\/05\/xii-jornadas-de-politicas-publicas-de-igualdad-una-mirada-diversa-a-las-mujeres-de-la-comunidad-valenciana\/&amp;title=XII Jornadas de Pol\u00edticas P\u00fablicas de Igualdad: una mirada diversa a las mujeres de la Comunidad Valenciana' title='Save to linkaGoGo' rel='nofollow' style='background-image: url(https:\/\/igualdad.umh.es\/wp-content\/plugins\/bookmarkify\/imagecol.png); background-position:0px -510px'>linkaGoGo<\/a><\/div><div class='bookmarkifySiteLink'><a onclick='target=\"_blank\";' href='http:\/\/www.linkedin.com\/shareArticle?mini=true&url=https:\/\/igualdad.umh.es\/ca\/2021\/02\/05\/xii-jornadas-de-politicas-publicas-de-igualdad-una-mirada-diversa-a-las-mujeres-de-la-comunidad-valenciana\/&title=XII Jornadas de Pol\u00edticas P\u00fablicas de Igualdad: una mirada diversa a las mujeres de la Comunidad Valenciana' title='Share on LinkedIn' rel='nofollow' style='background-image: url(https:\/\/igualdad.umh.es\/wp-content\/plugins\/bookmarkify\/imagecol.png); background-position:0px -1155px'>LinkedIn<\/a><\/div><div class='bookmarkifySiteLink'><a onclick='target=\"_blank\";' href='http:\/\/ma.gnolia.com\/bookmarklet\/add?url=https:\/\/igualdad.umh.es\/ca\/2021\/02\/05\/xii-jornadas-de-politicas-publicas-de-igualdad-una-mirada-diversa-a-las-mujeres-de-la-comunidad-valenciana\/&amp;title=XII Jornadas de Pol\u00edticas P\u00fablicas de Igualdad: una mirada diversa a las mujeres de la Comunidad Valenciana' title='Save to Ma.gnolia' rel='nofollow' style='background-image: url(https:\/\/igualdad.umh.es\/wp-content\/plugins\/bookmarkify\/imagecol.png); background-position:0px -544px'>Ma.gnolia<\/a><\/div><div class='bookmarkifySiteLink'><a onclick='target=\"_blank\";' href='http:\/\/www.mister-wong.com\/index.php?action=addurl&amp;bm_url=https:\/\/igualdad.umh.es\/ca\/2021\/02\/05\/xii-jornadas-de-politicas-publicas-de-igualdad-una-mirada-diversa-a-las-mujeres-de-la-comunidad-valenciana\/&amp;bm_description=XII Jornadas de Pol\u00edticas P\u00fablicas de Igualdad: una mirada diversa a las mujeres de la Comunidad Valenciana' title='Save to Mister Wong' rel='nofollow' style='background-image: url(https:\/\/igualdad.umh.es\/wp-content\/plugins\/bookmarkify\/imagecol.png); background-position:0px -561px'>Mister Wong<\/a><\/div><div class='bookmarkifySiteLink'><a onclick='target=\"_blank\";' href='http:\/\/www.mixx.com\/submit?page_url=https:\/\/igualdad.umh.es\/ca\/2021\/02\/05\/xii-jornadas-de-politicas-publicas-de-igualdad-una-mirada-diversa-a-las-mujeres-de-la-comunidad-valenciana\/' title='Save to Mixx' rel='nofollow' style='background-image: url(https:\/\/igualdad.umh.es\/wp-content\/plugins\/bookmarkify\/imagecol.png); background-position:0px -578px'>Mixx<\/a><\/div><div class='bookmarkifySiteLink'><a onclick='target=\"_blank\";' href='http:\/\/www.myspace.com\/Modules\/PostTo\/Pages\/?c=https:\/\/igualdad.umh.es\/ca\/2021\/02\/05\/xii-jornadas-de-politicas-publicas-de-igualdad-una-mirada-diversa-a-las-mujeres-de-la-comunidad-valenciana\/&amp;t=XII Jornadas de Pol\u00edticas P\u00fablicas de Igualdad: una mirada diversa a las mujeres de la Comunidad Valenciana' title='Save to MySpace' rel='nofollow' style='background-image: url(https:\/\/igualdad.umh.es\/wp-content\/plugins\/bookmarkify\/imagecol.png); background-position:0px -595px'>MySpace<\/a><\/div><div class='bookmarkifySiteLink'><a onclick='target=\"_blank\";' href='http:\/\/www.netvouz.com\/action\/submitBookmark?url=https:\/\/igualdad.umh.es\/ca\/2021\/02\/05\/xii-jornadas-de-politicas-publicas-de-igualdad-una-mirada-diversa-a-las-mujeres-de-la-comunidad-valenciana\/&amp;title=XII Jornadas de Pol\u00edticas P\u00fablicas de Igualdad: una mirada diversa a las mujeres de la Comunidad Valenciana&amp;popup=no' title='Save to Netvouz' rel='nofollow' style='background-image: url(https:\/\/igualdad.umh.es\/wp-content\/plugins\/bookmarkify\/imagecol.png); background-position:0px -629px'>Netvouz<\/a><\/div><div class='bookmarkifySiteLink'><a onclick='target=\"_blank\";' href='http:\/\/www.newsvine.com\/_tools\/seed?popoff=0&amp;u=https:\/\/igualdad.umh.es\/ca\/2021\/02\/05\/xii-jornadas-de-politicas-publicas-de-igualdad-una-mirada-diversa-a-las-mujeres-de-la-comunidad-valenciana\/' title='Seed Newsvine' rel='nofollow' style='background-image: url(https:\/\/igualdad.umh.es\/wp-content\/plugins\/bookmarkify\/imagecol.png); background-position:0px -646px'>Newsvine<\/a><\/div><\/td><td><div class='bookmarkifySiteLink'><a onclick='target=\"_blank\";' href='http:\/\/www.oneview.com\/quickadd\/neu\/addBookmark.jsf?URL=https:\/\/igualdad.umh.es\/ca\/2021\/02\/05\/xii-jornadas-de-politicas-publicas-de-igualdad-una-mirada-diversa-a-las-mujeres-de-la-comunidad-valenciana\/&amp;title=XII Jornadas de Pol\u00edticas P\u00fablicas de Igualdad: una mirada diversa a las mujeres de la Comunidad Valenciana' title='Save to oneview' rel='nofollow' style='background-image: url(https:\/\/igualdad.umh.es\/wp-content\/plugins\/bookmarkify\/imagecol.png); background-position:0px -1054px'>oneview<\/a><\/div><div class='bookmarkifySiteLink'><a onclick='target=\"_blank\";' href='http:\/\/www.onlywire.com\/submit?u=https:\/\/igualdad.umh.es\/ca\/2021\/02\/05\/xii-jornadas-de-politicas-publicas-de-igualdad-una-mirada-diversa-a-las-mujeres-de-la-comunidad-valenciana\/&amp;t=XII Jornadas de Pol\u00edticas P\u00fablicas de Igualdad: una mirada diversa a las mujeres de la Comunidad Valenciana' title='Save to OnlyWire' rel='nofollow' style='background-image: url(https:\/\/igualdad.umh.es\/wp-content\/plugins\/bookmarkify\/imagecol.png); background-position:0px -1071px'>OnlyWire<\/a><\/div><div class='bookmarkifySiteLink'><a onclick='target=\"_blank\";' href='http:\/\/www.plugim.com\/submit?url=https:\/\/igualdad.umh.es\/ca\/2021\/02\/05\/xii-jornadas-de-politicas-publicas-de-igualdad-una-mirada-diversa-a-las-mujeres-de-la-comunidad-valenciana\/&amp;title=XII Jornadas de Pol\u00edticas P\u00fablicas de Igualdad: una mirada diversa a las mujeres de la Comunidad Valenciana' title='Promote on PlugIM' rel='nofollow' style='background-image: url(https:\/\/igualdad.umh.es\/wp-content\/plugins\/bookmarkify\/imagecol.png); background-position:0px -663px'>PlugIM<\/a><\/div><div class='bookmarkifySiteLink'><a onclick='target=\"_blank\";' href='http:\/\/www.propeller.com\/submit\/?U=https:\/\/igualdad.umh.es\/ca\/2021\/02\/05\/xii-jornadas-de-politicas-publicas-de-igualdad-una-mirada-diversa-a-las-mujeres-de-la-comunidad-valenciana\/&amp;T=XII Jornadas de Pol\u00edticas P\u00fablicas de Igualdad: una mirada diversa a las mujeres de la Comunidad Valenciana' title='Submit to Propeller' rel='nofollow' style='background-image: url(https:\/\/igualdad.umh.es\/wp-content\/plugins\/bookmarkify\/imagecol.png); background-position:0px -697px'>Propeller<\/a><\/div><div class='bookmarkifySiteLink'><a onclick='target=\"_blank\";' href='http:\/\/reddit.com\/submit?url=https:\/\/igualdad.umh.es\/ca\/2021\/02\/05\/xii-jornadas-de-politicas-publicas-de-igualdad-una-mirada-diversa-a-las-mujeres-de-la-comunidad-valenciana\/&amp;title=XII Jornadas de Pol\u00edticas P\u00fablicas de Igualdad: una mirada diversa a las mujeres de la Comunidad Valenciana' title='Reddit' rel='nofollow' style='background-image: url(https:\/\/igualdad.umh.es\/wp-content\/plugins\/bookmarkify\/imagecol.png); background-position:0px -714px'>Reddit<\/a><\/div><div class='bookmarkifySiteLink'><a onclick='target=\"_blank\";' href='http:\/\/segnalo.com\/post.html.php?url=https:\/\/igualdad.umh.es\/ca\/2021\/02\/05\/xii-jornadas-de-politicas-publicas-de-igualdad-una-mirada-diversa-a-las-mujeres-de-la-comunidad-valenciana\/&amp;title=XII Jornadas de Pol\u00edticas P\u00fablicas de Igualdad: una mirada diversa a las mujeres de la Comunidad Valenciana' title='Save to Segnalo' rel='nofollow' style='background-image: url(https:\/\/igualdad.umh.es\/wp-content\/plugins\/bookmarkify\/imagecol.png); background-position:0px -748px'>Segnalo<\/a><\/div><div class='bookmarkifySiteLink'><a onclick='target=\"_blank\";' href='http:\/\/www.shoutwire.com\/?p=submit&amp;link=https:\/\/igualdad.umh.es\/ca\/2021\/02\/05\/xii-jornadas-de-politicas-publicas-de-igualdad-una-mirada-diversa-a-las-mujeres-de-la-comunidad-valenciana\/' title='Shout It!' rel='nofollow' style='background-image: url(https:\/\/igualdad.umh.es\/wp-content\/plugins\/bookmarkify\/imagecol.png); background-position:0px -765px'>Shoutwire<\/a><\/div><div class='bookmarkifySiteLink'><a onclick='target=\"_blank\";' href='http:\/\/www.simpy.com\/simpy\/LinkAdd.do?href=https:\/\/igualdad.umh.es\/ca\/2021\/02\/05\/xii-jornadas-de-politicas-publicas-de-igualdad-una-mirada-diversa-a-las-mujeres-de-la-comunidad-valenciana\/&amp;title=XII Jornadas de Pol\u00edticas P\u00fablicas de Igualdad: una mirada diversa a las mujeres de la Comunidad Valenciana' title='Save to Simpy' rel='nofollow' style='background-image: url(https:\/\/igualdad.umh.es\/wp-content\/plugins\/bookmarkify\/imagecol.png); background-position:0px -782px'>Simpy<\/a><\/div><div class='bookmarkifySiteLink'><a onclick='target=\"_blank\";' href='http:\/\/slashdot.org\/bookmark.pl?url=https:\/\/igualdad.umh.es\/ca\/2021\/02\/05\/xii-jornadas-de-politicas-publicas-de-igualdad-una-mirada-diversa-a-las-mujeres-de-la-comunidad-valenciana\/&amp;title=XII Jornadas de Pol\u00edticas P\u00fablicas de Igualdad: una mirada diversa a las mujeres de la Comunidad Valenciana' title='Slashdot It!' rel='nofollow' style='background-image: url(https:\/\/igualdad.umh.es\/wp-content\/plugins\/bookmarkify\/imagecol.png); background-position:0px -799px'>Slashdot<\/a><\/div><div class='bookmarkifySiteLink'><a onclick='target=\"_blank\";' href='http:\/\/www.surphace.com\/search?q=sphereit:https:\/\/igualdad.umh.es\/ca\/2021\/02\/05\/xii-jornadas-de-politicas-publicas-de-igualdad-una-mirada-diversa-a-las-mujeres-de-la-comunidad-valenciana\/&amp;title=XII Jornadas de Pol\u00edticas P\u00fablicas de Igualdad: una mirada diversa a las mujeres de la Comunidad Valenciana' title='Save to Surphace' rel='nofollow' style='background-image: url(https:\/\/igualdad.umh.es\/wp-content\/plugins\/bookmarkify\/imagecol.png); background-position:0px -816px'>Surphace<\/a><\/div><div class='bookmarkifySiteLink'><a onclick='target=\"_blank\";' href='http:\/\/sphinn.com\/submit.php?url=https:\/\/igualdad.umh.es\/ca\/2021\/02\/05\/xii-jornadas-de-politicas-publicas-de-igualdad-una-mirada-diversa-a-las-mujeres-de-la-comunidad-valenciana\/&amp;title=XII Jornadas de Pol\u00edticas P\u00fablicas de Igualdad: una mirada diversa a las mujeres de la Comunidad Valenciana' title='Sphinn' rel='nofollow' style='background-image: url(https:\/\/igualdad.umh.es\/wp-content\/plugins\/bookmarkify\/imagecol.png); background-position:0px -833px'>Sphinn<\/a><\/div><div class='bookmarkifySiteLink'><a onclick='target=\"_blank\";' href='http:\/\/www.spurl.net\/spurl.php?url=https:\/\/igualdad.umh.es\/ca\/2021\/02\/05\/xii-jornadas-de-politicas-publicas-de-igualdad-una-mirada-diversa-a-las-mujeres-de-la-comunidad-valenciana\/&amp;title=XII Jornadas de Pol\u00edticas P\u00fablicas de Igualdad: una mirada diversa a las mujeres de la Comunidad Valenciana' title='Save to Spurl' rel='nofollow' style='background-image: url(https:\/\/igualdad.umh.es\/wp-content\/plugins\/bookmarkify\/imagecol.png); background-position:0px -850px'>Spurl<\/a><\/div><\/td><td><div class='bookmarkifySiteLink'><a onclick='target=\"_blank\";' href='http:\/\/www.squidoo.com\/lensmaster\/bookmark?https:\/\/igualdad.umh.es\/ca\/2021\/02\/05\/xii-jornadas-de-politicas-publicas-de-igualdad-una-mirada-diversa-a-las-mujeres-de-la-comunidad-valenciana\/' title='Save to Squidoo' rel='nofollow' style='background-image: url(https:\/\/igualdad.umh.es\/wp-content\/plugins\/bookmarkify\/imagecol.png); background-position:0px -867px'>Squidoo<\/a><\/div><div class='bookmarkifySiteLink'><a onclick='target=\"_blank\";' href='http:\/\/www.stumbleupon.com\/submit?url=https:\/\/igualdad.umh.es\/ca\/2021\/02\/05\/xii-jornadas-de-politicas-publicas-de-igualdad-una-mirada-diversa-a-las-mujeres-de-la-comunidad-valenciana\/&amp;title=XII Jornadas de Pol\u00edticas P\u00fablicas de Igualdad: una mirada diversa a las mujeres de la Comunidad Valenciana' title='Stumble It!' rel='nofollow' style='background-image: url(https:\/\/igualdad.umh.es\/wp-content\/plugins\/bookmarkify\/imagecol.png); background-position:0px -884px'>StumbleUpon<\/a><\/div><div class='bookmarkifySiteLink'><a onclick='target=\"_blank\";' href='http:\/\/technorati.com\/faves?add=https:\/\/igualdad.umh.es\/ca\/2021\/02\/05\/xii-jornadas-de-politicas-publicas-de-igualdad-una-mirada-diversa-a-las-mujeres-de-la-comunidad-valenciana\/' title='Add to my Technorati Favorites' rel='nofollow' style='background-image: url(https:\/\/igualdad.umh.es\/wp-content\/plugins\/bookmarkify\/imagecol.png); background-position:0px -901px'>Technorati<\/a><\/div><div class='bookmarkifySiteLink'><a onclick='target=\"_blank\";' href='http:\/\/www.thisnext.com\/pick\/new\/submit\/sociable\/?url=https:\/\/igualdad.umh.es\/ca\/2021\/02\/05\/xii-jornadas-de-politicas-publicas-de-igualdad-una-mirada-diversa-a-las-mujeres-de-la-comunidad-valenciana\/&amp;name=XII Jornadas de Pol\u00edticas P\u00fablicas de Igualdad: una mirada diversa a las mujeres de la Comunidad Valenciana' title='Save to ThisNext' rel='nofollow' style='background-image: url(https:\/\/igualdad.umh.es\/wp-content\/plugins\/bookmarkify\/imagecol.png); background-position:0px -918px'>ThisNext<\/a><\/div><div class='bookmarkifySiteLink'><a onclick='target=\"_blank\";' href='http:\/\/twitter.com\/home\/?status=XII Jornadas de Pol\u00edticas P\u00fablicas de Igualdad: una mirada diversa a las mujeres de la Comunidad Valenciana+https:\/\/igualdad.umh.es\/ca\/2021\/02\/05\/xii-jornadas-de-politicas-publicas-de-igualdad-una-mirada-diversa-a-las-mujeres-de-la-comunidad-valenciana\/' title='Save to Twitter' rel='nofollow' style='background-image: url(https:\/\/igualdad.umh.es\/wp-content\/plugins\/bookmarkify\/imagecol.png); background-position:0px -1105px'>Twitter<\/a><\/div><div class='bookmarkifySiteLink'><a onclick='target=\"_blank\";' href='http:\/\/webride.org\/discuss\/split.php?uri=https:\/\/igualdad.umh.es\/ca\/2021\/02\/05\/xii-jornadas-de-politicas-publicas-de-igualdad-una-mirada-diversa-a-las-mujeres-de-la-comunidad-valenciana\/&amp;title=XII Jornadas de Pol\u00edticas P\u00fablicas de Igualdad: una mirada diversa a las mujeres de la Comunidad Valenciana' title='Discuss on Webride' rel='nofollow' style='background-image: url(https:\/\/igualdad.umh.es\/wp-content\/plugins\/bookmarkify\/imagecol.png); background-position:0px -935px'>Webride<\/a><\/div><div class='bookmarkifySiteLink'><a onclick='target=\"_blank\";' href='https:\/\/favorites.live.com\/quickadd.aspx?mkt=en-us&amp;url=https:\/\/igualdad.umh.es\/ca\/2021\/02\/05\/xii-jornadas-de-politicas-publicas-de-igualdad-una-mirada-diversa-a-las-mujeres-de-la-comunidad-valenciana\/&amp;title=XII Jornadas de Pol\u00edticas P\u00fablicas de Igualdad: una mirada diversa a las mujeres de la Comunidad Valenciana' title='Save to Windows Live' rel='nofollow' style='background-image: url(https:\/\/igualdad.umh.es\/wp-content\/plugins\/bookmarkify\/imagecol.png); background-position:0px -952px'>Windows Live<\/a><\/div><div class='bookmarkifySiteLink'><a onclick='target=\"_blank\";' href='http:\/\/bookmarks.yahoo.com\/toolbar\/savebm?opener=tb&amp;u=https:\/\/igualdad.umh.es\/ca\/2021\/02\/05\/xii-jornadas-de-politicas-publicas-de-igualdad-una-mirada-diversa-a-las-mujeres-de-la-comunidad-valenciana\/&amp;t=XII Jornadas de Pol\u00edticas P\u00fablicas de Igualdad: una mirada diversa a las mujeres de la Comunidad Valenciana' title='Save to Yahoo! Bookmarks' rel='nofollow' style='background-image: url(https:\/\/igualdad.umh.es\/wp-content\/plugins\/bookmarkify\/imagecol.png); background-position:0px -969px'>Yahoo!<\/a><\/div><\/td><\/tr><\/table><\/div><div class='bookmarkifyEmail'><a rel='nofollow' href='http:\/\/www.feedburner.com\/fb\/a\/emailFlare?loc=en_US&amp;itemTitle=XII Jornadas de Pol\u00edticas P\u00fablicas de Igualdad: una mirada diversa a las mujeres de la Comunidad Valenciana&amp;uri=https:\/\/igualdad.umh.es\/ca\/2021\/02\/05\/xii-jornadas-de-politicas-publicas-de-igualdad-una-mirada-diversa-a-las-mujeres-de-la-comunidad-valenciana\/' style='background-image: url(https:\/\/igualdad.umh.es\/wp-content\/plugins\/bookmarkify\/imagecol.png); background-position:0px -1003px;'>Email This to a Friend<\/a><\/div><div class='bookmarkifyCopyHTML'>&nbsp;&nbsp;Link HTML:&nbsp;<input readonly='readonly' onclick='this.select();' type='text' value='&lt;a href=\"https:\/\/igualdad.umh.es\/ca\/2021\/02\/05\/xii-jornadas-de-politicas-publicas-de-igualdad-una-mirada-diversa-a-las-mujeres-de-la-comunidad-valenciana\/\"&gt;XII Jornadas de Pol\u00edticas P\u00fablicas de Igualdad: una mirada diversa a las mujeres de la Comunidad Valenciana&lt;\/a&gt;' size='84' title='Copy this HTML to create a link to this page' \/><\/div><div class='bookmarkifyCopyHTML'>&nbsp;Permalink:&nbsp;<input readonly='readonly' onclick='this.select();' type='text' value='https:\/\/igualdad.umh.es\/ca\/2021\/02\/05\/xii-jornadas-de-politicas-publicas-de-igualdad-una-mirada-diversa-a-las-mujeres-de-la-comunidad-valenciana\/' size='84' title='Copy this Permalink' \/><\/div><div class='bookmarkifySubscribe'><span class='bookmarkifySubscribeIcon' style='background-image: url(https:\/\/igualdad.umh.es\/wp-content\/plugins\/bookmarkify\/imagecol.png); background-position:0px -1020px;'>&nbsp;<\/span>If you like this then please subscribe to the <a href='https:\/\/igualdad.umh.es\/ca\/feed\/' onclick='target=\"_blank\";' rel='nofollow'>RSS Feed<\/a>.<\/div><div class='bookmarkifyPoweredBy'><a href='http:\/\/www.bookmarkify.com\/'>Powered by Bookmarkify&trade;<\/a><\/div><\/div><div class='linkbuttons'><a href='http:\/\/www.facebook.com\/share.php?u=https:\/\/igualdad.umh.es\/ca\/2021\/02\/05\/xii-jornadas-de-politicas-publicas-de-igualdad-una-mirada-diversa-a-las-mujeres-de-la-comunidad-valenciana\/' title='Save to Facebook' onclick='target=\"_blank\";' rel='nofollow'><img src='https:\/\/igualdad.umh.es\/wp-content\/plugins\/bookmarkify\/facebook.png' style='width:16px; height:16px;' alt='[Facebook] ' \/><\/a> <a href='http:\/\/twitter.com\/home\/?status=XII Jornadas de Pol\u00edticas P\u00fablicas de Igualdad: una mirada diversa a las mujeres de la Comunidad Valenciana+https:\/\/igualdad.umh.es\/ca\/2021\/02\/05\/xii-jornadas-de-politicas-publicas-de-igualdad-una-mirada-diversa-a-las-mujeres-de-la-comunidad-valenciana\/' title='Save to Twitter' onclick='target=\"_blank\";' rel='nofollow'><img src='https:\/\/igualdad.umh.es\/wp-content\/plugins\/bookmarkify\/twitter.png' style='width:16px; height:16px;' alt='[Twitter] ' \/><\/a>  <a title='See more bookmark and sharing options...' href='https:\/\/igualdad.umh.es\/ca\/2021\/02\/05\/xii-jornadas-de-politicas-publicas-de-igualdad-una-mirada-diversa-a-las-mujeres-de-la-comunidad-valenciana\/#bookmarkify' onclick='document.getElementById(\"bookmarkifyMore1\").style.display=\"block\"; return false;' rel='nofollow'><small>More&nbsp;&raquo;<\/small><\/a><\/div><\/div>","protected":false},"excerpt":{"rendered":"<p>XII Jornadas de Pol\u00edticas P\u00fablicas de Igualdad: una mirada diversa a las mujeres de la Comunidad Valenciana<\/p>\n<p>Inscripciones en: https:\/\/bit.ly\/3ay4UzP<br \/>\nEnlace Zoom a la sesi\u00f3n<br \/>\nSESI\u00d3N 1: 11 de marzo de 2021 ONLINE<br \/>\n10:30h. Inauguraci\u00f3n<br \/>\nDiversos puntos de vista sobre el estado de la cuesti\u00f3n. D\u00aa. Mar\u00eda Jos\u00e9 Alarc\u00f3n Garc\u00eda. Directora de la Unidad de Igualdad<br \/>\n10:45 -11:30h. Panel 1.<br \/>\nProstituci\u00f3n y [&#8230;]<\/p>\n","protected":false},"author":389,"featured_media":0,"comment_status":"closed","ping_status":"open","sticky":false,"template":"","format":"standard","meta":{"ngg_post_thumbnail":0,"_links_to":"","_links_to_target":""},"categories":[4047,565,65,630,631,164,507,1222,568,635,633,255,23,873,636,283,75,697],"tags":[6865,2105,2104,3074,6843],"_links":{"self":[{"href":"https:\/\/igualdad.umh.es\/ca\/wp-json\/wp\/v2\/posts\/1783"}],"collection":[{"href":"https:\/\/igualdad.umh.es\/ca\/wp-json\/wp\/v2\/posts"}],"about":[{"href":"https:\/\/igualdad.umh.es\/ca\/wp-json\/wp\/v2\/types\/post"}],"author":[{"embeddable":true,"href":"https:\/\/igualdad.umh.es\/ca\/wp-json\/wp\/v2\/users\/389"}],"replies":[{"embeddable":true,"href":"https:\/\/igualdad.umh.es\/ca\/wp-json\/wp\/v2\/comments?post=1783"}],"version-history":[{"count":0,"href":"https:\/\/igualdad.umh.es\/ca\/wp-json\/wp\/v2\/posts\/1783\/revisions"}],"wp:attachment":[{"href":"https:\/\/igualdad.umh.es\/ca\/wp-json\/wp\/v2\/media?parent=1783"}],"wp:term":[{"taxonomy":"category","embeddable":true,"href":"https:\/\/igualdad.umh.es\/ca\/wp-json\/wp\/v2\/categories?post=1783"},{"taxonomy":"post_tag","embeddable":true,"href":"https:\/\/igualdad.umh.es\/ca\/wp-json\/wp\/v2\/tags?post=1783"}],"curies":[{"name":"wp","href":"https:\/\/api.w.org\/{rel}","templated":true}]}}