{"id":3199,"date":"2026-03-06T14:36:21","date_gmt":"2026-03-06T13:36:21","guid":{"rendered":"https:\/\/igualdad.umh.es\/?p=3199"},"modified":"2026-03-18T14:57:36","modified_gmt":"2026-03-18T13:57:36","slug":"la-facultad-de-bbaa-de-altea-y-la-catedra-annetta-nicoli-conmemoran-el-8m-con-una-jornada-dedicada-al-feminismo-y-la-creacion-artistica-y-musical","status":"publish","type":"post","link":"https:\/\/igualdad.umh.es\/ca\/2026\/03\/06\/la-facultad-de-bbaa-de-altea-y-la-catedra-annetta-nicoli-conmemoran-el-8m-con-una-jornada-dedicada-al-feminismo-y-la-creacion-artistica-y-musical\/","title":{"rendered":"<span lang=\"es\">(Espa\u00f1ol) La Facultad de BBAA de Altea y la C\u00e1tedra Annetta Nicoli conmemoran el 8M con una jornada dedicada al feminismo y la creaci\u00f3n art\u00edstica y musical<\/span>"},"content":{"rendered":"<p class=\"qtranxs-available-languages-message qtranxs-available-languages-message-ca\">Ho sentim, aquesta entrada es troba disponible \u00fanicament en <a href=\"https:\/\/igualdad.umh.es\/es\/wp-json\/wp\/v2\/posts\/3199\" class=\"qtranxs-available-language-link qtranxs-available-language-link-es\" title=\"Espa\u00f1ol\">Espanyol Europeu<\/a>.<\/p>","protected":false},"excerpt":{"rendered":"<p>Ho sentim, aquesta entrada es troba disponible \u00fanicament en Espanyol Europeu.<\/p>\n","protected":false},"author":32616,"featured_media":0,"comment_status":"closed","ping_status":"open","sticky":false,"template":"","format":"standard","meta":{"ngg_post_thumbnail":0,"_links_to":"","_links_to_target":""},"categories":[4047,565,65,507,1222,255,23,636,283],"tags":[2105,2104,6843],"_links":{"self":[{"href":"https:\/\/igualdad.umh.es\/ca\/wp-json\/wp\/v2\/posts\/3199"}],"collection":[{"href":"https:\/\/igualdad.umh.es\/ca\/wp-json\/wp\/v2\/posts"}],"about":[{"href":"https:\/\/igualdad.umh.es\/ca\/wp-json\/wp\/v2\/types\/post"}],"author":[{"embeddable":true,"href":"https:\/\/igualdad.umh.es\/ca\/wp-json\/wp\/v2\/users\/32616"}],"replies":[{"embeddable":true,"href":"https:\/\/igualdad.umh.es\/ca\/wp-json\/wp\/v2\/comments?post=3199"}],"version-history":[{"count":0,"href":"https:\/\/igualdad.umh.es\/ca\/wp-json\/wp\/v2\/posts\/3199\/revisions"}],"wp:attachment":[{"href":"https:\/\/igualdad.umh.es\/ca\/wp-json\/wp\/v2\/media?parent=3199"}],"wp:term":[{"taxonomy":"category","embeddable":true,"href":"https:\/\/igualdad.umh.es\/ca\/wp-json\/wp\/v2\/categories?post=3199"},{"taxonomy":"post_tag","embeddable":true,"href":"https:\/\/igualdad.umh.es\/ca\/wp-json\/wp\/v2\/tags?post=3199"}],"curies":[{"name":"wp","href":"https:\/\/api.w.org\/{rel}","templated":true}]}}