{"id":3275,"date":"2026-04-28T12:22:09","date_gmt":"2026-04-28T10:22:09","guid":{"rendered":"https:\/\/igualdad.umh.es\/?p=3275"},"modified":"2026-04-28T12:22:09","modified_gmt":"2026-04-28T10:22:09","slug":"marta-fernandez-blanco-presenta-su-libro-en-la-ii-edicion-del-club-de-lectura-feminista-umh","status":"publish","type":"post","link":"https:\/\/igualdad.umh.es\/ca\/2026\/04\/28\/marta-fernandez-blanco-presenta-su-libro-en-la-ii-edicion-del-club-de-lectura-feminista-umh\/","title":{"rendered":"<span lang=\"es\">(Espa\u00f1ol) Marta Fern\u00e1ndez Blanco presenta su libro en la II Edici\u00f3n del Club de Lectura Feminista UMH<\/span>"},"content":{"rendered":"<p class=\"qtranxs-available-languages-message qtranxs-available-languages-message-ca\">Ho sentim, aquesta entrada es troba disponible \u00fanicament en <a href=\"https:\/\/igualdad.umh.es\/es\/wp-json\/wp\/v2\/posts\/3275\" class=\"qtranxs-available-language-link qtranxs-available-language-link-es\" title=\"Espa\u00f1ol\">Espanyol Europeu<\/a>.<\/p>","protected":false},"excerpt":{"rendered":"<p>Ho sentim, aquesta entrada es troba disponible \u00fanicament en Espanyol Europeu.<\/p>\n","protected":false},"author":32616,"featured_media":0,"comment_status":"closed","ping_status":"open","sticky":false,"template":"","format":"standard","meta":{"ngg_post_thumbnail":0,"_links_to":"","_links_to_target":""},"categories":[565,65,507,1222,633,255,23,636],"tags":[733,2105,2104],"_links":{"self":[{"href":"https:\/\/igualdad.umh.es\/ca\/wp-json\/wp\/v2\/posts\/3275"}],"collection":[{"href":"https:\/\/igualdad.umh.es\/ca\/wp-json\/wp\/v2\/posts"}],"about":[{"href":"https:\/\/igualdad.umh.es\/ca\/wp-json\/wp\/v2\/types\/post"}],"author":[{"embeddable":true,"href":"https:\/\/igualdad.umh.es\/ca\/wp-json\/wp\/v2\/users\/32616"}],"replies":[{"embeddable":true,"href":"https:\/\/igualdad.umh.es\/ca\/wp-json\/wp\/v2\/comments?post=3275"}],"version-history":[{"count":0,"href":"https:\/\/igualdad.umh.es\/ca\/wp-json\/wp\/v2\/posts\/3275\/revisions"}],"wp:attachment":[{"href":"https:\/\/igualdad.umh.es\/ca\/wp-json\/wp\/v2\/media?parent=3275"}],"wp:term":[{"taxonomy":"category","embeddable":true,"href":"https:\/\/igualdad.umh.es\/ca\/wp-json\/wp\/v2\/categories?post=3275"},{"taxonomy":"post_tag","embeddable":true,"href":"https:\/\/igualdad.umh.es\/ca\/wp-json\/wp\/v2\/tags?post=3275"}],"curies":[{"name":"wp","href":"https:\/\/api.w.org\/{rel}","templated":true}]}}