{"id":3296,"date":"2026-04-21T09:55:27","date_gmt":"2026-04-21T07:55:27","guid":{"rendered":"https:\/\/igualdad.umh.es\/?p=3296"},"modified":"2026-04-30T10:00:45","modified_gmt":"2026-04-30T08:00:45","slug":"valencia-la-xarxa-vives-publica-una-guia-estrategica-per-integrar-la-dimensio-de-genere-interseccional","status":"publish","type":"post","link":"https:\/\/igualdad.umh.es\/ca\/2026\/04\/21\/valencia-la-xarxa-vives-publica-una-guia-estrategica-per-integrar-la-dimensio-de-genere-interseccional\/","title":{"rendered":"La Xarxa Vives publica una guia estrat\u00e9gica per integrar la dimensi\u00f3 de g\u00e9nere interseccional"},"content":{"rendered":"<p><img loading=\"lazy\" class=\"alignleft\" src=\"https:\/\/cdn.vives.org\/var\/www\/html\/vives.org\/wp-content\/blogs.dir\/11\/files\/2026\/04\/16115434\/94d1f4bb-2d1e-4cf0-c879-c4d010115479.jpg\" width=\"354\" height=\"207\">La&nbsp;<a href=\"http:\/\/www.vives.org\/\"><strong>Xarxa Vives d\u2019Universitats<\/strong><\/a>&nbsp;ha publicat el document&nbsp;<a href=\"https:\/\/publicacions.vives.org\/items\/show\/162\"><strong><em>Marc estrat\u00e8gic per a la integraci\u00f3 de la dimensi\u00f3 de g\u00e8nere interseccional en la investigaci\u00f3 i la transfer\u00e8ncia<\/em><\/strong><\/a>, que ha impulsat el&nbsp;<strong>Grup de Treball d\u2019Igualtat de G\u00e8nere<\/strong>&nbsp;integrat per les unitats d\u2019igualtat de les 21 universitats membres. Es tracta d\u2019una&nbsp;<strong>guia pr\u00e0ctica i d\u2019aplicaci\u00f3 multidisciplin\u00e0ria<\/strong>, amb eines i criteris metodol\u00f2gics, concebuda per&nbsp;<strong>orientar els equips de recerca<\/strong>&nbsp;(universitats i d\u2019altres) en la&nbsp;<strong>incorporaci\u00f3 sistem\u00e0tica de la perspectiva de g\u00e8nere interseccional<\/strong>&nbsp;al llarg de tot el cicle cient\u00edfic, com a requisit de qualitat cient\u00edfica, responsabilitat institucional i alineament amb els marcs europeus vigents.<\/p>\n<p>L\u2019actual convocat\u00f2ria&nbsp;<strong>Horitz\u00f3 Europa (2021-2027)<\/strong>&nbsp;situa la igualtat de g\u00e8nere en la recerca i la innovaci\u00f3 com una&nbsp;<strong>prioritat transversal<\/strong>, ja que incorpora la dimensi\u00f3 de g\u00e8nere en el contingut de la investigaci\u00f3 com un requisit per defecte, que ser\u00e0 avaluable com a&nbsp;<strong>criteri d\u2019excel\u00b7l\u00e8ncia<\/strong>.<\/p>\n<p>Des de la&nbsp;<strong>convicci\u00f3 en la capacitat transformadora<\/strong>&nbsp;de la millor ci\u00e8ncia per a avan\u00e7ar cap a una&nbsp;<strong>societat m\u00e9s igualit\u00e0ria i inclusiva<\/strong>, aquest&nbsp;<em>Marc estrat\u00e8gic&nbsp;<\/em>aporta un full de ruta clarificador en un context en el qual la informaci\u00f3 i els recursos, tamb\u00e9 sobre g\u00e8nere i interseccionalitat, \u00e9s quasi inabastable.<\/p>\n<p><strong>M\u00e9s enll\u00e0 de la paritat: innovaci\u00f3 de g\u00e8nere i just\u00edcia de la dada<\/strong><\/p>\n<p>La guia insisteix que la incorporaci\u00f3 de&nbsp;<strong>la dimensi\u00f3 de g\u00e8nere&nbsp;<\/strong>no es limita a la<strong>&nbsp;composici\u00f3 equilibrada dels equips<\/strong>, sin\u00f3 que implica integrar de manera sistem\u00e0tica&nbsp;<strong>l\u2019an\u00e0lisi del sexe i el g\u00e8nere<\/strong>&nbsp;en els continguts, les metodologies i les fases de la recerca. En aquest sentit, adopta un&nbsp;<strong>enfocament interseccional<\/strong>&nbsp;que reconeix la interacci\u00f3 del g\u00e8nere amb altres&nbsp;<strong>eixos de desigualtat<\/strong>, com s\u00f3n la posici\u00f3 socioecon\u00f2mica, l\u2019\u00e8tnia, l\u2019edat, la discapacitat o l\u2019orientaci\u00f3 sexual.<\/p>\n<p>El document desenvolupa conceptes clau com la&nbsp;<strong>innovaci\u00f3 de g\u00e8nere<\/strong>, entesa com l\u2019\u00fas de l\u2019an\u00e0lisi de g\u00e8nere com a eina per millorar l\u2019excel\u00b7l\u00e8ncia cient\u00edfica i generar solucions tecnol\u00f2giques m\u00e9s inclusives. Tamb\u00e9 aborda la&nbsp;<strong>just\u00edcia de la dada<\/strong>, amb l\u2019objectiu de promoure pr\u00e0ctiques que eviten biaixos en la recollida, gesti\u00f3 i explotaci\u00f3 de dades, i que impedeixen la&nbsp;<strong>reproducci\u00f3 de desigualtats<\/strong>&nbsp;estructurals en entorns digitals i algor\u00edsmics.<\/p>\n<p><strong>Un full de ruta aplicable a totes les fases de la investigaci\u00f3<\/strong><\/p>\n<p>El manual&nbsp;<strong>s\u2019estructura en dos blocs<\/strong>&nbsp;complementaris. El primer aborda&nbsp;<strong>fonaments conceptuals i metodol\u00f2gics<\/strong>, com la distinci\u00f3 entre sexe i g\u00e8nere, i analitza els&nbsp;<strong>biaixos androc\u00e8ntrics<\/strong>&nbsp;presents en diferents \u00e0mbits de la producci\u00f3 cient\u00edfica. El segon bloc proposa&nbsp;<strong>orientacions operatives<\/strong>&nbsp;per integrar la perspectiva de g\u00e8nere en les principals&nbsp;<strong>fases d\u2019un projecte de recerca<\/strong>:<\/p>\n<ul>\n<li><strong>Disseny de la proposta<\/strong>: revisi\u00f3 de marcs te\u00f2rics, formulaci\u00f3 d\u2019hip\u00f2tesis i definici\u00f3 de prioritats lliures de biaixos androc\u00e8ntrics.<\/li>\n<li><strong>Disseny de la investigaci\u00f3<\/strong>: construcci\u00f3 d\u2019instruments de recollida de dades inclusius, selecci\u00f3 de mostres representatives i aplicaci\u00f3 d\u2019enfocaments anal\u00edtics que incorporen la interseccionalitat.<\/li>\n<li><strong>Transfer\u00e8ncia i comunicaci\u00f3<\/strong>: pautes per a la difusi\u00f3 de resultats amb llenguatge inclusiu, criteris de just\u00edcia citacional i reconeixement equitatiu de les contribucions cient\u00edfiques.<\/li>\n<\/ul>\n<p>La guia tamb\u00e9 incorpora una&nbsp;<strong>guia d\u2019autoavaluaci\u00f3<\/strong>&nbsp;que permet al personal investigador identificar el grau d\u2019integraci\u00f3 de la perspectiva de g\u00e8nere en els seus projectes, des de plantejaments \u201ccecs al g\u00e8nere\u201d fins a enfocaments transformadors.<\/p>\n<p>La publicaci\u00f3 forma part de&nbsp;<strong>l\u2019estrat\u00e8gia de la Xarxa Vives per incorporar la perspectiva de g\u00e8nere en la doc\u00e8ncia i recerca<\/strong>&nbsp;universit\u00e0ries. Aquesta estrat\u00e8gia es va iniciar el 2017 amb la col\u00b7lecci\u00f3&nbsp;<a href=\"https:\/\/publicacions.vives.org\/collections\/show\/3\"><strong><em>Guies per a una doc\u00e8ncia amb perspectiva de g\u00e8nere<\/em><\/strong><\/a><em>,<\/em>&nbsp;que ofereix recursos per a m\u00e9s de 30 disciplines i ha estat reconeguda per l\u2019Institut Europeu per la Igualtat de G\u00e8nere i recollida a la&nbsp;<em>Horizon Europe Guidance on Gender Equality Plans<\/em>&nbsp;de la Comissi\u00f3 Europea. Amb la nova publicaci\u00f3, s\u2019amplia l\u2019estrat\u00e8gia a l\u2019\u00e0mbit de la recerca i&nbsp;<strong>refor\u00e7a el comprom\u00eds&nbsp;<\/strong>de la Xarxa amb&nbsp;<strong>la igualtat i la qualitat cient\u00edfica<\/strong>.<\/p>\n<p>El document est\u00e0&nbsp;<strong>disponible en acc\u00e9s obert<\/strong>&nbsp;i es pot&nbsp;<strong><a href=\"https:\/\/publicacions.vives.org\/items\/show\/162\">descarregar gratu\u00eftament<\/a>,&nbsp;<\/strong>pr\u00f2ximament tamb\u00e9 en angl\u00e9s, a trav\u00e9s del portal de publicacions de la Xarxa Vives d\u2019Universitats:&nbsp;<a href=\"https:\/\/publicacions.vives.org\/\"><strong>publicacions.vives.org<\/strong><\/a>. Ha estat coordinada pel&nbsp;<strong>Grup de Treball d\u2019Igualtat de G\u00e8nere<\/strong>&nbsp;i elaborada per&nbsp;<strong>Mar\u00eda Jos\u00e9 Rodr\u00edguez-Jaume i Diana M. Gil-Gonz\u00e1lez<\/strong>, investigadores de la Universitat d\u2019Alacant. Forma part de la col\u00b7lecci\u00f3&nbsp;<a href=\"https:\/\/publicacions.vives.org\/collections\/show\/4\"><strong>Pol\u00edtica Universit\u00e0ria<\/strong><\/a>, que publica estudis, informes i guies que contribueixen a orientar l\u2019evoluci\u00f3 i la governan\u00e7a del sistema universitari des d\u2019una perspectiva estrat\u00e8gica.<\/p>\n<div class='bookmarkify'><a name='bookmarkify'><\/a><link rel='stylesheet' type='text\/css' href='https:\/\/igualdad.umh.es\/wp-content\/plugins\/bookmarkify\/more.css' \/><div class='bookmarkifyMoreWindow' id='bookmarkifyMore1' style='display:none;position:absolute;'><div class='bookmarkifyMoreWindowHeader'><a rel='nofollow' href='https:\/\/igualdad.umh.es\/ca\/2026\/04\/21\/valencia-la-xarxa-vives-publica-una-guia-estrategica-per-integrar-la-dimensio-de-genere-interseccional\/#bookmarkify' onclick='document.getElementById(\"bookmarkifyMore1\").style.display=\"none\"; return false;'>Close<span class='bookmarkifyCloseIcon' style='background-image: url(https:\/\/igualdad.umh.es\/wp-content\/plugins\/bookmarkify\/imagecol.png); background-position:0px -1037px;'>&nbsp;<\/span><\/a>Bookmark and Share This Page <\/div><div class='bookmarkifySaveToBrowser'><a rel='nofollow' href='https:\/\/igualdad.umh.es\/ca\/2026\/04\/21\/valencia-la-xarxa-vives-publica-una-guia-estrategica-per-integrar-la-dimensio-de-genere-interseccional\/#bookmarkify' onclick='javascript:if(document.all){window.external.AddFavorite(\"https:\/\/igualdad.umh.es\/ca\/2026\/04\/21\/valencia-la-xarxa-vives-publica-una-guia-estrategica-per-integrar-la-dimensio-de-genere-interseccional\/\", \"La Xarxa Vives publica una guia estrat\u00e9gica per integrar la dimensi\u00f3 de g\u00e9nere interseccional\");} else if(window.sidebar){window.sidebar.addPanel(\"La Xarxa Vives publica una guia estrat\u00e9gica per integrar la dimensi\u00f3 de g\u00e9nere interseccional\", \"https:\/\/igualdad.umh.es\/ca\/2026\/04\/21\/valencia-la-xarxa-vives-publica-una-guia-estrategica-per-integrar-la-dimensio-de-genere-interseccional\/\", \"\");}return false;' style='background-image: url(https:\/\/igualdad.umh.es\/wp-content\/plugins\/bookmarkify\/imagecol.png); background-position:0px -986px;'>Save to Browser Favorites \/ Bookmarks<\/a><\/div><div class='bookmarkifySiteLinks'><table cellspacing='3'><tr><td><div class='bookmarkifySiteLink'><a onclick='target=\"_blank\";' href='http:\/\/myjeeves.ask.com\/mysearch\/BookmarkIt?v=1.2&amp;t=webpages&amp;url=https:\/\/igualdad.umh.es\/ca\/2026\/04\/21\/valencia-la-xarxa-vives-publica-una-guia-estrategica-per-integrar-la-dimensio-de-genere-interseccional\/&amp;title=La Xarxa Vives publica una guia estrat\u00e9gica per integrar la dimensi\u00f3 de g\u00e9nere interseccional' title='Save to Ask' rel='nofollow' style='background-image: url(https:\/\/igualdad.umh.es\/wp-content\/plugins\/bookmarkify\/imagecol.png); background-position:0px -0px'>Ask<\/a><\/div><div class='bookmarkifySiteLink'><a onclick='target=\"_blank\";' href='http:\/\/www.backflip.com\/add_page_pop.ihtml?url=https:\/\/igualdad.umh.es\/ca\/2026\/04\/21\/valencia-la-xarxa-vives-publica-una-guia-estrategica-per-integrar-la-dimensio-de-genere-interseccional\/&amp;title=La Xarxa Vives publica una guia estrat\u00e9gica per integrar la dimensi\u00f3 de g\u00e9nere interseccional' title='Save to backflip' rel='nofollow' style='background-image: url(https:\/\/igualdad.umh.es\/wp-content\/plugins\/bookmarkify\/imagecol.png); background-position:0px -17px'>backflip<\/a><\/div><div class='bookmarkifySiteLink'><a onclick='target=\"_blank\";' href='http:\/\/blinklist.com\/index.php?Action=Blink\/addblink.php&amp;Url=https:\/\/igualdad.umh.es\/ca\/2026\/04\/21\/valencia-la-xarxa-vives-publica-una-guia-estrategica-per-integrar-la-dimensio-de-genere-interseccional\/&amp;Title=La Xarxa Vives publica una guia estrat\u00e9gica per integrar la dimensi\u00f3 de g\u00e9nere interseccional' title='Save to blinklist' rel='nofollow' style='background-image: url(https:\/\/igualdad.umh.es\/wp-content\/plugins\/bookmarkify\/imagecol.png); background-position:0px -34px'>blinklist<\/a><\/div><div class='bookmarkifySiteLink'><a onclick='target=\"_blank\";' href='http:\/\/www.blogbookmark.com\/submit.php?url=https:\/\/igualdad.umh.es\/ca\/2026\/04\/21\/valencia-la-xarxa-vives-publica-una-guia-estrategica-per-integrar-la-dimensio-de-genere-interseccional\/' title='Save to BlogBookmark' rel='nofollow' style='background-image: url(https:\/\/igualdad.umh.es\/wp-content\/plugins\/bookmarkify\/imagecol.png); background-position:0px -51px'>BlogBookmark<\/a><\/div><div class='bookmarkifySiteLink'><a onclick='target=\"_blank\";' href='http:\/\/www.bloglines.com\/sub\/https:\/\/igualdad.umh.es\/ca\/2026\/04\/21\/valencia-la-xarxa-vives-publica-una-guia-estrategica-per-integrar-la-dimensio-de-genere-interseccional\/' title='Save to Bloglines' rel='nofollow' style='background-image: url(https:\/\/igualdad.umh.es\/wp-content\/plugins\/bookmarkify\/imagecol.png); background-position:0px -68px'>Bloglines<\/a><\/div><div class='bookmarkifySiteLink'><a onclick='target=\"_blank\";' href='http:\/\/blogmarks.net\/my\/new.php?mini=1&amp;simple=1&amp;url=https:\/\/igualdad.umh.es\/ca\/2026\/04\/21\/valencia-la-xarxa-vives-publica-una-guia-estrategica-per-integrar-la-dimensio-de-genere-interseccional\/&amp;title=La Xarxa Vives publica una guia estrat\u00e9gica per integrar la dimensi\u00f3 de g\u00e9nere interseccional' title='Save to BlogMarks' rel='nofollow' style='background-image: url(https:\/\/igualdad.umh.es\/wp-content\/plugins\/bookmarkify\/imagecol.png); background-position:0px -85px'>BlogMarks<\/a><\/div><div class='bookmarkifySiteLink'><a onclick='target=\"_blank\";' href='http:\/\/www.blogsvine.com\/submit.php?url=https:\/\/igualdad.umh.es\/ca\/2026\/04\/21\/valencia-la-xarxa-vives-publica-una-guia-estrategica-per-integrar-la-dimensio-de-genere-interseccional\/' title='Save to Blogsvine' rel='nofollow' style='background-image: url(https:\/\/igualdad.umh.es\/wp-content\/plugins\/bookmarkify\/imagecol.png); background-position:0px -102px'>Blogsvine<\/a><\/div><div class='bookmarkifySiteLink'><a onclick='target=\"_blank\";' href='http:\/\/www.buddymarks.com\/add_bookmark.php?bookmark_title=La Xarxa Vives publica una guia estrat\u00e9gica per integrar la dimensi\u00f3 de g\u00e9nere interseccional&amp;bookmark_url=https:\/\/igualdad.umh.es\/ca\/2026\/04\/21\/valencia-la-xarxa-vives-publica-una-guia-estrategica-per-integrar-la-dimensio-de-genere-interseccional\/' title='BuddyMark It' rel='nofollow' style='background-image: url(https:\/\/igualdad.umh.es\/wp-content\/plugins\/bookmarkify\/imagecol.png); background-position:0px -119px'>BuddyMarks<\/a><\/div><div class='bookmarkifySiteLink'><a onclick='target=\"_blank\";' href='http:\/\/www.bumpzee.com\/bump.php?u=https:\/\/igualdad.umh.es\/ca\/2026\/04\/21\/valencia-la-xarxa-vives-publica-una-guia-estrategica-per-integrar-la-dimensio-de-genere-interseccional\/' title='Save to BUMPzee!' rel='nofollow' style='background-image: url(https:\/\/igualdad.umh.es\/wp-content\/plugins\/bookmarkify\/imagecol.png); background-position:0px -136px'>BUMPzee!<\/a><\/div><div class='bookmarkifySiteLink'><a onclick='target=\"_blank\";' href='http:\/\/www.citeulike.org\/posturl?url=https:\/\/igualdad.umh.es\/ca\/2026\/04\/21\/valencia-la-xarxa-vives-publica-una-guia-estrategica-per-integrar-la-dimensio-de-genere-interseccional\/&amp;title=La Xarxa Vives publica una guia estrat\u00e9gica per integrar la dimensi\u00f3 de g\u00e9nere interseccional' title='Save to CiteULike' rel='nofollow' style='background-image: url(https:\/\/igualdad.umh.es\/wp-content\/plugins\/bookmarkify\/imagecol.png); background-position:0px -153px'>CiteULike<\/a><\/div><div class='bookmarkifySiteLink'><a onclick='target=\"_blank\";' href='http:\/\/www.connotea.org\/addpopup?continue=confirm&amp;uri=https:\/\/igualdad.umh.es\/ca\/2026\/04\/21\/valencia-la-xarxa-vives-publica-una-guia-estrategica-per-integrar-la-dimensio-de-genere-interseccional\/&amp;title=La Xarxa Vives publica una guia estrat\u00e9gica per integrar la dimensi\u00f3 de g\u00e9nere interseccional' title='Save to Connotea' rel='nofollow' style='background-image: url(https:\/\/igualdad.umh.es\/wp-content\/plugins\/bookmarkify\/imagecol.png); background-position:0px -187px'>Connotea<\/a><\/div><div class='bookmarkifySiteLink'><a onclick='target=\"_blank\";' href='http:\/\/del.icio.us\/post?url=https:\/\/igualdad.umh.es\/ca\/2026\/04\/21\/valencia-la-xarxa-vives-publica-una-guia-estrategica-per-integrar-la-dimensio-de-genere-interseccional\/&amp;title=La Xarxa Vives publica una guia estrat\u00e9gica per integrar la dimensi\u00f3 de g\u00e9nere interseccional' title='Save to del.icio.us' rel='nofollow' style='background-image: url(https:\/\/igualdad.umh.es\/wp-content\/plugins\/bookmarkify\/imagecol.png); background-position:0px -204px'>del.icio.us<\/a><\/div><\/td><td><div class='bookmarkifySiteLink'><a onclick='target=\"_blank\";' href='http:\/\/digg.com\/submit?phase=2&amp;url=https:\/\/igualdad.umh.es\/ca\/2026\/04\/21\/valencia-la-xarxa-vives-publica-una-guia-estrategica-per-integrar-la-dimensio-de-genere-interseccional\/&amp;title=La Xarxa Vives publica una guia estrat\u00e9gica per integrar la dimensi\u00f3 de g\u00e9nere interseccional' title='Digg It!' rel='nofollow' style='background-image: url(https:\/\/igualdad.umh.es\/wp-content\/plugins\/bookmarkify\/imagecol.png); background-position:0px -221px'>Digg<\/a><\/div><div class='bookmarkifySiteLink'><a onclick='target=\"_blank\";' href='http:\/\/www.diigo.com\/post?url=https:\/\/igualdad.umh.es\/ca\/2026\/04\/21\/valencia-la-xarxa-vives-publica-una-guia-estrategica-per-integrar-la-dimensio-de-genere-interseccional\/&amp;title=La Xarxa Vives publica una guia estrat\u00e9gica per integrar la dimensi\u00f3 de g\u00e9nere interseccional' title='Save to diigo' rel='nofollow' style='background-image: url(https:\/\/igualdad.umh.es\/wp-content\/plugins\/bookmarkify\/imagecol.png); background-position:0px -238px'>diigo<\/a><\/div><div class='bookmarkifySiteLink'><a onclick='target=\"_blank\";' href='http:\/\/www.dotnetkicks.com\/kick\/?url=https:\/\/igualdad.umh.es\/ca\/2026\/04\/21\/valencia-la-xarxa-vives-publica-una-guia-estrategica-per-integrar-la-dimensio-de-genere-interseccional\/&amp;title=La Xarxa Vives publica una guia estrat\u00e9gica per integrar la dimensi\u00f3 de g\u00e9nere interseccional' title='Save to DotNetKicks' rel='nofollow' style='background-image: url(https:\/\/igualdad.umh.es\/wp-content\/plugins\/bookmarkify\/imagecol.png); background-position:0px -255px'>DotNetKicks<\/a><\/div><div class='bookmarkifySiteLink'><a onclick='target=\"_blank\";' href='http:\/\/www.dropjack.com\/submit.php?url=https:\/\/igualdad.umh.es\/ca\/2026\/04\/21\/valencia-la-xarxa-vives-publica-una-guia-estrategica-per-integrar-la-dimensio-de-genere-interseccional\/' title='Save to DropJack' rel='nofollow' style='background-image: url(https:\/\/igualdad.umh.es\/wp-content\/plugins\/bookmarkify\/imagecol.png); background-position:0px -272px'>DropJack<\/a><\/div><div class='bookmarkifySiteLink'><a onclick='target=\"_blank\";' href='http:\/\/www.dzone.com\/links\/add.html?description=La Xarxa Vives publica una guia estrat\u00e9gica per integrar la dimensi\u00f3 de g\u00e9nere interseccional&amp;url=https:\/\/igualdad.umh.es\/ca\/2026\/04\/21\/valencia-la-xarxa-vives-publica-una-guia-estrategica-per-integrar-la-dimensio-de-genere-interseccional\/&amp;title=La Xarxa Vives publica una guia estrat\u00e9gica per integrar la dimensi\u00f3 de g\u00e9nere interseccional' title='Save to dzone' rel='nofollow' style='background-image: url(https:\/\/igualdad.umh.es\/wp-content\/plugins\/bookmarkify\/imagecol.png); background-position:0px -289px'>dzone<\/a><\/div><div class='bookmarkifySiteLink'><a onclick='target=\"_blank\";' href='http:\/\/www.facebook.com\/share.php?u=https:\/\/igualdad.umh.es\/ca\/2026\/04\/21\/valencia-la-xarxa-vives-publica-una-guia-estrategica-per-integrar-la-dimensio-de-genere-interseccional\/' title='Save to Facebook' rel='nofollow' style='background-image: url(https:\/\/igualdad.umh.es\/wp-content\/plugins\/bookmarkify\/imagecol.png); background-position:0px -306px'>Facebook<\/a><\/div><div class='bookmarkifySiteLink'><a onclick='target=\"_blank\";' href='http:\/\/cgi.fark.com\/cgi\/fark\/farkit.pl?u=https:\/\/igualdad.umh.es\/ca\/2026\/04\/21\/valencia-la-xarxa-vives-publica-una-guia-estrategica-per-integrar-la-dimensio-de-genere-interseccional\/&amp;h=La Xarxa Vives publica una guia estrat\u00e9gica per integrar la dimensi\u00f3 de g\u00e9nere interseccional' title='FarkIt!' rel='nofollow' style='background-image: url(https:\/\/igualdad.umh.es\/wp-content\/plugins\/bookmarkify\/imagecol.png); background-position:0px -323px'>Fark<\/a><\/div><div class='bookmarkifySiteLink'><a onclick='target=\"_blank\";' href='http:\/\/faves.com\/Authoring.aspx?u=https:\/\/igualdad.umh.es\/ca\/2026\/04\/21\/valencia-la-xarxa-vives-publica-una-guia-estrategica-per-integrar-la-dimensio-de-genere-interseccional\/&amp;t=La Xarxa Vives publica una guia estrat\u00e9gica per integrar la dimensi\u00f3 de g\u00e9nere interseccional' title='Save to Faves' rel='nofollow' style='background-image: url(https:\/\/igualdad.umh.es\/wp-content\/plugins\/bookmarkify\/imagecol.png); background-position:0px -340px'>Faves<\/a><\/div><div class='bookmarkifySiteLink'><a onclick='target=\"_blank\";' href='http:\/\/friendsite.com\/users\/bookmark\/?u=https:\/\/igualdad.umh.es\/ca\/2026\/04\/21\/valencia-la-xarxa-vives-publica-una-guia-estrategica-per-integrar-la-dimensio-de-genere-interseccional\/&amp;t=La Xarxa Vives publica una guia estrat\u00e9gica per integrar la dimensi\u00f3 de g\u00e9nere interseccional' title='Save to Friendsite' rel='nofollow' style='background-image: url(https:\/\/igualdad.umh.es\/wp-content\/plugins\/bookmarkify\/imagecol.png); background-position:0px -391px'>Friendsite<\/a><\/div><div class='bookmarkifySiteLink'><a onclick='target=\"_blank\";' href='http:\/\/www.folkd.com\/submit\/https:\/\/igualdad.umh.es\/ca\/2026\/04\/21\/valencia-la-xarxa-vives-publica-una-guia-estrategica-per-integrar-la-dimensio-de-genere-interseccional\/' title='Save to folkd.com' rel='nofollow' style='background-image: url(https:\/\/igualdad.umh.es\/wp-content\/plugins\/bookmarkify\/imagecol.png); background-position:0px -374px'>folkd.com<\/a><\/div><div class='bookmarkifySiteLink'><a onclick='target=\"_blank\";' href='http:\/\/www.furl.net\/storeIt.jsp?u=https:\/\/igualdad.umh.es\/ca\/2026\/04\/21\/valencia-la-xarxa-vives-publica-una-guia-estrategica-per-integrar-la-dimensio-de-genere-interseccional\/&amp;t=La Xarxa Vives publica una guia estrat\u00e9gica per integrar la dimensi\u00f3 de g\u00e9nere interseccional' title='Save to Furl' rel='nofollow' style='background-image: url(https:\/\/igualdad.umh.es\/wp-content\/plugins\/bookmarkify\/imagecol.png); background-position:0px -408px'>Furl<\/a><\/div><div class='bookmarkifySiteLink'><a onclick='target=\"_blank\";' href='http:\/\/www.google.com\/bookmarks\/mark?op=edit&amp;output=popup&amp;bkmk=https:\/\/igualdad.umh.es\/ca\/2026\/04\/21\/valencia-la-xarxa-vives-publica-una-guia-estrategica-per-integrar-la-dimensio-de-genere-interseccional\/&amp;title=La Xarxa Vives publica una guia estrat\u00e9gica per integrar la dimensi\u00f3 de g\u00e9nere interseccional' title='Save to Google Bookmarks' rel='nofollow' style='background-image: url(https:\/\/igualdad.umh.es\/wp-content\/plugins\/bookmarkify\/imagecol.png); background-position:0px -425px'>Google<\/a><\/div><\/td><td><div class='bookmarkifySiteLink'><a onclick='target=\"_blank\";' href='http:\/\/www.jamespot.com\/?action=spotit&url=https:\/\/igualdad.umh.es\/ca\/2026\/04\/21\/valencia-la-xarxa-vives-publica-una-guia-estrategica-per-integrar-la-dimensio-de-genere-interseccional\/' title='Spot It!' rel='nofollow' style='background-image: url(https:\/\/igualdad.umh.es\/wp-content\/plugins\/bookmarkify\/imagecol.png); background-position:0px -1122px'>Jamespot<\/a><\/div><div class='bookmarkifySiteLink'><a onclick='target=\"_blank\";' href='http:\/\/www.jeqq.com\/submit.php?url==https:\/\/igualdad.umh.es\/ca\/2026\/04\/21\/valencia-la-xarxa-vives-publica-una-guia-estrategica-per-integrar-la-dimensio-de-genere-interseccional\/&amp;title=La Xarxa Vives publica una guia estrat\u00e9gica per integrar la dimensi\u00f3 de g\u00e9nere interseccional' title='Save to Jeqq' rel='nofollow' style='background-image: url(https:\/\/igualdad.umh.es\/wp-content\/plugins\/bookmarkify\/imagecol.png); background-position:0px -459px'>Jeqq<\/a><\/div><div class='bookmarkifySiteLink'><a onclick='target=\"_blank\";' href='http:\/\/www.kaboodle.com\/za\/selectpage?p_pop=false&amp;pa=url&amp;u=https:\/\/igualdad.umh.es\/ca\/2026\/04\/21\/valencia-la-xarxa-vives-publica-una-guia-estrategica-per-integrar-la-dimensio-de-genere-interseccional\/' title='Save to Kaboodle' rel='nofollow' style='background-image: url(https:\/\/igualdad.umh.es\/wp-content\/plugins\/bookmarkify\/imagecol.png); background-position:0px -476px'>Kaboodle<\/a><\/div><div class='bookmarkifySiteLink'><a onclick='target=\"_blank\";' href='http:\/\/www.kirtsy.com\/submit.php?url=https:\/\/igualdad.umh.es\/ca\/2026\/04\/21\/valencia-la-xarxa-vives-publica-una-guia-estrategica-per-integrar-la-dimensio-de-genere-interseccional\/' title='Save to kirtsy' rel='nofollow' style='background-image: url(https:\/\/igualdad.umh.es\/wp-content\/plugins\/bookmarkify\/imagecol.png); background-position:0px -493px'>kirtsy<\/a><\/div><div class='bookmarkifySiteLink'><a onclick='target=\"_blank\";' href='http:\/\/www.linkagogo.com\/go\/AddNoPopup?url=https:\/\/igualdad.umh.es\/ca\/2026\/04\/21\/valencia-la-xarxa-vives-publica-una-guia-estrategica-per-integrar-la-dimensio-de-genere-interseccional\/&amp;title=La Xarxa Vives publica una guia estrat\u00e9gica per integrar la dimensi\u00f3 de g\u00e9nere interseccional' title='Save to linkaGoGo' rel='nofollow' style='background-image: url(https:\/\/igualdad.umh.es\/wp-content\/plugins\/bookmarkify\/imagecol.png); background-position:0px -510px'>linkaGoGo<\/a><\/div><div class='bookmarkifySiteLink'><a onclick='target=\"_blank\";' href='http:\/\/www.linkedin.com\/shareArticle?mini=true&url=https:\/\/igualdad.umh.es\/ca\/2026\/04\/21\/valencia-la-xarxa-vives-publica-una-guia-estrategica-per-integrar-la-dimensio-de-genere-interseccional\/&title=La Xarxa Vives publica una guia estrat\u00e9gica per integrar la dimensi\u00f3 de g\u00e9nere interseccional' title='Share on LinkedIn' rel='nofollow' style='background-image: url(https:\/\/igualdad.umh.es\/wp-content\/plugins\/bookmarkify\/imagecol.png); background-position:0px -1155px'>LinkedIn<\/a><\/div><div class='bookmarkifySiteLink'><a onclick='target=\"_blank\";' href='http:\/\/ma.gnolia.com\/bookmarklet\/add?url=https:\/\/igualdad.umh.es\/ca\/2026\/04\/21\/valencia-la-xarxa-vives-publica-una-guia-estrategica-per-integrar-la-dimensio-de-genere-interseccional\/&amp;title=La Xarxa Vives publica una guia estrat\u00e9gica per integrar la dimensi\u00f3 de g\u00e9nere interseccional' title='Save to Ma.gnolia' rel='nofollow' style='background-image: url(https:\/\/igualdad.umh.es\/wp-content\/plugins\/bookmarkify\/imagecol.png); background-position:0px -544px'>Ma.gnolia<\/a><\/div><div class='bookmarkifySiteLink'><a onclick='target=\"_blank\";' href='http:\/\/www.mister-wong.com\/index.php?action=addurl&amp;bm_url=https:\/\/igualdad.umh.es\/ca\/2026\/04\/21\/valencia-la-xarxa-vives-publica-una-guia-estrategica-per-integrar-la-dimensio-de-genere-interseccional\/&amp;bm_description=La Xarxa Vives publica una guia estrat\u00e9gica per integrar la dimensi\u00f3 de g\u00e9nere interseccional' title='Save to Mister Wong' rel='nofollow' style='background-image: url(https:\/\/igualdad.umh.es\/wp-content\/plugins\/bookmarkify\/imagecol.png); background-position:0px -561px'>Mister Wong<\/a><\/div><div class='bookmarkifySiteLink'><a onclick='target=\"_blank\";' href='http:\/\/www.mixx.com\/submit?page_url=https:\/\/igualdad.umh.es\/ca\/2026\/04\/21\/valencia-la-xarxa-vives-publica-una-guia-estrategica-per-integrar-la-dimensio-de-genere-interseccional\/' title='Save to Mixx' rel='nofollow' style='background-image: url(https:\/\/igualdad.umh.es\/wp-content\/plugins\/bookmarkify\/imagecol.png); background-position:0px -578px'>Mixx<\/a><\/div><div class='bookmarkifySiteLink'><a onclick='target=\"_blank\";' href='http:\/\/www.myspace.com\/Modules\/PostTo\/Pages\/?c=https:\/\/igualdad.umh.es\/ca\/2026\/04\/21\/valencia-la-xarxa-vives-publica-una-guia-estrategica-per-integrar-la-dimensio-de-genere-interseccional\/&amp;t=La Xarxa Vives publica una guia estrat\u00e9gica per integrar la dimensi\u00f3 de g\u00e9nere interseccional' title='Save to MySpace' rel='nofollow' style='background-image: url(https:\/\/igualdad.umh.es\/wp-content\/plugins\/bookmarkify\/imagecol.png); background-position:0px -595px'>MySpace<\/a><\/div><div class='bookmarkifySiteLink'><a onclick='target=\"_blank\";' href='http:\/\/www.netvouz.com\/action\/submitBookmark?url=https:\/\/igualdad.umh.es\/ca\/2026\/04\/21\/valencia-la-xarxa-vives-publica-una-guia-estrategica-per-integrar-la-dimensio-de-genere-interseccional\/&amp;title=La Xarxa Vives publica una guia estrat\u00e9gica per integrar la dimensi\u00f3 de g\u00e9nere interseccional&amp;popup=no' title='Save to Netvouz' rel='nofollow' style='background-image: url(https:\/\/igualdad.umh.es\/wp-content\/plugins\/bookmarkify\/imagecol.png); background-position:0px -629px'>Netvouz<\/a><\/div><div class='bookmarkifySiteLink'><a onclick='target=\"_blank\";' href='http:\/\/www.newsvine.com\/_tools\/seed?popoff=0&amp;u=https:\/\/igualdad.umh.es\/ca\/2026\/04\/21\/valencia-la-xarxa-vives-publica-una-guia-estrategica-per-integrar-la-dimensio-de-genere-interseccional\/' title='Seed Newsvine' rel='nofollow' style='background-image: url(https:\/\/igualdad.umh.es\/wp-content\/plugins\/bookmarkify\/imagecol.png); background-position:0px -646px'>Newsvine<\/a><\/div><\/td><td><div class='bookmarkifySiteLink'><a onclick='target=\"_blank\";' href='http:\/\/www.oneview.com\/quickadd\/neu\/addBookmark.jsf?URL=https:\/\/igualdad.umh.es\/ca\/2026\/04\/21\/valencia-la-xarxa-vives-publica-una-guia-estrategica-per-integrar-la-dimensio-de-genere-interseccional\/&amp;title=La Xarxa Vives publica una guia estrat\u00e9gica per integrar la dimensi\u00f3 de g\u00e9nere interseccional' title='Save to oneview' rel='nofollow' style='background-image: url(https:\/\/igualdad.umh.es\/wp-content\/plugins\/bookmarkify\/imagecol.png); background-position:0px -1054px'>oneview<\/a><\/div><div class='bookmarkifySiteLink'><a onclick='target=\"_blank\";' href='http:\/\/www.onlywire.com\/submit?u=https:\/\/igualdad.umh.es\/ca\/2026\/04\/21\/valencia-la-xarxa-vives-publica-una-guia-estrategica-per-integrar-la-dimensio-de-genere-interseccional\/&amp;t=La Xarxa Vives publica una guia estrat\u00e9gica per integrar la dimensi\u00f3 de g\u00e9nere interseccional' title='Save to OnlyWire' rel='nofollow' style='background-image: url(https:\/\/igualdad.umh.es\/wp-content\/plugins\/bookmarkify\/imagecol.png); background-position:0px -1071px'>OnlyWire<\/a><\/div><div class='bookmarkifySiteLink'><a onclick='target=\"_blank\";' href='http:\/\/www.plugim.com\/submit?url=https:\/\/igualdad.umh.es\/ca\/2026\/04\/21\/valencia-la-xarxa-vives-publica-una-guia-estrategica-per-integrar-la-dimensio-de-genere-interseccional\/&amp;title=La Xarxa Vives publica una guia estrat\u00e9gica per integrar la dimensi\u00f3 de g\u00e9nere interseccional' title='Promote on PlugIM' rel='nofollow' style='background-image: url(https:\/\/igualdad.umh.es\/wp-content\/plugins\/bookmarkify\/imagecol.png); background-position:0px -663px'>PlugIM<\/a><\/div><div class='bookmarkifySiteLink'><a onclick='target=\"_blank\";' href='http:\/\/www.propeller.com\/submit\/?U=https:\/\/igualdad.umh.es\/ca\/2026\/04\/21\/valencia-la-xarxa-vives-publica-una-guia-estrategica-per-integrar-la-dimensio-de-genere-interseccional\/&amp;T=La Xarxa Vives publica una guia estrat\u00e9gica per integrar la dimensi\u00f3 de g\u00e9nere interseccional' title='Submit to Propeller' rel='nofollow' style='background-image: url(https:\/\/igualdad.umh.es\/wp-content\/plugins\/bookmarkify\/imagecol.png); background-position:0px -697px'>Propeller<\/a><\/div><div class='bookmarkifySiteLink'><a onclick='target=\"_blank\";' href='http:\/\/reddit.com\/submit?url=https:\/\/igualdad.umh.es\/ca\/2026\/04\/21\/valencia-la-xarxa-vives-publica-una-guia-estrategica-per-integrar-la-dimensio-de-genere-interseccional\/&amp;title=La Xarxa Vives publica una guia estrat\u00e9gica per integrar la dimensi\u00f3 de g\u00e9nere interseccional' title='Reddit' rel='nofollow' style='background-image: url(https:\/\/igualdad.umh.es\/wp-content\/plugins\/bookmarkify\/imagecol.png); background-position:0px -714px'>Reddit<\/a><\/div><div class='bookmarkifySiteLink'><a onclick='target=\"_blank\";' href='http:\/\/segnalo.com\/post.html.php?url=https:\/\/igualdad.umh.es\/ca\/2026\/04\/21\/valencia-la-xarxa-vives-publica-una-guia-estrategica-per-integrar-la-dimensio-de-genere-interseccional\/&amp;title=La Xarxa Vives publica una guia estrat\u00e9gica per integrar la dimensi\u00f3 de g\u00e9nere interseccional' title='Save to Segnalo' rel='nofollow' style='background-image: url(https:\/\/igualdad.umh.es\/wp-content\/plugins\/bookmarkify\/imagecol.png); background-position:0px -748px'>Segnalo<\/a><\/div><div class='bookmarkifySiteLink'><a onclick='target=\"_blank\";' href='http:\/\/www.shoutwire.com\/?p=submit&amp;link=https:\/\/igualdad.umh.es\/ca\/2026\/04\/21\/valencia-la-xarxa-vives-publica-una-guia-estrategica-per-integrar-la-dimensio-de-genere-interseccional\/' title='Shout It!' rel='nofollow' style='background-image: url(https:\/\/igualdad.umh.es\/wp-content\/plugins\/bookmarkify\/imagecol.png); background-position:0px -765px'>Shoutwire<\/a><\/div><div class='bookmarkifySiteLink'><a onclick='target=\"_blank\";' href='http:\/\/www.simpy.com\/simpy\/LinkAdd.do?href=https:\/\/igualdad.umh.es\/ca\/2026\/04\/21\/valencia-la-xarxa-vives-publica-una-guia-estrategica-per-integrar-la-dimensio-de-genere-interseccional\/&amp;title=La Xarxa Vives publica una guia estrat\u00e9gica per integrar la dimensi\u00f3 de g\u00e9nere interseccional' title='Save to Simpy' rel='nofollow' style='background-image: url(https:\/\/igualdad.umh.es\/wp-content\/plugins\/bookmarkify\/imagecol.png); background-position:0px -782px'>Simpy<\/a><\/div><div class='bookmarkifySiteLink'><a onclick='target=\"_blank\";' href='http:\/\/slashdot.org\/bookmark.pl?url=https:\/\/igualdad.umh.es\/ca\/2026\/04\/21\/valencia-la-xarxa-vives-publica-una-guia-estrategica-per-integrar-la-dimensio-de-genere-interseccional\/&amp;title=La Xarxa Vives publica una guia estrat\u00e9gica per integrar la dimensi\u00f3 de g\u00e9nere interseccional' title='Slashdot It!' rel='nofollow' style='background-image: url(https:\/\/igualdad.umh.es\/wp-content\/plugins\/bookmarkify\/imagecol.png); background-position:0px -799px'>Slashdot<\/a><\/div><div class='bookmarkifySiteLink'><a onclick='target=\"_blank\";' href='http:\/\/www.surphace.com\/search?q=sphereit:https:\/\/igualdad.umh.es\/ca\/2026\/04\/21\/valencia-la-xarxa-vives-publica-una-guia-estrategica-per-integrar-la-dimensio-de-genere-interseccional\/&amp;title=La Xarxa Vives publica una guia estrat\u00e9gica per integrar la dimensi\u00f3 de g\u00e9nere interseccional' title='Save to Surphace' rel='nofollow' style='background-image: url(https:\/\/igualdad.umh.es\/wp-content\/plugins\/bookmarkify\/imagecol.png); background-position:0px -816px'>Surphace<\/a><\/div><div class='bookmarkifySiteLink'><a onclick='target=\"_blank\";' href='http:\/\/sphinn.com\/submit.php?url=https:\/\/igualdad.umh.es\/ca\/2026\/04\/21\/valencia-la-xarxa-vives-publica-una-guia-estrategica-per-integrar-la-dimensio-de-genere-interseccional\/&amp;title=La Xarxa Vives publica una guia estrat\u00e9gica per integrar la dimensi\u00f3 de g\u00e9nere interseccional' title='Sphinn' rel='nofollow' style='background-image: url(https:\/\/igualdad.umh.es\/wp-content\/plugins\/bookmarkify\/imagecol.png); background-position:0px -833px'>Sphinn<\/a><\/div><div class='bookmarkifySiteLink'><a onclick='target=\"_blank\";' href='http:\/\/www.spurl.net\/spurl.php?url=https:\/\/igualdad.umh.es\/ca\/2026\/04\/21\/valencia-la-xarxa-vives-publica-una-guia-estrategica-per-integrar-la-dimensio-de-genere-interseccional\/&amp;title=La Xarxa Vives publica una guia estrat\u00e9gica per integrar la dimensi\u00f3 de g\u00e9nere interseccional' title='Save to Spurl' rel='nofollow' style='background-image: url(https:\/\/igualdad.umh.es\/wp-content\/plugins\/bookmarkify\/imagecol.png); background-position:0px -850px'>Spurl<\/a><\/div><\/td><td><div class='bookmarkifySiteLink'><a onclick='target=\"_blank\";' href='http:\/\/www.squidoo.com\/lensmaster\/bookmark?https:\/\/igualdad.umh.es\/ca\/2026\/04\/21\/valencia-la-xarxa-vives-publica-una-guia-estrategica-per-integrar-la-dimensio-de-genere-interseccional\/' title='Save to Squidoo' rel='nofollow' style='background-image: url(https:\/\/igualdad.umh.es\/wp-content\/plugins\/bookmarkify\/imagecol.png); background-position:0px -867px'>Squidoo<\/a><\/div><div class='bookmarkifySiteLink'><a onclick='target=\"_blank\";' href='http:\/\/www.stumbleupon.com\/submit?url=https:\/\/igualdad.umh.es\/ca\/2026\/04\/21\/valencia-la-xarxa-vives-publica-una-guia-estrategica-per-integrar-la-dimensio-de-genere-interseccional\/&amp;title=La Xarxa Vives publica una guia estrat\u00e9gica per integrar la dimensi\u00f3 de g\u00e9nere interseccional' title='Stumble It!' rel='nofollow' style='background-image: url(https:\/\/igualdad.umh.es\/wp-content\/plugins\/bookmarkify\/imagecol.png); background-position:0px -884px'>StumbleUpon<\/a><\/div><div class='bookmarkifySiteLink'><a onclick='target=\"_blank\";' href='http:\/\/technorati.com\/faves?add=https:\/\/igualdad.umh.es\/ca\/2026\/04\/21\/valencia-la-xarxa-vives-publica-una-guia-estrategica-per-integrar-la-dimensio-de-genere-interseccional\/' title='Add to my Technorati Favorites' rel='nofollow' style='background-image: url(https:\/\/igualdad.umh.es\/wp-content\/plugins\/bookmarkify\/imagecol.png); background-position:0px -901px'>Technorati<\/a><\/div><div class='bookmarkifySiteLink'><a onclick='target=\"_blank\";' href='http:\/\/www.thisnext.com\/pick\/new\/submit\/sociable\/?url=https:\/\/igualdad.umh.es\/ca\/2026\/04\/21\/valencia-la-xarxa-vives-publica-una-guia-estrategica-per-integrar-la-dimensio-de-genere-interseccional\/&amp;name=La Xarxa Vives publica una guia estrat\u00e9gica per integrar la dimensi\u00f3 de g\u00e9nere interseccional' title='Save to ThisNext' rel='nofollow' style='background-image: url(https:\/\/igualdad.umh.es\/wp-content\/plugins\/bookmarkify\/imagecol.png); background-position:0px -918px'>ThisNext<\/a><\/div><div class='bookmarkifySiteLink'><a onclick='target=\"_blank\";' href='http:\/\/twitter.com\/home\/?status=La Xarxa Vives publica una guia estrat\u00e9gica per integrar la dimensi\u00f3 de g\u00e9nere interseccional+https:\/\/igualdad.umh.es\/ca\/2026\/04\/21\/valencia-la-xarxa-vives-publica-una-guia-estrategica-per-integrar-la-dimensio-de-genere-interseccional\/' title='Save to Twitter' rel='nofollow' style='background-image: url(https:\/\/igualdad.umh.es\/wp-content\/plugins\/bookmarkify\/imagecol.png); background-position:0px -1105px'>Twitter<\/a><\/div><div class='bookmarkifySiteLink'><a onclick='target=\"_blank\";' href='http:\/\/webride.org\/discuss\/split.php?uri=https:\/\/igualdad.umh.es\/ca\/2026\/04\/21\/valencia-la-xarxa-vives-publica-una-guia-estrategica-per-integrar-la-dimensio-de-genere-interseccional\/&amp;title=La Xarxa Vives publica una guia estrat\u00e9gica per integrar la dimensi\u00f3 de g\u00e9nere interseccional' title='Discuss on Webride' rel='nofollow' style='background-image: url(https:\/\/igualdad.umh.es\/wp-content\/plugins\/bookmarkify\/imagecol.png); background-position:0px -935px'>Webride<\/a><\/div><div class='bookmarkifySiteLink'><a onclick='target=\"_blank\";' href='https:\/\/favorites.live.com\/quickadd.aspx?mkt=en-us&amp;url=https:\/\/igualdad.umh.es\/ca\/2026\/04\/21\/valencia-la-xarxa-vives-publica-una-guia-estrategica-per-integrar-la-dimensio-de-genere-interseccional\/&amp;title=La Xarxa Vives publica una guia estrat\u00e9gica per integrar la dimensi\u00f3 de g\u00e9nere interseccional' title='Save to Windows Live' rel='nofollow' style='background-image: url(https:\/\/igualdad.umh.es\/wp-content\/plugins\/bookmarkify\/imagecol.png); background-position:0px -952px'>Windows Live<\/a><\/div><div class='bookmarkifySiteLink'><a onclick='target=\"_blank\";' href='http:\/\/bookmarks.yahoo.com\/toolbar\/savebm?opener=tb&amp;u=https:\/\/igualdad.umh.es\/ca\/2026\/04\/21\/valencia-la-xarxa-vives-publica-una-guia-estrategica-per-integrar-la-dimensio-de-genere-interseccional\/&amp;t=La Xarxa Vives publica una guia estrat\u00e9gica per integrar la dimensi\u00f3 de g\u00e9nere interseccional' title='Save to Yahoo! Bookmarks' rel='nofollow' style='background-image: url(https:\/\/igualdad.umh.es\/wp-content\/plugins\/bookmarkify\/imagecol.png); background-position:0px -969px'>Yahoo!<\/a><\/div><\/td><\/tr><\/table><\/div><div class='bookmarkifyEmail'><a rel='nofollow' href='http:\/\/www.feedburner.com\/fb\/a\/emailFlare?loc=en_US&amp;itemTitle=La Xarxa Vives publica una guia estrat\u00e9gica per integrar la dimensi\u00f3 de g\u00e9nere interseccional&amp;uri=https:\/\/igualdad.umh.es\/ca\/2026\/04\/21\/valencia-la-xarxa-vives-publica-una-guia-estrategica-per-integrar-la-dimensio-de-genere-interseccional\/' style='background-image: url(https:\/\/igualdad.umh.es\/wp-content\/plugins\/bookmarkify\/imagecol.png); background-position:0px -1003px;'>Email This to a Friend<\/a><\/div><div class='bookmarkifyCopyHTML'>&nbsp;&nbsp;Link HTML:&nbsp;<input readonly='readonly' onclick='this.select();' type='text' value='&lt;a href=\"https:\/\/igualdad.umh.es\/ca\/2026\/04\/21\/valencia-la-xarxa-vives-publica-una-guia-estrategica-per-integrar-la-dimensio-de-genere-interseccional\/\"&gt;La Xarxa Vives publica una guia estrat\u00e9gica per integrar la dimensi\u00f3 de g\u00e9nere interseccional&lt;\/a&gt;' size='84' title='Copy this HTML to create a link to this page' \/><\/div><div class='bookmarkifyCopyHTML'>&nbsp;Permalink:&nbsp;<input readonly='readonly' onclick='this.select();' type='text' value='https:\/\/igualdad.umh.es\/ca\/2026\/04\/21\/valencia-la-xarxa-vives-publica-una-guia-estrategica-per-integrar-la-dimensio-de-genere-interseccional\/' size='84' title='Copy this Permalink' \/><\/div><div class='bookmarkifySubscribe'><span class='bookmarkifySubscribeIcon' style='background-image: url(https:\/\/igualdad.umh.es\/wp-content\/plugins\/bookmarkify\/imagecol.png); background-position:0px -1020px;'>&nbsp;<\/span>If you like this then please subscribe to the <a href='https:\/\/igualdad.umh.es\/ca\/feed\/' onclick='target=\"_blank\";' rel='nofollow'>RSS Feed<\/a>.<\/div><div class='bookmarkifyPoweredBy'><a href='http:\/\/www.bookmarkify.com\/'>Powered by Bookmarkify&trade;<\/a><\/div><\/div><div class='linkbuttons'><a href='http:\/\/www.facebook.com\/share.php?u=https:\/\/igualdad.umh.es\/ca\/2026\/04\/21\/valencia-la-xarxa-vives-publica-una-guia-estrategica-per-integrar-la-dimensio-de-genere-interseccional\/' title='Save to Facebook' onclick='target=\"_blank\";' rel='nofollow'><img src='https:\/\/igualdad.umh.es\/wp-content\/plugins\/bookmarkify\/facebook.png' style='width:16px; height:16px;' alt='[Facebook] ' \/><\/a> <a href='http:\/\/twitter.com\/home\/?status=La Xarxa Vives publica una guia estrat\u00e9gica per integrar la dimensi\u00f3 de g\u00e9nere interseccional+https:\/\/igualdad.umh.es\/ca\/2026\/04\/21\/valencia-la-xarxa-vives-publica-una-guia-estrategica-per-integrar-la-dimensio-de-genere-interseccional\/' title='Save to Twitter' onclick='target=\"_blank\";' rel='nofollow'><img src='https:\/\/igualdad.umh.es\/wp-content\/plugins\/bookmarkify\/twitter.png' style='width:16px; height:16px;' alt='[Twitter] ' \/><\/a>  <a title='See more bookmark and sharing options...' href='https:\/\/igualdad.umh.es\/ca\/2026\/04\/21\/valencia-la-xarxa-vives-publica-una-guia-estrategica-per-integrar-la-dimensio-de-genere-interseccional\/#bookmarkify' onclick='document.getElementById(\"bookmarkifyMore1\").style.display=\"block\"; return false;' rel='nofollow'><small>More&nbsp;&raquo;<\/small><\/a><\/div><\/div>","protected":false},"excerpt":{"rendered":"<p>La&nbsp;Xarxa Vives d\u2019Universitats&nbsp;ha publicat el document&nbsp;Marc estrat\u00e8gic per a la integraci\u00f3 de la dimensi\u00f3 de g\u00e8nere interseccional en la investigaci\u00f3 i la transfer\u00e8ncia, que ha impulsat el&nbsp;Grup de Treball d\u2019Igualtat de G\u00e8nere&nbsp;integrat per les unitats d\u2019igualtat de les 21 universitats membres. Es tracta d\u2019una&nbsp;guia pr\u00e0ctica i d\u2019aplicaci\u00f3 multidisciplin\u00e0ria, amb eines i criteris metodol\u00f2gics, concebuda per&nbsp;orientar [&#8230;]<\/p>\n","protected":false},"author":32616,"featured_media":0,"comment_status":"closed","ping_status":"open","sticky":false,"template":"","format":"standard","meta":{"ngg_post_thumbnail":0,"_links_to":"","_links_to_target":""},"categories":[1222,568,23,75],"tags":[2105],"_links":{"self":[{"href":"https:\/\/igualdad.umh.es\/ca\/wp-json\/wp\/v2\/posts\/3296"}],"collection":[{"href":"https:\/\/igualdad.umh.es\/ca\/wp-json\/wp\/v2\/posts"}],"about":[{"href":"https:\/\/igualdad.umh.es\/ca\/wp-json\/wp\/v2\/types\/post"}],"author":[{"embeddable":true,"href":"https:\/\/igualdad.umh.es\/ca\/wp-json\/wp\/v2\/users\/32616"}],"replies":[{"embeddable":true,"href":"https:\/\/igualdad.umh.es\/ca\/wp-json\/wp\/v2\/comments?post=3296"}],"version-history":[{"count":0,"href":"https:\/\/igualdad.umh.es\/ca\/wp-json\/wp\/v2\/posts\/3296\/revisions"}],"wp:attachment":[{"href":"https:\/\/igualdad.umh.es\/ca\/wp-json\/wp\/v2\/media?parent=3296"}],"wp:term":[{"taxonomy":"category","embeddable":true,"href":"https:\/\/igualdad.umh.es\/ca\/wp-json\/wp\/v2\/categories?post=3296"},{"taxonomy":"post_tag","embeddable":true,"href":"https:\/\/igualdad.umh.es\/ca\/wp-json\/wp\/v2\/tags?post=3296"}],"curies":[{"name":"wp","href":"https:\/\/api.w.org\/{rel}","templated":true}]}}