{"id":54,"date":"2012-11-23T09:22:17","date_gmt":"2012-11-23T08:22:17","guid":{"rendered":"http:\/\/igualdad.umh.es\/?p=54"},"modified":"2012-11-23T10:15:39","modified_gmt":"2012-11-23T09:15:39","slug":"dia-internacional-contra-la-violencia-hacia-las-mujeres","status":"publish","type":"post","link":"https:\/\/igualdad.umh.es\/ca\/2012\/11\/23\/dia-internacional-contra-la-violencia-hacia-las-mujeres\/","title":{"rendered":"D\u00cdA INTERNACIONAL CONTRA LA VIOLENCIA HACIA LAS MUJERES"},"content":{"rendered":"<p><\/p>\n<p><p>25 de noviembre de 2012<\/p>\n<p><strong>D\u00cdA INTERNACIONAL CONTRA LA VIOLENCIA HACIA LAS MUJERES<\/strong><\/p>\n<p>\u201cAmiga, a veces logramos reconocer la violencia que estamos viviendo en carne propia, pero luego no tenemos la valent\u00eda de hablar, porque es demasiada y peor cuando es emocional pues nadie la nota, solo t\u00fa\u201d.<\/p>\n<p>(An\u00f3nima)<\/p>\n<p>Enlaces y documentos \u201cpara la reflexi\u00f3n\u201d<\/p>\n<p>* \u201cViolencia = Desigualdad\u201d<\/p>\n<p>Art\u00edculo de Rosario Tur Ausina (Directora de la Unidad de Igualdad de la Universidad Miguel Hern\u00e1ndez de Elche) que saldr\u00e1 publicado en el peri\u00f3dico \u201cInformaci\u00f3n\u201d con motivo del D\u00eda internacional contra la violencia hacia las mujeres. <a href=\"https:\/\/igualdad.umh.es\/files\/2012\/11\/news25-11-20121.pdf\">Art\u00edculo<\/a><\/p>\n<p>* Programa de Radio de la Unidad de Igualdad<\/p>\n<p>\u201cIGUALES PERO DIFERENTES\u201d<\/p>\n<p>Programa del d\u00eda 23 de noviembre de 2012 sobre \u201cIGUALDAD Y VIOLENCIA DE G\u00c9NERO\u201d (de 10\u201900 a 11\u201900 h.)<\/p>\n<p>Disponible en<\/p>\n<p>https:\/\/igualdad.umh.es\/novedades\/<\/p>\n<p>https:\/\/radio.umh.es\/<\/p>\n<p>* Estudio \u201cLa juventud universitaria ante la igualdad y la violencia de G\u00e9nero&#8221;<\/p>\n<p>Delegaci\u00f3n de Gobierno para la Violencia de G\u00e9nero (estudio realizado en 12 universidades espa\u00f1olas).<\/p>\n<p>http:\/\/noticias.universia.es\/en-portada\/noticia\/2012\/11\/21\/983181\/universitarias-espanolas-dicen-sentirse-atraidas-hombres-agresivos.html<\/p>\n<p>* Los \u00faltimos datos sobre Violencia de G\u00e9nero en Espa\u00f1a.<\/p>\n<p>Datos publicados en fecha 6 de noviembre de 2012 por el Ministerio de Sanidad, Servicios Sociales e Igualdad<\/p>\n<p>http:\/\/www.msc.es\/ssi\/violenciaGenero\/home.htm<\/p>\n<p>ARCHIVO<\/p>\n<p>* \u201cSiete de cada diez mujeres padecen violencia f\u00edsica o sexual en el mundo\u201d,<\/p>\n<p>y unos 603 millones viven en pa\u00edses donde la violencia dom\u00e9stica no es delito.<\/p>\n<p>Declaraciones de Michelle Bachelet, presidenta de ONU Mujeres, con motivo del D\u00eda de la Eliminaci\u00f3n de la Violencia contra la Mujer que se conmemora el pr\u00f3ximo 25 de noviembre.<\/p>\n<p>http:\/\/www.unwomen.org\/es\/<\/p>\n<\/p>\n<p><\/p>\n<div class='bookmarkify'><a name='bookmarkify'><\/a><link rel='stylesheet' type='text\/css' href='https:\/\/igualdad.umh.es\/wp-content\/plugins\/bookmarkify\/more.css' \/><div class='bookmarkifyMoreWindow' id='bookmarkifyMore1' style='display:none;position:absolute;'><div class='bookmarkifyMoreWindowHeader'><a rel='nofollow' href='https:\/\/igualdad.umh.es\/ca\/2012\/11\/23\/dia-internacional-contra-la-violencia-hacia-las-mujeres\/#bookmarkify' onclick='document.getElementById(\"bookmarkifyMore1\").style.display=\"none\"; return false;'>Close<span class='bookmarkifyCloseIcon' style='background-image: url(https:\/\/igualdad.umh.es\/wp-content\/plugins\/bookmarkify\/imagecol.png); background-position:0px -1037px;'>&nbsp;<\/span><\/a>Bookmark and Share This Page <\/div><div class='bookmarkifySaveToBrowser'><a rel='nofollow' href='https:\/\/igualdad.umh.es\/ca\/2012\/11\/23\/dia-internacional-contra-la-violencia-hacia-las-mujeres\/#bookmarkify' onclick='javascript:if(document.all){window.external.AddFavorite(\"https:\/\/igualdad.umh.es\/ca\/2012\/11\/23\/dia-internacional-contra-la-violencia-hacia-las-mujeres\/\", \"D\u00cdA INTERNACIONAL CONTRA LA VIOLENCIA HACIA LAS MUJERES\");} else if(window.sidebar){window.sidebar.addPanel(\"D\u00cdA INTERNACIONAL CONTRA LA VIOLENCIA HACIA LAS MUJERES\", \"https:\/\/igualdad.umh.es\/ca\/2012\/11\/23\/dia-internacional-contra-la-violencia-hacia-las-mujeres\/\", \"\");}return false;' style='background-image: url(https:\/\/igualdad.umh.es\/wp-content\/plugins\/bookmarkify\/imagecol.png); background-position:0px -986px;'>Save to Browser Favorites \/ Bookmarks<\/a><\/div><div class='bookmarkifySiteLinks'><table cellspacing='3'><tr><td><div class='bookmarkifySiteLink'><a onclick='target=\"_blank\";' href='http:\/\/myjeeves.ask.com\/mysearch\/BookmarkIt?v=1.2&amp;t=webpages&amp;url=https:\/\/igualdad.umh.es\/ca\/2012\/11\/23\/dia-internacional-contra-la-violencia-hacia-las-mujeres\/&amp;title=D\u00cdA INTERNACIONAL CONTRA LA VIOLENCIA HACIA LAS MUJERES' title='Save to Ask' rel='nofollow' style='background-image: url(https:\/\/igualdad.umh.es\/wp-content\/plugins\/bookmarkify\/imagecol.png); background-position:0px -0px'>Ask<\/a><\/div><div class='bookmarkifySiteLink'><a onclick='target=\"_blank\";' href='http:\/\/www.backflip.com\/add_page_pop.ihtml?url=https:\/\/igualdad.umh.es\/ca\/2012\/11\/23\/dia-internacional-contra-la-violencia-hacia-las-mujeres\/&amp;title=D\u00cdA INTERNACIONAL CONTRA LA VIOLENCIA HACIA LAS MUJERES' title='Save to backflip' rel='nofollow' style='background-image: url(https:\/\/igualdad.umh.es\/wp-content\/plugins\/bookmarkify\/imagecol.png); background-position:0px -17px'>backflip<\/a><\/div><div class='bookmarkifySiteLink'><a onclick='target=\"_blank\";' href='http:\/\/blinklist.com\/index.php?Action=Blink\/addblink.php&amp;Url=https:\/\/igualdad.umh.es\/ca\/2012\/11\/23\/dia-internacional-contra-la-violencia-hacia-las-mujeres\/&amp;Title=D\u00cdA INTERNACIONAL CONTRA LA VIOLENCIA HACIA LAS MUJERES' title='Save to blinklist' rel='nofollow' style='background-image: url(https:\/\/igualdad.umh.es\/wp-content\/plugins\/bookmarkify\/imagecol.png); background-position:0px -34px'>blinklist<\/a><\/div><div class='bookmarkifySiteLink'><a onclick='target=\"_blank\";' href='http:\/\/www.blogbookmark.com\/submit.php?url=https:\/\/igualdad.umh.es\/ca\/2012\/11\/23\/dia-internacional-contra-la-violencia-hacia-las-mujeres\/' title='Save to BlogBookmark' rel='nofollow' style='background-image: url(https:\/\/igualdad.umh.es\/wp-content\/plugins\/bookmarkify\/imagecol.png); background-position:0px -51px'>BlogBookmark<\/a><\/div><div class='bookmarkifySiteLink'><a onclick='target=\"_blank\";' href='http:\/\/www.bloglines.com\/sub\/https:\/\/igualdad.umh.es\/ca\/2012\/11\/23\/dia-internacional-contra-la-violencia-hacia-las-mujeres\/' title='Save to Bloglines' rel='nofollow' style='background-image: url(https:\/\/igualdad.umh.es\/wp-content\/plugins\/bookmarkify\/imagecol.png); background-position:0px -68px'>Bloglines<\/a><\/div><div class='bookmarkifySiteLink'><a onclick='target=\"_blank\";' href='http:\/\/blogmarks.net\/my\/new.php?mini=1&amp;simple=1&amp;url=https:\/\/igualdad.umh.es\/ca\/2012\/11\/23\/dia-internacional-contra-la-violencia-hacia-las-mujeres\/&amp;title=D\u00cdA INTERNACIONAL CONTRA LA VIOLENCIA HACIA LAS MUJERES' title='Save to BlogMarks' rel='nofollow' style='background-image: url(https:\/\/igualdad.umh.es\/wp-content\/plugins\/bookmarkify\/imagecol.png); background-position:0px -85px'>BlogMarks<\/a><\/div><div class='bookmarkifySiteLink'><a onclick='target=\"_blank\";' href='http:\/\/www.blogsvine.com\/submit.php?url=https:\/\/igualdad.umh.es\/ca\/2012\/11\/23\/dia-internacional-contra-la-violencia-hacia-las-mujeres\/' title='Save to Blogsvine' rel='nofollow' style='background-image: url(https:\/\/igualdad.umh.es\/wp-content\/plugins\/bookmarkify\/imagecol.png); background-position:0px -102px'>Blogsvine<\/a><\/div><div class='bookmarkifySiteLink'><a onclick='target=\"_blank\";' href='http:\/\/www.buddymarks.com\/add_bookmark.php?bookmark_title=D\u00cdA INTERNACIONAL CONTRA LA VIOLENCIA HACIA LAS MUJERES&amp;bookmark_url=https:\/\/igualdad.umh.es\/ca\/2012\/11\/23\/dia-internacional-contra-la-violencia-hacia-las-mujeres\/' title='BuddyMark It' rel='nofollow' style='background-image: url(https:\/\/igualdad.umh.es\/wp-content\/plugins\/bookmarkify\/imagecol.png); background-position:0px -119px'>BuddyMarks<\/a><\/div><div class='bookmarkifySiteLink'><a onclick='target=\"_blank\";' href='http:\/\/www.bumpzee.com\/bump.php?u=https:\/\/igualdad.umh.es\/ca\/2012\/11\/23\/dia-internacional-contra-la-violencia-hacia-las-mujeres\/' title='Save to BUMPzee!' rel='nofollow' style='background-image: url(https:\/\/igualdad.umh.es\/wp-content\/plugins\/bookmarkify\/imagecol.png); background-position:0px -136px'>BUMPzee!<\/a><\/div><div class='bookmarkifySiteLink'><a onclick='target=\"_blank\";' href='http:\/\/www.citeulike.org\/posturl?url=https:\/\/igualdad.umh.es\/ca\/2012\/11\/23\/dia-internacional-contra-la-violencia-hacia-las-mujeres\/&amp;title=D\u00cdA INTERNACIONAL CONTRA LA VIOLENCIA HACIA LAS MUJERES' title='Save to CiteULike' rel='nofollow' style='background-image: url(https:\/\/igualdad.umh.es\/wp-content\/plugins\/bookmarkify\/imagecol.png); background-position:0px -153px'>CiteULike<\/a><\/div><div class='bookmarkifySiteLink'><a onclick='target=\"_blank\";' href='http:\/\/www.connotea.org\/addpopup?continue=confirm&amp;uri=https:\/\/igualdad.umh.es\/ca\/2012\/11\/23\/dia-internacional-contra-la-violencia-hacia-las-mujeres\/&amp;title=D\u00cdA INTERNACIONAL CONTRA LA VIOLENCIA HACIA LAS MUJERES' title='Save to Connotea' rel='nofollow' style='background-image: url(https:\/\/igualdad.umh.es\/wp-content\/plugins\/bookmarkify\/imagecol.png); background-position:0px -187px'>Connotea<\/a><\/div><div class='bookmarkifySiteLink'><a onclick='target=\"_blank\";' href='http:\/\/del.icio.us\/post?url=https:\/\/igualdad.umh.es\/ca\/2012\/11\/23\/dia-internacional-contra-la-violencia-hacia-las-mujeres\/&amp;title=D\u00cdA INTERNACIONAL CONTRA LA VIOLENCIA HACIA LAS MUJERES' title='Save to del.icio.us' rel='nofollow' style='background-image: url(https:\/\/igualdad.umh.es\/wp-content\/plugins\/bookmarkify\/imagecol.png); background-position:0px -204px'>del.icio.us<\/a><\/div><\/td><td><div class='bookmarkifySiteLink'><a onclick='target=\"_blank\";' href='http:\/\/digg.com\/submit?phase=2&amp;url=https:\/\/igualdad.umh.es\/ca\/2012\/11\/23\/dia-internacional-contra-la-violencia-hacia-las-mujeres\/&amp;title=D\u00cdA INTERNACIONAL CONTRA LA VIOLENCIA HACIA LAS MUJERES' title='Digg It!' rel='nofollow' style='background-image: url(https:\/\/igualdad.umh.es\/wp-content\/plugins\/bookmarkify\/imagecol.png); background-position:0px -221px'>Digg<\/a><\/div><div class='bookmarkifySiteLink'><a onclick='target=\"_blank\";' href='http:\/\/www.diigo.com\/post?url=https:\/\/igualdad.umh.es\/ca\/2012\/11\/23\/dia-internacional-contra-la-violencia-hacia-las-mujeres\/&amp;title=D\u00cdA INTERNACIONAL CONTRA LA VIOLENCIA HACIA LAS MUJERES' title='Save to diigo' rel='nofollow' style='background-image: url(https:\/\/igualdad.umh.es\/wp-content\/plugins\/bookmarkify\/imagecol.png); background-position:0px -238px'>diigo<\/a><\/div><div class='bookmarkifySiteLink'><a onclick='target=\"_blank\";' href='http:\/\/www.dotnetkicks.com\/kick\/?url=https:\/\/igualdad.umh.es\/ca\/2012\/11\/23\/dia-internacional-contra-la-violencia-hacia-las-mujeres\/&amp;title=D\u00cdA INTERNACIONAL CONTRA LA VIOLENCIA HACIA LAS MUJERES' title='Save to DotNetKicks' rel='nofollow' style='background-image: url(https:\/\/igualdad.umh.es\/wp-content\/plugins\/bookmarkify\/imagecol.png); background-position:0px -255px'>DotNetKicks<\/a><\/div><div class='bookmarkifySiteLink'><a onclick='target=\"_blank\";' href='http:\/\/www.dropjack.com\/submit.php?url=https:\/\/igualdad.umh.es\/ca\/2012\/11\/23\/dia-internacional-contra-la-violencia-hacia-las-mujeres\/' title='Save to DropJack' rel='nofollow' style='background-image: url(https:\/\/igualdad.umh.es\/wp-content\/plugins\/bookmarkify\/imagecol.png); background-position:0px -272px'>DropJack<\/a><\/div><div class='bookmarkifySiteLink'><a onclick='target=\"_blank\";' href='http:\/\/www.dzone.com\/links\/add.html?description=D\u00cdA INTERNACIONAL CONTRA LA VIOLENCIA HACIA LAS MUJERES&amp;url=https:\/\/igualdad.umh.es\/ca\/2012\/11\/23\/dia-internacional-contra-la-violencia-hacia-las-mujeres\/&amp;title=D\u00cdA INTERNACIONAL CONTRA LA VIOLENCIA HACIA LAS MUJERES' title='Save to dzone' rel='nofollow' style='background-image: url(https:\/\/igualdad.umh.es\/wp-content\/plugins\/bookmarkify\/imagecol.png); background-position:0px -289px'>dzone<\/a><\/div><div class='bookmarkifySiteLink'><a onclick='target=\"_blank\";' href='http:\/\/www.facebook.com\/share.php?u=https:\/\/igualdad.umh.es\/ca\/2012\/11\/23\/dia-internacional-contra-la-violencia-hacia-las-mujeres\/' title='Save to Facebook' rel='nofollow' style='background-image: url(https:\/\/igualdad.umh.es\/wp-content\/plugins\/bookmarkify\/imagecol.png); background-position:0px -306px'>Facebook<\/a><\/div><div class='bookmarkifySiteLink'><a onclick='target=\"_blank\";' href='http:\/\/cgi.fark.com\/cgi\/fark\/farkit.pl?u=https:\/\/igualdad.umh.es\/ca\/2012\/11\/23\/dia-internacional-contra-la-violencia-hacia-las-mujeres\/&amp;h=D\u00cdA INTERNACIONAL CONTRA LA VIOLENCIA HACIA LAS MUJERES' title='FarkIt!' rel='nofollow' style='background-image: url(https:\/\/igualdad.umh.es\/wp-content\/plugins\/bookmarkify\/imagecol.png); background-position:0px -323px'>Fark<\/a><\/div><div class='bookmarkifySiteLink'><a onclick='target=\"_blank\";' href='http:\/\/faves.com\/Authoring.aspx?u=https:\/\/igualdad.umh.es\/ca\/2012\/11\/23\/dia-internacional-contra-la-violencia-hacia-las-mujeres\/&amp;t=D\u00cdA INTERNACIONAL CONTRA LA VIOLENCIA HACIA LAS MUJERES' title='Save to Faves' rel='nofollow' style='background-image: url(https:\/\/igualdad.umh.es\/wp-content\/plugins\/bookmarkify\/imagecol.png); background-position:0px -340px'>Faves<\/a><\/div><div class='bookmarkifySiteLink'><a onclick='target=\"_blank\";' href='http:\/\/friendsite.com\/users\/bookmark\/?u=https:\/\/igualdad.umh.es\/ca\/2012\/11\/23\/dia-internacional-contra-la-violencia-hacia-las-mujeres\/&amp;t=D\u00cdA INTERNACIONAL CONTRA LA VIOLENCIA HACIA LAS MUJERES' title='Save to Friendsite' rel='nofollow' style='background-image: url(https:\/\/igualdad.umh.es\/wp-content\/plugins\/bookmarkify\/imagecol.png); background-position:0px -391px'>Friendsite<\/a><\/div><div class='bookmarkifySiteLink'><a onclick='target=\"_blank\";' href='http:\/\/www.folkd.com\/submit\/https:\/\/igualdad.umh.es\/ca\/2012\/11\/23\/dia-internacional-contra-la-violencia-hacia-las-mujeres\/' title='Save to folkd.com' rel='nofollow' style='background-image: url(https:\/\/igualdad.umh.es\/wp-content\/plugins\/bookmarkify\/imagecol.png); background-position:0px -374px'>folkd.com<\/a><\/div><div class='bookmarkifySiteLink'><a onclick='target=\"_blank\";' href='http:\/\/www.furl.net\/storeIt.jsp?u=https:\/\/igualdad.umh.es\/ca\/2012\/11\/23\/dia-internacional-contra-la-violencia-hacia-las-mujeres\/&amp;t=D\u00cdA INTERNACIONAL CONTRA LA VIOLENCIA HACIA LAS MUJERES' title='Save to Furl' rel='nofollow' style='background-image: url(https:\/\/igualdad.umh.es\/wp-content\/plugins\/bookmarkify\/imagecol.png); background-position:0px -408px'>Furl<\/a><\/div><div class='bookmarkifySiteLink'><a onclick='target=\"_blank\";' href='http:\/\/www.google.com\/bookmarks\/mark?op=edit&amp;output=popup&amp;bkmk=https:\/\/igualdad.umh.es\/ca\/2012\/11\/23\/dia-internacional-contra-la-violencia-hacia-las-mujeres\/&amp;title=D\u00cdA INTERNACIONAL CONTRA LA VIOLENCIA HACIA LAS MUJERES' title='Save to Google Bookmarks' rel='nofollow' style='background-image: url(https:\/\/igualdad.umh.es\/wp-content\/plugins\/bookmarkify\/imagecol.png); background-position:0px -425px'>Google<\/a><\/div><\/td><td><div class='bookmarkifySiteLink'><a onclick='target=\"_blank\";' href='http:\/\/www.jamespot.com\/?action=spotit&url=https:\/\/igualdad.umh.es\/ca\/2012\/11\/23\/dia-internacional-contra-la-violencia-hacia-las-mujeres\/' title='Spot It!' rel='nofollow' style='background-image: url(https:\/\/igualdad.umh.es\/wp-content\/plugins\/bookmarkify\/imagecol.png); background-position:0px -1122px'>Jamespot<\/a><\/div><div class='bookmarkifySiteLink'><a onclick='target=\"_blank\";' href='http:\/\/www.jeqq.com\/submit.php?url==https:\/\/igualdad.umh.es\/ca\/2012\/11\/23\/dia-internacional-contra-la-violencia-hacia-las-mujeres\/&amp;title=D\u00cdA INTERNACIONAL CONTRA LA VIOLENCIA HACIA LAS MUJERES' title='Save to Jeqq' rel='nofollow' style='background-image: url(https:\/\/igualdad.umh.es\/wp-content\/plugins\/bookmarkify\/imagecol.png); background-position:0px -459px'>Jeqq<\/a><\/div><div class='bookmarkifySiteLink'><a onclick='target=\"_blank\";' href='http:\/\/www.kaboodle.com\/za\/selectpage?p_pop=false&amp;pa=url&amp;u=https:\/\/igualdad.umh.es\/ca\/2012\/11\/23\/dia-internacional-contra-la-violencia-hacia-las-mujeres\/' title='Save to Kaboodle' rel='nofollow' style='background-image: url(https:\/\/igualdad.umh.es\/wp-content\/plugins\/bookmarkify\/imagecol.png); background-position:0px -476px'>Kaboodle<\/a><\/div><div class='bookmarkifySiteLink'><a onclick='target=\"_blank\";' href='http:\/\/www.kirtsy.com\/submit.php?url=https:\/\/igualdad.umh.es\/ca\/2012\/11\/23\/dia-internacional-contra-la-violencia-hacia-las-mujeres\/' title='Save to kirtsy' rel='nofollow' style='background-image: url(https:\/\/igualdad.umh.es\/wp-content\/plugins\/bookmarkify\/imagecol.png); background-position:0px -493px'>kirtsy<\/a><\/div><div class='bookmarkifySiteLink'><a onclick='target=\"_blank\";' href='http:\/\/www.linkagogo.com\/go\/AddNoPopup?url=https:\/\/igualdad.umh.es\/ca\/2012\/11\/23\/dia-internacional-contra-la-violencia-hacia-las-mujeres\/&amp;title=D\u00cdA INTERNACIONAL CONTRA LA VIOLENCIA HACIA LAS MUJERES' title='Save to linkaGoGo' rel='nofollow' style='background-image: url(https:\/\/igualdad.umh.es\/wp-content\/plugins\/bookmarkify\/imagecol.png); background-position:0px -510px'>linkaGoGo<\/a><\/div><div class='bookmarkifySiteLink'><a onclick='target=\"_blank\";' href='http:\/\/www.linkedin.com\/shareArticle?mini=true&url=https:\/\/igualdad.umh.es\/ca\/2012\/11\/23\/dia-internacional-contra-la-violencia-hacia-las-mujeres\/&title=D\u00cdA INTERNACIONAL CONTRA LA VIOLENCIA HACIA LAS MUJERES' title='Share on LinkedIn' rel='nofollow' style='background-image: url(https:\/\/igualdad.umh.es\/wp-content\/plugins\/bookmarkify\/imagecol.png); background-position:0px -1155px'>LinkedIn<\/a><\/div><div class='bookmarkifySiteLink'><a onclick='target=\"_blank\";' href='http:\/\/ma.gnolia.com\/bookmarklet\/add?url=https:\/\/igualdad.umh.es\/ca\/2012\/11\/23\/dia-internacional-contra-la-violencia-hacia-las-mujeres\/&amp;title=D\u00cdA INTERNACIONAL CONTRA LA VIOLENCIA HACIA LAS MUJERES' title='Save to Ma.gnolia' rel='nofollow' style='background-image: url(https:\/\/igualdad.umh.es\/wp-content\/plugins\/bookmarkify\/imagecol.png); background-position:0px -544px'>Ma.gnolia<\/a><\/div><div class='bookmarkifySiteLink'><a onclick='target=\"_blank\";' href='http:\/\/www.mister-wong.com\/index.php?action=addurl&amp;bm_url=https:\/\/igualdad.umh.es\/ca\/2012\/11\/23\/dia-internacional-contra-la-violencia-hacia-las-mujeres\/&amp;bm_description=D\u00cdA INTERNACIONAL CONTRA LA VIOLENCIA HACIA LAS MUJERES' title='Save to Mister Wong' rel='nofollow' style='background-image: url(https:\/\/igualdad.umh.es\/wp-content\/plugins\/bookmarkify\/imagecol.png); background-position:0px -561px'>Mister Wong<\/a><\/div><div class='bookmarkifySiteLink'><a onclick='target=\"_blank\";' href='http:\/\/www.mixx.com\/submit?page_url=https:\/\/igualdad.umh.es\/ca\/2012\/11\/23\/dia-internacional-contra-la-violencia-hacia-las-mujeres\/' title='Save to Mixx' rel='nofollow' style='background-image: url(https:\/\/igualdad.umh.es\/wp-content\/plugins\/bookmarkify\/imagecol.png); background-position:0px -578px'>Mixx<\/a><\/div><div class='bookmarkifySiteLink'><a onclick='target=\"_blank\";' href='http:\/\/www.myspace.com\/Modules\/PostTo\/Pages\/?c=https:\/\/igualdad.umh.es\/ca\/2012\/11\/23\/dia-internacional-contra-la-violencia-hacia-las-mujeres\/&amp;t=D\u00cdA INTERNACIONAL CONTRA LA VIOLENCIA HACIA LAS MUJERES' title='Save to MySpace' rel='nofollow' style='background-image: url(https:\/\/igualdad.umh.es\/wp-content\/plugins\/bookmarkify\/imagecol.png); background-position:0px -595px'>MySpace<\/a><\/div><div class='bookmarkifySiteLink'><a onclick='target=\"_blank\";' href='http:\/\/www.netvouz.com\/action\/submitBookmark?url=https:\/\/igualdad.umh.es\/ca\/2012\/11\/23\/dia-internacional-contra-la-violencia-hacia-las-mujeres\/&amp;title=D\u00cdA INTERNACIONAL CONTRA LA VIOLENCIA HACIA LAS MUJERES&amp;popup=no' title='Save to Netvouz' rel='nofollow' style='background-image: url(https:\/\/igualdad.umh.es\/wp-content\/plugins\/bookmarkify\/imagecol.png); background-position:0px -629px'>Netvouz<\/a><\/div><div class='bookmarkifySiteLink'><a onclick='target=\"_blank\";' href='http:\/\/www.newsvine.com\/_tools\/seed?popoff=0&amp;u=https:\/\/igualdad.umh.es\/ca\/2012\/11\/23\/dia-internacional-contra-la-violencia-hacia-las-mujeres\/' title='Seed Newsvine' rel='nofollow' style='background-image: url(https:\/\/igualdad.umh.es\/wp-content\/plugins\/bookmarkify\/imagecol.png); background-position:0px -646px'>Newsvine<\/a><\/div><\/td><td><div class='bookmarkifySiteLink'><a onclick='target=\"_blank\";' href='http:\/\/www.oneview.com\/quickadd\/neu\/addBookmark.jsf?URL=https:\/\/igualdad.umh.es\/ca\/2012\/11\/23\/dia-internacional-contra-la-violencia-hacia-las-mujeres\/&amp;title=D\u00cdA INTERNACIONAL CONTRA LA VIOLENCIA HACIA LAS MUJERES' title='Save to oneview' rel='nofollow' style='background-image: url(https:\/\/igualdad.umh.es\/wp-content\/plugins\/bookmarkify\/imagecol.png); background-position:0px -1054px'>oneview<\/a><\/div><div class='bookmarkifySiteLink'><a onclick='target=\"_blank\";' href='http:\/\/www.onlywire.com\/submit?u=https:\/\/igualdad.umh.es\/ca\/2012\/11\/23\/dia-internacional-contra-la-violencia-hacia-las-mujeres\/&amp;t=D\u00cdA INTERNACIONAL CONTRA LA VIOLENCIA HACIA LAS MUJERES' title='Save to OnlyWire' rel='nofollow' style='background-image: url(https:\/\/igualdad.umh.es\/wp-content\/plugins\/bookmarkify\/imagecol.png); background-position:0px -1071px'>OnlyWire<\/a><\/div><div class='bookmarkifySiteLink'><a onclick='target=\"_blank\";' href='http:\/\/www.plugim.com\/submit?url=https:\/\/igualdad.umh.es\/ca\/2012\/11\/23\/dia-internacional-contra-la-violencia-hacia-las-mujeres\/&amp;title=D\u00cdA INTERNACIONAL CONTRA LA VIOLENCIA HACIA LAS MUJERES' title='Promote on PlugIM' rel='nofollow' style='background-image: url(https:\/\/igualdad.umh.es\/wp-content\/plugins\/bookmarkify\/imagecol.png); background-position:0px -663px'>PlugIM<\/a><\/div><div class='bookmarkifySiteLink'><a onclick='target=\"_blank\";' href='http:\/\/www.propeller.com\/submit\/?U=https:\/\/igualdad.umh.es\/ca\/2012\/11\/23\/dia-internacional-contra-la-violencia-hacia-las-mujeres\/&amp;T=D\u00cdA INTERNACIONAL CONTRA LA VIOLENCIA HACIA LAS MUJERES' title='Submit to Propeller' rel='nofollow' style='background-image: url(https:\/\/igualdad.umh.es\/wp-content\/plugins\/bookmarkify\/imagecol.png); background-position:0px -697px'>Propeller<\/a><\/div><div class='bookmarkifySiteLink'><a onclick='target=\"_blank\";' href='http:\/\/reddit.com\/submit?url=https:\/\/igualdad.umh.es\/ca\/2012\/11\/23\/dia-internacional-contra-la-violencia-hacia-las-mujeres\/&amp;title=D\u00cdA INTERNACIONAL CONTRA LA VIOLENCIA HACIA LAS MUJERES' title='Reddit' rel='nofollow' style='background-image: url(https:\/\/igualdad.umh.es\/wp-content\/plugins\/bookmarkify\/imagecol.png); background-position:0px -714px'>Reddit<\/a><\/div><div class='bookmarkifySiteLink'><a onclick='target=\"_blank\";' href='http:\/\/segnalo.com\/post.html.php?url=https:\/\/igualdad.umh.es\/ca\/2012\/11\/23\/dia-internacional-contra-la-violencia-hacia-las-mujeres\/&amp;title=D\u00cdA INTERNACIONAL CONTRA LA VIOLENCIA HACIA LAS MUJERES' title='Save to Segnalo' rel='nofollow' style='background-image: url(https:\/\/igualdad.umh.es\/wp-content\/plugins\/bookmarkify\/imagecol.png); background-position:0px -748px'>Segnalo<\/a><\/div><div class='bookmarkifySiteLink'><a onclick='target=\"_blank\";' href='http:\/\/www.shoutwire.com\/?p=submit&amp;link=https:\/\/igualdad.umh.es\/ca\/2012\/11\/23\/dia-internacional-contra-la-violencia-hacia-las-mujeres\/' title='Shout It!' rel='nofollow' style='background-image: url(https:\/\/igualdad.umh.es\/wp-content\/plugins\/bookmarkify\/imagecol.png); background-position:0px -765px'>Shoutwire<\/a><\/div><div class='bookmarkifySiteLink'><a onclick='target=\"_blank\";' href='http:\/\/www.simpy.com\/simpy\/LinkAdd.do?href=https:\/\/igualdad.umh.es\/ca\/2012\/11\/23\/dia-internacional-contra-la-violencia-hacia-las-mujeres\/&amp;title=D\u00cdA INTERNACIONAL CONTRA LA VIOLENCIA HACIA LAS MUJERES' title='Save to Simpy' rel='nofollow' style='background-image: url(https:\/\/igualdad.umh.es\/wp-content\/plugins\/bookmarkify\/imagecol.png); background-position:0px -782px'>Simpy<\/a><\/div><div class='bookmarkifySiteLink'><a onclick='target=\"_blank\";' href='http:\/\/slashdot.org\/bookmark.pl?url=https:\/\/igualdad.umh.es\/ca\/2012\/11\/23\/dia-internacional-contra-la-violencia-hacia-las-mujeres\/&amp;title=D\u00cdA INTERNACIONAL CONTRA LA VIOLENCIA HACIA LAS MUJERES' title='Slashdot It!' rel='nofollow' style='background-image: url(https:\/\/igualdad.umh.es\/wp-content\/plugins\/bookmarkify\/imagecol.png); background-position:0px -799px'>Slashdot<\/a><\/div><div class='bookmarkifySiteLink'><a onclick='target=\"_blank\";' href='http:\/\/www.surphace.com\/search?q=sphereit:https:\/\/igualdad.umh.es\/ca\/2012\/11\/23\/dia-internacional-contra-la-violencia-hacia-las-mujeres\/&amp;title=D\u00cdA INTERNACIONAL CONTRA LA VIOLENCIA HACIA LAS MUJERES' title='Save to Surphace' rel='nofollow' style='background-image: url(https:\/\/igualdad.umh.es\/wp-content\/plugins\/bookmarkify\/imagecol.png); background-position:0px -816px'>Surphace<\/a><\/div><div class='bookmarkifySiteLink'><a onclick='target=\"_blank\";' href='http:\/\/sphinn.com\/submit.php?url=https:\/\/igualdad.umh.es\/ca\/2012\/11\/23\/dia-internacional-contra-la-violencia-hacia-las-mujeres\/&amp;title=D\u00cdA INTERNACIONAL CONTRA LA VIOLENCIA HACIA LAS MUJERES' title='Sphinn' rel='nofollow' style='background-image: url(https:\/\/igualdad.umh.es\/wp-content\/plugins\/bookmarkify\/imagecol.png); background-position:0px -833px'>Sphinn<\/a><\/div><div class='bookmarkifySiteLink'><a onclick='target=\"_blank\";' href='http:\/\/www.spurl.net\/spurl.php?url=https:\/\/igualdad.umh.es\/ca\/2012\/11\/23\/dia-internacional-contra-la-violencia-hacia-las-mujeres\/&amp;title=D\u00cdA INTERNACIONAL CONTRA LA VIOLENCIA HACIA LAS MUJERES' title='Save to Spurl' rel='nofollow' style='background-image: url(https:\/\/igualdad.umh.es\/wp-content\/plugins\/bookmarkify\/imagecol.png); background-position:0px -850px'>Spurl<\/a><\/div><\/td><td><div class='bookmarkifySiteLink'><a onclick='target=\"_blank\";' href='http:\/\/www.squidoo.com\/lensmaster\/bookmark?https:\/\/igualdad.umh.es\/ca\/2012\/11\/23\/dia-internacional-contra-la-violencia-hacia-las-mujeres\/' title='Save to Squidoo' rel='nofollow' style='background-image: url(https:\/\/igualdad.umh.es\/wp-content\/plugins\/bookmarkify\/imagecol.png); background-position:0px -867px'>Squidoo<\/a><\/div><div class='bookmarkifySiteLink'><a onclick='target=\"_blank\";' href='http:\/\/www.stumbleupon.com\/submit?url=https:\/\/igualdad.umh.es\/ca\/2012\/11\/23\/dia-internacional-contra-la-violencia-hacia-las-mujeres\/&amp;title=D\u00cdA INTERNACIONAL CONTRA LA VIOLENCIA HACIA LAS MUJERES' title='Stumble It!' rel='nofollow' style='background-image: url(https:\/\/igualdad.umh.es\/wp-content\/plugins\/bookmarkify\/imagecol.png); background-position:0px -884px'>StumbleUpon<\/a><\/div><div class='bookmarkifySiteLink'><a onclick='target=\"_blank\";' href='http:\/\/technorati.com\/faves?add=https:\/\/igualdad.umh.es\/ca\/2012\/11\/23\/dia-internacional-contra-la-violencia-hacia-las-mujeres\/' title='Add to my Technorati Favorites' rel='nofollow' style='background-image: url(https:\/\/igualdad.umh.es\/wp-content\/plugins\/bookmarkify\/imagecol.png); background-position:0px -901px'>Technorati<\/a><\/div><div class='bookmarkifySiteLink'><a onclick='target=\"_blank\";' href='http:\/\/www.thisnext.com\/pick\/new\/submit\/sociable\/?url=https:\/\/igualdad.umh.es\/ca\/2012\/11\/23\/dia-internacional-contra-la-violencia-hacia-las-mujeres\/&amp;name=D\u00cdA INTERNACIONAL CONTRA LA VIOLENCIA HACIA LAS MUJERES' title='Save to ThisNext' rel='nofollow' style='background-image: url(https:\/\/igualdad.umh.es\/wp-content\/plugins\/bookmarkify\/imagecol.png); background-position:0px -918px'>ThisNext<\/a><\/div><div class='bookmarkifySiteLink'><a onclick='target=\"_blank\";' href='http:\/\/twitter.com\/home\/?status=D\u00cdA INTERNACIONAL CONTRA LA VIOLENCIA HACIA LAS MUJERES+https:\/\/igualdad.umh.es\/ca\/2012\/11\/23\/dia-internacional-contra-la-violencia-hacia-las-mujeres\/' title='Save to Twitter' rel='nofollow' style='background-image: url(https:\/\/igualdad.umh.es\/wp-content\/plugins\/bookmarkify\/imagecol.png); background-position:0px -1105px'>Twitter<\/a><\/div><div class='bookmarkifySiteLink'><a onclick='target=\"_blank\";' href='http:\/\/webride.org\/discuss\/split.php?uri=https:\/\/igualdad.umh.es\/ca\/2012\/11\/23\/dia-internacional-contra-la-violencia-hacia-las-mujeres\/&amp;title=D\u00cdA INTERNACIONAL CONTRA LA VIOLENCIA HACIA LAS MUJERES' title='Discuss on Webride' rel='nofollow' style='background-image: url(https:\/\/igualdad.umh.es\/wp-content\/plugins\/bookmarkify\/imagecol.png); background-position:0px -935px'>Webride<\/a><\/div><div class='bookmarkifySiteLink'><a onclick='target=\"_blank\";' href='https:\/\/favorites.live.com\/quickadd.aspx?mkt=en-us&amp;url=https:\/\/igualdad.umh.es\/ca\/2012\/11\/23\/dia-internacional-contra-la-violencia-hacia-las-mujeres\/&amp;title=D\u00cdA INTERNACIONAL CONTRA LA VIOLENCIA HACIA LAS MUJERES' title='Save to Windows Live' rel='nofollow' style='background-image: url(https:\/\/igualdad.umh.es\/wp-content\/plugins\/bookmarkify\/imagecol.png); background-position:0px -952px'>Windows Live<\/a><\/div><div class='bookmarkifySiteLink'><a onclick='target=\"_blank\";' href='http:\/\/bookmarks.yahoo.com\/toolbar\/savebm?opener=tb&amp;u=https:\/\/igualdad.umh.es\/ca\/2012\/11\/23\/dia-internacional-contra-la-violencia-hacia-las-mujeres\/&amp;t=D\u00cdA INTERNACIONAL CONTRA LA VIOLENCIA HACIA LAS MUJERES' title='Save to Yahoo! Bookmarks' rel='nofollow' style='background-image: url(https:\/\/igualdad.umh.es\/wp-content\/plugins\/bookmarkify\/imagecol.png); background-position:0px -969px'>Yahoo!<\/a><\/div><\/td><\/tr><\/table><\/div><div class='bookmarkifyEmail'><a rel='nofollow' href='http:\/\/www.feedburner.com\/fb\/a\/emailFlare?loc=en_US&amp;itemTitle=D\u00cdA INTERNACIONAL CONTRA LA VIOLENCIA HACIA LAS MUJERES&amp;uri=https:\/\/igualdad.umh.es\/ca\/2012\/11\/23\/dia-internacional-contra-la-violencia-hacia-las-mujeres\/' style='background-image: url(https:\/\/igualdad.umh.es\/wp-content\/plugins\/bookmarkify\/imagecol.png); background-position:0px -1003px;'>Email This to a Friend<\/a><\/div><div class='bookmarkifyCopyHTML'>&nbsp;&nbsp;Link HTML:&nbsp;<input readonly='readonly' onclick='this.select();' type='text' value='&lt;a href=\"https:\/\/igualdad.umh.es\/ca\/2012\/11\/23\/dia-internacional-contra-la-violencia-hacia-las-mujeres\/\"&gt;D\u00cdA INTERNACIONAL CONTRA LA VIOLENCIA HACIA LAS MUJERES&lt;\/a&gt;' size='84' title='Copy this HTML to create a link to this page' \/><\/div><div class='bookmarkifyCopyHTML'>&nbsp;Permalink:&nbsp;<input readonly='readonly' onclick='this.select();' type='text' value='https:\/\/igualdad.umh.es\/ca\/2012\/11\/23\/dia-internacional-contra-la-violencia-hacia-las-mujeres\/' size='84' title='Copy this Permalink' \/><\/div><div class='bookmarkifySubscribe'><span class='bookmarkifySubscribeIcon' style='background-image: url(https:\/\/igualdad.umh.es\/wp-content\/plugins\/bookmarkify\/imagecol.png); background-position:0px -1020px;'>&nbsp;<\/span>If you like this then please subscribe to the <a href='https:\/\/igualdad.umh.es\/ca\/feed\/' onclick='target=\"_blank\";' rel='nofollow'>RSS Feed<\/a>.<\/div><div class='bookmarkifyPoweredBy'><a href='http:\/\/www.bookmarkify.com\/'>Powered by Bookmarkify&trade;<\/a><\/div><\/div><div class='linkbuttons'><a href='http:\/\/www.facebook.com\/share.php?u=https:\/\/igualdad.umh.es\/ca\/2012\/11\/23\/dia-internacional-contra-la-violencia-hacia-las-mujeres\/' title='Save to Facebook' onclick='target=\"_blank\";' rel='nofollow'><img src='https:\/\/igualdad.umh.es\/wp-content\/plugins\/bookmarkify\/facebook.png' style='width:16px; height:16px;' alt='[Facebook] ' \/><\/a> <a href='http:\/\/twitter.com\/home\/?status=D\u00cdA INTERNACIONAL CONTRA LA VIOLENCIA HACIA LAS MUJERES+https:\/\/igualdad.umh.es\/ca\/2012\/11\/23\/dia-internacional-contra-la-violencia-hacia-las-mujeres\/' title='Save to Twitter' onclick='target=\"_blank\";' rel='nofollow'><img src='https:\/\/igualdad.umh.es\/wp-content\/plugins\/bookmarkify\/twitter.png' style='width:16px; height:16px;' alt='[Twitter] ' \/><\/a>  <a title='See more bookmark and sharing options...' href='https:\/\/igualdad.umh.es\/ca\/2012\/11\/23\/dia-internacional-contra-la-violencia-hacia-las-mujeres\/#bookmarkify' onclick='document.getElementById(\"bookmarkifyMore1\").style.display=\"block\"; return false;' rel='nofollow'><small>More&nbsp;&raquo;<\/small><\/a><\/div><\/div>","protected":false},"excerpt":{"rendered":"<p>25 de noviembre de 2012<br \/>\nD\u00cdA INTERNACIONAL CONTRA LA VIOLENCIA HACIA LAS MUJERES<br \/>\n\u201cAmiga, a veces logramos reconocer la violencia que estamos viviendo en carne propia, pero luego no tenemos la valent\u00eda de hablar, porque es demasiada y peor cuando es emocional pues nadie la nota, solo t\u00fa\u201d.<br \/>\n(An\u00f3nima)<br \/>\nEnlaces y documentos \u201cpara la reflexi\u00f3n\u201d<br \/>\n* \u201cViolencia = Desigualdad\u201d<br \/>\nArt\u00edculo de [&#8230;]<\/p>\n","protected":false},"author":1,"featured_media":0,"comment_status":"closed","ping_status":"open","sticky":false,"template":"","format":"standard","meta":{"ngg_post_thumbnail":0,"_links_to":"","_links_to_target":""},"categories":[4],"tags":[2105,3074,2106],"_links":{"self":[{"href":"https:\/\/igualdad.umh.es\/ca\/wp-json\/wp\/v2\/posts\/54"}],"collection":[{"href":"https:\/\/igualdad.umh.es\/ca\/wp-json\/wp\/v2\/posts"}],"about":[{"href":"https:\/\/igualdad.umh.es\/ca\/wp-json\/wp\/v2\/types\/post"}],"author":[{"embeddable":true,"href":"https:\/\/igualdad.umh.es\/ca\/wp-json\/wp\/v2\/users\/1"}],"replies":[{"embeddable":true,"href":"https:\/\/igualdad.umh.es\/ca\/wp-json\/wp\/v2\/comments?post=54"}],"version-history":[{"count":0,"href":"https:\/\/igualdad.umh.es\/ca\/wp-json\/wp\/v2\/posts\/54\/revisions"}],"wp:attachment":[{"href":"https:\/\/igualdad.umh.es\/ca\/wp-json\/wp\/v2\/media?parent=54"}],"wp:term":[{"taxonomy":"category","embeddable":true,"href":"https:\/\/igualdad.umh.es\/ca\/wp-json\/wp\/v2\/categories?post=54"},{"taxonomy":"post_tag","embeddable":true,"href":"https:\/\/igualdad.umh.es\/ca\/wp-json\/wp\/v2\/tags?post=54"}],"curies":[{"name":"wp","href":"https:\/\/api.w.org\/{rel}","templated":true}]}}