{"id":1193,"date":"2019-01-30T13:27:44","date_gmt":"2019-01-30T12:27:44","guid":{"rendered":"http:\/\/igualdad.umh.es\/?p=1193"},"modified":"2019-02-04T10:18:20","modified_gmt":"2019-02-04T09:18:20","slug":"11-guias-para-una-docencia-universitaria-con-perspectiva-de-genero","status":"publish","type":"post","link":"https:\/\/igualdad.umh.es\/en\/2019\/01\/30\/11-guias-para-una-docencia-universitaria-con-perspectiva-de-genero\/","title":{"rendered":"11 Gu\u00edas para una docencia universitaria con perspectiva de g\u00e9nero"},"content":{"rendered":"<p><\/p>\n<p style=\"text-align: justify\">&nbsp;<\/p>\n<p>&nbsp;<\/p>\n<p>&nbsp;<\/p>\n<p>&nbsp;<\/p>\n<p><a href=\"https:\/\/igualdad.umh.es\/files\/2019\/01\/XarxaVivesGuies.png\"><img loading=\"lazy\" class=\" wp-image-1199 alignleft\" src=\"https:\/\/igualdad.umh.es\/files\/2019\/01\/XarxaVivesGuies-300x135.png\" alt=\"\" width=\"333\" height=\"150\" srcset=\"https:\/\/igualdad.umh.es\/files\/2019\/01\/XarxaVivesGuies-300x135.png 300w, https:\/\/igualdad.umh.es\/files\/2019\/01\/XarxaVivesGuies.png 620w\" sizes=\"(max-width: 333px) 100vw, 333px\" \/><\/a><\/p>\n<p>&nbsp;<\/p>\n<p style=\"text-align: justify\">Las Unidades de Igualdad de las universidades de la Xarxa Vives han publicado una colecci\u00f3n de 11 Guies per a una doc\u00e8ncia universit\u00e0ria amb perspectiva de g\u00e8nere. Las publicaciones est\u00e1n dirigidas al profesorado y ofrecen recursos para eliminar la ceguera al g\u00e9nero en la docencia, la investigaci\u00f3n y la gesti\u00f3n universitarias.<\/p>\n<p style=\"text-align: justify\">El objetivo de la colecci\u00f3n es ofrecer recursos que permitan al profesorado universitario prestar atenci\u00f3n a las din\u00e1micas de g\u00e9nero que tienen lugar en el entorno de aprendizaje y adoptar medidas que aseguran que se atiende a la diversidad de estudiantes. El alumnado podr\u00e1 as\u00ed disponer de nuevas herramientas para identificar los estereotipos, las normas y los roles sociales de g\u00e9nero, desarrollar su esp\u00edritu cr\u00edtico y adquirir competencias que le permitir\u00e1n evitar la ceguera al g\u00e9nero en su pr\u00e1ctica profesional futura.<\/p>\n<p>&nbsp;<\/p>\n<p style=\"text-align: justify\">La colecci\u00f3n, compuesta por 11 obras, re\u00fane diferentes disciplinas y \u00e1mbitos de conocimiento:<\/p>\n<ul>\n<li style=\"text-align: justify\"><a href=\"https:\/\/igualdad.umh.es\/files\/2019\/01\/enginyeria.pdf\" target=\"_blank\" rel=\"noopener\">Ciencias de la Computaci\u00f3n<\/a><\/li>\n<li style=\"text-align: justify\"><a href=\"https:\/\/igualdad.umh.es\/files\/2019\/01\/dret_criminologia.pdf\" target=\"_blank\" rel=\"noopener\"> Derecho y Criminolog\u00eda<\/a><\/li>\n<li style=\"text-align: justify\"><a href=\"https:\/\/igualdad.umh.es\/files\/2019\/01\/educacio.pdf\" target=\"_blank\" rel=\"noopener\">Educaci\u00f3n y Pedagog\u00eda<\/a><\/li>\n<li style=\"text-align: justify\"><a href=\"https:\/\/igualdad.umh.es\/files\/2019\/01\/filologia.pdf\" target=\"_blank\" rel=\"noopener\">Filolog\u00eda y Ling\u00fc\u00edstica<\/a><\/li>\n<li style=\"text-align: justify\"><a href=\"https:\/\/igualdad.umh.es\/files\/2019\/01\/filosofia.pdf\" target=\"_blank\" rel=\"noopener\">Filosof\u00eda<\/a><\/li>\n<li style=\"text-align: justify\"><a href=\"https:\/\/igualdad.umh.es\/files\/2019\/01\/fisica.pdf\" target=\"_blank\" rel=\"noopener\">F\u00edsica<\/a><\/li>\n<li style=\"text-align: justify\"><a href=\"https:\/\/igualdad.umh.es\/files\/2019\/01\/historia.pdf\" target=\"_blank\" rel=\"noopener\">Historia<\/a><\/li>\n<li style=\"text-align: justify\"><a href=\"https:\/\/igualdad.umh.es\/files\/2019\/01\/historia_art.pdf\" target=\"_blank\" rel=\"noopener\">Historia del Arte<\/a><\/li>\n<li style=\"text-align: justify\"><a href=\"https:\/\/igualdad.umh.es\/files\/2019\/01\/medicina.pdf\" target=\"_blank\" rel=\"noopener\">Medicina<\/a><\/li>\n<li style=\"text-align: justify\"><a href=\"https:\/\/igualdad.umh.es\/files\/2019\/01\/psicologia.pdf\" target=\"_blank\" rel=\"noopener\">Psicolog\u00eda<\/a><\/li>\n<li style=\"text-align: justify\"><a href=\"https:\/\/igualdad.umh.es\/files\/2019\/01\/sociologia.pdf\" target=\"_blank\" rel=\"noopener\">Sociolog\u00eda, Econom\u00eda y Ciencia Pol\u00edtica<\/a><\/li>\n<\/ul>\n<p style=\"text-align: justify\">Despu\u00e9s de reflexionar sobre las implicaciones de la ceguera al g\u00e9nero en cada uno de los \u00e1mbitos de conocimiento, cada gu\u00eda incluye una serie de pautas para promover la igualdad y la diversidad en la disciplina en cuesti\u00f3n. Para hacerlo, las gu\u00edas incluyen recomendaciones e indicaciones en relaci\u00f3n a los objetivos, los contenidos, los ejemplos utilizados, el lenguaje empleado, las fuentes seleccionadas, as\u00ed como m\u00e9todos docentes y de evaluaci\u00f3n para la docencia de las diferentes asignaturas que forman parte de los curr\u00edculums formativos a las universidades. Adem\u00e1s, cada publicaci\u00f3n incluye una secci\u00f3n dedicada en la investigaci\u00f3n sensible al g\u00e9nero.<\/p>\n<p style=\"text-align: justify\">La colecci\u00f3n es fruto del plan de trabajo 2016-2018 del Grupo de Trabajo en Igualdad de G\u00e9nero de la Xarxa Vives. El proyecto se ha desarrollado en dos fases. En una primera, se elabor\u00f3 el informe La perspectiva de g\u00e8nere en doc\u00e8ncia i recerca a les universitats de la Xarxa Vives: Situaci\u00f3 actual i reptes de futur (2017), que constat\u00f3 que la incorporaci\u00f3n efectiva de la perspectiva de g\u00e9nero en la docencia universitaria segu\u00eda siendo un reto pendiente, a pesar del marco normativo vigente a nivel europeo, estatal y de los territorios de la Xarxa Vives.<\/p>\n<p style=\"text-align: justify\">En respuesta a esta situaci\u00f3n, en una segunda fase, se ha elaborado el recurso Guies per a una doc\u00e8ncia universit\u00e0ria amb perspectiva de g\u00e8nere, bajo la coordinaci\u00f3n de Teresa Cabruja (profesora titular de Psicolog\u00eda Social en la Universitat de Girona), M. Jos\u00e9 Rodr\u00edguez Jaume (vicerrectora de Responsabilidad Social, Inclusi\u00f3n e Igualdad de la Universidad de Alicante) y T\u00e0nia Verge Mestre (directora de la Unidad de Igualdad de la Universitat Pompeu Fabra).<\/p>\n<p style=\"text-align: justify\">La Xarxa Vives es una instituci\u00f3n sin \u00e1nimo de lucro que representa y coordina la acci\u00f3n conjunta de 22 universidades de 4 estados europeos en ense\u00f1anza superior, investigaci\u00f3n y cultura. La instituci\u00f3n impulsa la definici\u00f3n de estrategias comunes a las universidades de los territorios de habla catalana, y en los \u00faltimos a\u00f1os, a trav\u00e9s del Grupo de Trabajo de Igualdad de G\u00e9nero, ha dedicado un esfuerzo especial al \u00e1mbito de acci\u00f3n de la perspectiva de g\u00e9nero.<\/p>\n<p>M\u00e1s informaci\u00f3n sobre las Gu\u00edas para una docencia universitaria con perspectiva de g\u00e9nero en el <a href=\"http:\/\/www.vives.org\/serveis\/guies-per-a-una-docencia-universitaria-amb-perspectiva-de-genere\/\" target=\"_blank\" rel=\"noopener\">enlace<\/a><\/p>\n<p>M\u00e1s informaci\u00f3n sobre el informe La perspectiva de g\u00e9nero en docencia e investigaci\u00f3n a las universidades de la Xarxa Vives: situaci\u00f3n actual y retos de futuro en el <a href=\"http:\/\/www.vives.org\/book\/la-perspectiva-de-genere-en-docencia-i-recerca-a-les-universitats-de-la-xarxa-vives-duniversitats\/\" target=\"_blank\" rel=\"noopener\">enlace<\/a>&nbsp;<\/p>\n<p>&nbsp;<\/p>\n<div class='bookmarkify'><a name='bookmarkify'><\/a><link rel='stylesheet' type='text\/css' href='https:\/\/igualdad.umh.es\/wp-content\/plugins\/bookmarkify\/more.css' \/><div class='bookmarkifyMoreWindow' id='bookmarkifyMore1' style='display:none;position:absolute;'><div class='bookmarkifyMoreWindowHeader'><a rel='nofollow' href='https:\/\/igualdad.umh.es\/en\/2019\/01\/30\/11-guias-para-una-docencia-universitaria-con-perspectiva-de-genero\/#bookmarkify' onclick='document.getElementById(\"bookmarkifyMore1\").style.display=\"none\"; return false;'>Close<span class='bookmarkifyCloseIcon' style='background-image: url(https:\/\/igualdad.umh.es\/wp-content\/plugins\/bookmarkify\/imagecol.png); background-position:0px -1037px;'>&nbsp;<\/span><\/a>Bookmark and Share This Page <\/div><div class='bookmarkifySaveToBrowser'><a rel='nofollow' href='https:\/\/igualdad.umh.es\/en\/2019\/01\/30\/11-guias-para-una-docencia-universitaria-con-perspectiva-de-genero\/#bookmarkify' onclick='javascript:if(document.all){window.external.AddFavorite(\"https:\/\/igualdad.umh.es\/en\/2019\/01\/30\/11-guias-para-una-docencia-universitaria-con-perspectiva-de-genero\/\", \"11 Gu\u00edas para una docencia universitaria con perspectiva de g\u00e9nero\");} else if(window.sidebar){window.sidebar.addPanel(\"11 Gu\u00edas para una docencia universitaria con perspectiva de g\u00e9nero\", \"https:\/\/igualdad.umh.es\/en\/2019\/01\/30\/11-guias-para-una-docencia-universitaria-con-perspectiva-de-genero\/\", \"\");}return false;' style='background-image: url(https:\/\/igualdad.umh.es\/wp-content\/plugins\/bookmarkify\/imagecol.png); background-position:0px -986px;'>Save to Browser Favorites \/ Bookmarks<\/a><\/div><div class='bookmarkifySiteLinks'><table cellspacing='3'><tr><td><div class='bookmarkifySiteLink'><a onclick='target=\"_blank\";' href='http:\/\/myjeeves.ask.com\/mysearch\/BookmarkIt?v=1.2&amp;t=webpages&amp;url=https:\/\/igualdad.umh.es\/en\/2019\/01\/30\/11-guias-para-una-docencia-universitaria-con-perspectiva-de-genero\/&amp;title=11 Gu\u00edas para una docencia universitaria con perspectiva de g\u00e9nero' title='Save to Ask' rel='nofollow' style='background-image: url(https:\/\/igualdad.umh.es\/wp-content\/plugins\/bookmarkify\/imagecol.png); background-position:0px -0px'>Ask<\/a><\/div><div class='bookmarkifySiteLink'><a onclick='target=\"_blank\";' href='http:\/\/www.backflip.com\/add_page_pop.ihtml?url=https:\/\/igualdad.umh.es\/en\/2019\/01\/30\/11-guias-para-una-docencia-universitaria-con-perspectiva-de-genero\/&amp;title=11 Gu\u00edas para una docencia universitaria con perspectiva de g\u00e9nero' title='Save to backflip' rel='nofollow' style='background-image: url(https:\/\/igualdad.umh.es\/wp-content\/plugins\/bookmarkify\/imagecol.png); background-position:0px -17px'>backflip<\/a><\/div><div class='bookmarkifySiteLink'><a onclick='target=\"_blank\";' href='http:\/\/blinklist.com\/index.php?Action=Blink\/addblink.php&amp;Url=https:\/\/igualdad.umh.es\/en\/2019\/01\/30\/11-guias-para-una-docencia-universitaria-con-perspectiva-de-genero\/&amp;Title=11 Gu\u00edas para una docencia universitaria con perspectiva de g\u00e9nero' title='Save to blinklist' rel='nofollow' style='background-image: url(https:\/\/igualdad.umh.es\/wp-content\/plugins\/bookmarkify\/imagecol.png); background-position:0px -34px'>blinklist<\/a><\/div><div class='bookmarkifySiteLink'><a onclick='target=\"_blank\";' href='http:\/\/www.blogbookmark.com\/submit.php?url=https:\/\/igualdad.umh.es\/en\/2019\/01\/30\/11-guias-para-una-docencia-universitaria-con-perspectiva-de-genero\/' title='Save to BlogBookmark' rel='nofollow' style='background-image: url(https:\/\/igualdad.umh.es\/wp-content\/plugins\/bookmarkify\/imagecol.png); background-position:0px -51px'>BlogBookmark<\/a><\/div><div class='bookmarkifySiteLink'><a onclick='target=\"_blank\";' href='http:\/\/www.bloglines.com\/sub\/https:\/\/igualdad.umh.es\/en\/2019\/01\/30\/11-guias-para-una-docencia-universitaria-con-perspectiva-de-genero\/' title='Save to Bloglines' rel='nofollow' style='background-image: url(https:\/\/igualdad.umh.es\/wp-content\/plugins\/bookmarkify\/imagecol.png); background-position:0px -68px'>Bloglines<\/a><\/div><div class='bookmarkifySiteLink'><a onclick='target=\"_blank\";' href='http:\/\/blogmarks.net\/my\/new.php?mini=1&amp;simple=1&amp;url=https:\/\/igualdad.umh.es\/en\/2019\/01\/30\/11-guias-para-una-docencia-universitaria-con-perspectiva-de-genero\/&amp;title=11 Gu\u00edas para una docencia universitaria con perspectiva de g\u00e9nero' title='Save to BlogMarks' rel='nofollow' style='background-image: url(https:\/\/igualdad.umh.es\/wp-content\/plugins\/bookmarkify\/imagecol.png); background-position:0px -85px'>BlogMarks<\/a><\/div><div class='bookmarkifySiteLink'><a onclick='target=\"_blank\";' href='http:\/\/www.blogsvine.com\/submit.php?url=https:\/\/igualdad.umh.es\/en\/2019\/01\/30\/11-guias-para-una-docencia-universitaria-con-perspectiva-de-genero\/' title='Save to Blogsvine' rel='nofollow' style='background-image: url(https:\/\/igualdad.umh.es\/wp-content\/plugins\/bookmarkify\/imagecol.png); background-position:0px -102px'>Blogsvine<\/a><\/div><div class='bookmarkifySiteLink'><a onclick='target=\"_blank\";' href='http:\/\/www.buddymarks.com\/add_bookmark.php?bookmark_title=11 Gu\u00edas para una docencia universitaria con perspectiva de g\u00e9nero&amp;bookmark_url=https:\/\/igualdad.umh.es\/en\/2019\/01\/30\/11-guias-para-una-docencia-universitaria-con-perspectiva-de-genero\/' title='BuddyMark It' rel='nofollow' style='background-image: url(https:\/\/igualdad.umh.es\/wp-content\/plugins\/bookmarkify\/imagecol.png); background-position:0px -119px'>BuddyMarks<\/a><\/div><div class='bookmarkifySiteLink'><a onclick='target=\"_blank\";' href='http:\/\/www.bumpzee.com\/bump.php?u=https:\/\/igualdad.umh.es\/en\/2019\/01\/30\/11-guias-para-una-docencia-universitaria-con-perspectiva-de-genero\/' title='Save to BUMPzee!' rel='nofollow' style='background-image: url(https:\/\/igualdad.umh.es\/wp-content\/plugins\/bookmarkify\/imagecol.png); background-position:0px -136px'>BUMPzee!<\/a><\/div><div class='bookmarkifySiteLink'><a onclick='target=\"_blank\";' href='http:\/\/www.citeulike.org\/posturl?url=https:\/\/igualdad.umh.es\/en\/2019\/01\/30\/11-guias-para-una-docencia-universitaria-con-perspectiva-de-genero\/&amp;title=11 Gu\u00edas para una docencia universitaria con perspectiva de g\u00e9nero' title='Save to CiteULike' rel='nofollow' style='background-image: url(https:\/\/igualdad.umh.es\/wp-content\/plugins\/bookmarkify\/imagecol.png); background-position:0px -153px'>CiteULike<\/a><\/div><div class='bookmarkifySiteLink'><a onclick='target=\"_blank\";' href='http:\/\/www.connotea.org\/addpopup?continue=confirm&amp;uri=https:\/\/igualdad.umh.es\/en\/2019\/01\/30\/11-guias-para-una-docencia-universitaria-con-perspectiva-de-genero\/&amp;title=11 Gu\u00edas para una docencia universitaria con perspectiva de g\u00e9nero' title='Save to Connotea' rel='nofollow' style='background-image: url(https:\/\/igualdad.umh.es\/wp-content\/plugins\/bookmarkify\/imagecol.png); background-position:0px -187px'>Connotea<\/a><\/div><div class='bookmarkifySiteLink'><a onclick='target=\"_blank\";' href='http:\/\/del.icio.us\/post?url=https:\/\/igualdad.umh.es\/en\/2019\/01\/30\/11-guias-para-una-docencia-universitaria-con-perspectiva-de-genero\/&amp;title=11 Gu\u00edas para una docencia universitaria con perspectiva de g\u00e9nero' title='Save to del.icio.us' rel='nofollow' style='background-image: url(https:\/\/igualdad.umh.es\/wp-content\/plugins\/bookmarkify\/imagecol.png); background-position:0px -204px'>del.icio.us<\/a><\/div><\/td><td><div class='bookmarkifySiteLink'><a onclick='target=\"_blank\";' href='http:\/\/digg.com\/submit?phase=2&amp;url=https:\/\/igualdad.umh.es\/en\/2019\/01\/30\/11-guias-para-una-docencia-universitaria-con-perspectiva-de-genero\/&amp;title=11 Gu\u00edas para una docencia universitaria con perspectiva de g\u00e9nero' title='Digg It!' rel='nofollow' style='background-image: url(https:\/\/igualdad.umh.es\/wp-content\/plugins\/bookmarkify\/imagecol.png); background-position:0px -221px'>Digg<\/a><\/div><div class='bookmarkifySiteLink'><a onclick='target=\"_blank\";' href='http:\/\/www.diigo.com\/post?url=https:\/\/igualdad.umh.es\/en\/2019\/01\/30\/11-guias-para-una-docencia-universitaria-con-perspectiva-de-genero\/&amp;title=11 Gu\u00edas para una docencia universitaria con perspectiva de g\u00e9nero' title='Save to diigo' rel='nofollow' style='background-image: url(https:\/\/igualdad.umh.es\/wp-content\/plugins\/bookmarkify\/imagecol.png); background-position:0px -238px'>diigo<\/a><\/div><div class='bookmarkifySiteLink'><a onclick='target=\"_blank\";' href='http:\/\/www.dotnetkicks.com\/kick\/?url=https:\/\/igualdad.umh.es\/en\/2019\/01\/30\/11-guias-para-una-docencia-universitaria-con-perspectiva-de-genero\/&amp;title=11 Gu\u00edas para una docencia universitaria con perspectiva de g\u00e9nero' title='Save to DotNetKicks' rel='nofollow' style='background-image: url(https:\/\/igualdad.umh.es\/wp-content\/plugins\/bookmarkify\/imagecol.png); background-position:0px -255px'>DotNetKicks<\/a><\/div><div class='bookmarkifySiteLink'><a onclick='target=\"_blank\";' href='http:\/\/www.dropjack.com\/submit.php?url=https:\/\/igualdad.umh.es\/en\/2019\/01\/30\/11-guias-para-una-docencia-universitaria-con-perspectiva-de-genero\/' title='Save to DropJack' rel='nofollow' style='background-image: url(https:\/\/igualdad.umh.es\/wp-content\/plugins\/bookmarkify\/imagecol.png); background-position:0px -272px'>DropJack<\/a><\/div><div class='bookmarkifySiteLink'><a onclick='target=\"_blank\";' href='http:\/\/www.dzone.com\/links\/add.html?description=11 Gu\u00edas para una docencia universitaria con perspectiva de g\u00e9nero&amp;url=https:\/\/igualdad.umh.es\/en\/2019\/01\/30\/11-guias-para-una-docencia-universitaria-con-perspectiva-de-genero\/&amp;title=11 Gu\u00edas para una docencia universitaria con perspectiva de g\u00e9nero' title='Save to dzone' rel='nofollow' style='background-image: url(https:\/\/igualdad.umh.es\/wp-content\/plugins\/bookmarkify\/imagecol.png); background-position:0px -289px'>dzone<\/a><\/div><div class='bookmarkifySiteLink'><a onclick='target=\"_blank\";' href='http:\/\/www.facebook.com\/share.php?u=https:\/\/igualdad.umh.es\/en\/2019\/01\/30\/11-guias-para-una-docencia-universitaria-con-perspectiva-de-genero\/' title='Save to Facebook' rel='nofollow' style='background-image: url(https:\/\/igualdad.umh.es\/wp-content\/plugins\/bookmarkify\/imagecol.png); background-position:0px -306px'>Facebook<\/a><\/div><div class='bookmarkifySiteLink'><a onclick='target=\"_blank\";' href='http:\/\/cgi.fark.com\/cgi\/fark\/farkit.pl?u=https:\/\/igualdad.umh.es\/en\/2019\/01\/30\/11-guias-para-una-docencia-universitaria-con-perspectiva-de-genero\/&amp;h=11 Gu\u00edas para una docencia universitaria con perspectiva de g\u00e9nero' title='FarkIt!' rel='nofollow' style='background-image: url(https:\/\/igualdad.umh.es\/wp-content\/plugins\/bookmarkify\/imagecol.png); background-position:0px -323px'>Fark<\/a><\/div><div class='bookmarkifySiteLink'><a onclick='target=\"_blank\";' href='http:\/\/faves.com\/Authoring.aspx?u=https:\/\/igualdad.umh.es\/en\/2019\/01\/30\/11-guias-para-una-docencia-universitaria-con-perspectiva-de-genero\/&amp;t=11 Gu\u00edas para una docencia universitaria con perspectiva de g\u00e9nero' title='Save to Faves' rel='nofollow' style='background-image: url(https:\/\/igualdad.umh.es\/wp-content\/plugins\/bookmarkify\/imagecol.png); background-position:0px -340px'>Faves<\/a><\/div><div class='bookmarkifySiteLink'><a onclick='target=\"_blank\";' href='http:\/\/friendsite.com\/users\/bookmark\/?u=https:\/\/igualdad.umh.es\/en\/2019\/01\/30\/11-guias-para-una-docencia-universitaria-con-perspectiva-de-genero\/&amp;t=11 Gu\u00edas para una docencia universitaria con perspectiva de g\u00e9nero' title='Save to Friendsite' rel='nofollow' style='background-image: url(https:\/\/igualdad.umh.es\/wp-content\/plugins\/bookmarkify\/imagecol.png); background-position:0px -391px'>Friendsite<\/a><\/div><div class='bookmarkifySiteLink'><a onclick='target=\"_blank\";' href='http:\/\/www.folkd.com\/submit\/https:\/\/igualdad.umh.es\/en\/2019\/01\/30\/11-guias-para-una-docencia-universitaria-con-perspectiva-de-genero\/' title='Save to folkd.com' rel='nofollow' style='background-image: url(https:\/\/igualdad.umh.es\/wp-content\/plugins\/bookmarkify\/imagecol.png); background-position:0px -374px'>folkd.com<\/a><\/div><div class='bookmarkifySiteLink'><a onclick='target=\"_blank\";' href='http:\/\/www.furl.net\/storeIt.jsp?u=https:\/\/igualdad.umh.es\/en\/2019\/01\/30\/11-guias-para-una-docencia-universitaria-con-perspectiva-de-genero\/&amp;t=11 Gu\u00edas para una docencia universitaria con perspectiva de g\u00e9nero' title='Save to Furl' rel='nofollow' style='background-image: url(https:\/\/igualdad.umh.es\/wp-content\/plugins\/bookmarkify\/imagecol.png); background-position:0px -408px'>Furl<\/a><\/div><div class='bookmarkifySiteLink'><a onclick='target=\"_blank\";' href='http:\/\/www.google.com\/bookmarks\/mark?op=edit&amp;output=popup&amp;bkmk=https:\/\/igualdad.umh.es\/en\/2019\/01\/30\/11-guias-para-una-docencia-universitaria-con-perspectiva-de-genero\/&amp;title=11 Gu\u00edas para una docencia universitaria con perspectiva de g\u00e9nero' title='Save to Google Bookmarks' rel='nofollow' style='background-image: url(https:\/\/igualdad.umh.es\/wp-content\/plugins\/bookmarkify\/imagecol.png); background-position:0px -425px'>Google<\/a><\/div><\/td><td><div class='bookmarkifySiteLink'><a onclick='target=\"_blank\";' href='http:\/\/www.jamespot.com\/?action=spotit&url=https:\/\/igualdad.umh.es\/en\/2019\/01\/30\/11-guias-para-una-docencia-universitaria-con-perspectiva-de-genero\/' title='Spot It!' rel='nofollow' style='background-image: url(https:\/\/igualdad.umh.es\/wp-content\/plugins\/bookmarkify\/imagecol.png); background-position:0px -1122px'>Jamespot<\/a><\/div><div class='bookmarkifySiteLink'><a onclick='target=\"_blank\";' href='http:\/\/www.jeqq.com\/submit.php?url==https:\/\/igualdad.umh.es\/en\/2019\/01\/30\/11-guias-para-una-docencia-universitaria-con-perspectiva-de-genero\/&amp;title=11 Gu\u00edas para una docencia universitaria con perspectiva de g\u00e9nero' title='Save to Jeqq' rel='nofollow' style='background-image: url(https:\/\/igualdad.umh.es\/wp-content\/plugins\/bookmarkify\/imagecol.png); background-position:0px -459px'>Jeqq<\/a><\/div><div class='bookmarkifySiteLink'><a onclick='target=\"_blank\";' href='http:\/\/www.kaboodle.com\/za\/selectpage?p_pop=false&amp;pa=url&amp;u=https:\/\/igualdad.umh.es\/en\/2019\/01\/30\/11-guias-para-una-docencia-universitaria-con-perspectiva-de-genero\/' title='Save to Kaboodle' rel='nofollow' style='background-image: url(https:\/\/igualdad.umh.es\/wp-content\/plugins\/bookmarkify\/imagecol.png); background-position:0px -476px'>Kaboodle<\/a><\/div><div class='bookmarkifySiteLink'><a onclick='target=\"_blank\";' href='http:\/\/www.kirtsy.com\/submit.php?url=https:\/\/igualdad.umh.es\/en\/2019\/01\/30\/11-guias-para-una-docencia-universitaria-con-perspectiva-de-genero\/' title='Save to kirtsy' rel='nofollow' style='background-image: url(https:\/\/igualdad.umh.es\/wp-content\/plugins\/bookmarkify\/imagecol.png); background-position:0px -493px'>kirtsy<\/a><\/div><div class='bookmarkifySiteLink'><a onclick='target=\"_blank\";' href='http:\/\/www.linkagogo.com\/go\/AddNoPopup?url=https:\/\/igualdad.umh.es\/en\/2019\/01\/30\/11-guias-para-una-docencia-universitaria-con-perspectiva-de-genero\/&amp;title=11 Gu\u00edas para una docencia universitaria con perspectiva de g\u00e9nero' title='Save to linkaGoGo' rel='nofollow' style='background-image: url(https:\/\/igualdad.umh.es\/wp-content\/plugins\/bookmarkify\/imagecol.png); background-position:0px -510px'>linkaGoGo<\/a><\/div><div class='bookmarkifySiteLink'><a onclick='target=\"_blank\";' href='http:\/\/www.linkedin.com\/shareArticle?mini=true&url=https:\/\/igualdad.umh.es\/en\/2019\/01\/30\/11-guias-para-una-docencia-universitaria-con-perspectiva-de-genero\/&title=11 Gu\u00edas para una docencia universitaria con perspectiva de g\u00e9nero' title='Share on LinkedIn' rel='nofollow' style='background-image: url(https:\/\/igualdad.umh.es\/wp-content\/plugins\/bookmarkify\/imagecol.png); background-position:0px -1155px'>LinkedIn<\/a><\/div><div class='bookmarkifySiteLink'><a onclick='target=\"_blank\";' href='http:\/\/ma.gnolia.com\/bookmarklet\/add?url=https:\/\/igualdad.umh.es\/en\/2019\/01\/30\/11-guias-para-una-docencia-universitaria-con-perspectiva-de-genero\/&amp;title=11 Gu\u00edas para una docencia universitaria con perspectiva de g\u00e9nero' title='Save to Ma.gnolia' rel='nofollow' style='background-image: url(https:\/\/igualdad.umh.es\/wp-content\/plugins\/bookmarkify\/imagecol.png); background-position:0px -544px'>Ma.gnolia<\/a><\/div><div class='bookmarkifySiteLink'><a onclick='target=\"_blank\";' href='http:\/\/www.mister-wong.com\/index.php?action=addurl&amp;bm_url=https:\/\/igualdad.umh.es\/en\/2019\/01\/30\/11-guias-para-una-docencia-universitaria-con-perspectiva-de-genero\/&amp;bm_description=11 Gu\u00edas para una docencia universitaria con perspectiva de g\u00e9nero' title='Save to Mister Wong' rel='nofollow' style='background-image: url(https:\/\/igualdad.umh.es\/wp-content\/plugins\/bookmarkify\/imagecol.png); background-position:0px -561px'>Mister Wong<\/a><\/div><div class='bookmarkifySiteLink'><a onclick='target=\"_blank\";' href='http:\/\/www.mixx.com\/submit?page_url=https:\/\/igualdad.umh.es\/en\/2019\/01\/30\/11-guias-para-una-docencia-universitaria-con-perspectiva-de-genero\/' title='Save to Mixx' rel='nofollow' style='background-image: url(https:\/\/igualdad.umh.es\/wp-content\/plugins\/bookmarkify\/imagecol.png); background-position:0px -578px'>Mixx<\/a><\/div><div class='bookmarkifySiteLink'><a onclick='target=\"_blank\";' href='http:\/\/www.myspace.com\/Modules\/PostTo\/Pages\/?c=https:\/\/igualdad.umh.es\/en\/2019\/01\/30\/11-guias-para-una-docencia-universitaria-con-perspectiva-de-genero\/&amp;t=11 Gu\u00edas para una docencia universitaria con perspectiva de g\u00e9nero' title='Save to MySpace' rel='nofollow' style='background-image: url(https:\/\/igualdad.umh.es\/wp-content\/plugins\/bookmarkify\/imagecol.png); background-position:0px -595px'>MySpace<\/a><\/div><div class='bookmarkifySiteLink'><a onclick='target=\"_blank\";' href='http:\/\/www.netvouz.com\/action\/submitBookmark?url=https:\/\/igualdad.umh.es\/en\/2019\/01\/30\/11-guias-para-una-docencia-universitaria-con-perspectiva-de-genero\/&amp;title=11 Gu\u00edas para una docencia universitaria con perspectiva de g\u00e9nero&amp;popup=no' title='Save to Netvouz' rel='nofollow' style='background-image: url(https:\/\/igualdad.umh.es\/wp-content\/plugins\/bookmarkify\/imagecol.png); background-position:0px -629px'>Netvouz<\/a><\/div><div class='bookmarkifySiteLink'><a onclick='target=\"_blank\";' href='http:\/\/www.newsvine.com\/_tools\/seed?popoff=0&amp;u=https:\/\/igualdad.umh.es\/en\/2019\/01\/30\/11-guias-para-una-docencia-universitaria-con-perspectiva-de-genero\/' title='Seed Newsvine' rel='nofollow' style='background-image: url(https:\/\/igualdad.umh.es\/wp-content\/plugins\/bookmarkify\/imagecol.png); background-position:0px -646px'>Newsvine<\/a><\/div><\/td><td><div class='bookmarkifySiteLink'><a onclick='target=\"_blank\";' href='http:\/\/www.oneview.com\/quickadd\/neu\/addBookmark.jsf?URL=https:\/\/igualdad.umh.es\/en\/2019\/01\/30\/11-guias-para-una-docencia-universitaria-con-perspectiva-de-genero\/&amp;title=11 Gu\u00edas para una docencia universitaria con perspectiva de g\u00e9nero' title='Save to oneview' rel='nofollow' style='background-image: url(https:\/\/igualdad.umh.es\/wp-content\/plugins\/bookmarkify\/imagecol.png); background-position:0px -1054px'>oneview<\/a><\/div><div class='bookmarkifySiteLink'><a onclick='target=\"_blank\";' href='http:\/\/www.onlywire.com\/submit?u=https:\/\/igualdad.umh.es\/en\/2019\/01\/30\/11-guias-para-una-docencia-universitaria-con-perspectiva-de-genero\/&amp;t=11 Gu\u00edas para una docencia universitaria con perspectiva de g\u00e9nero' title='Save to OnlyWire' rel='nofollow' style='background-image: url(https:\/\/igualdad.umh.es\/wp-content\/plugins\/bookmarkify\/imagecol.png); background-position:0px -1071px'>OnlyWire<\/a><\/div><div class='bookmarkifySiteLink'><a onclick='target=\"_blank\";' href='http:\/\/www.plugim.com\/submit?url=https:\/\/igualdad.umh.es\/en\/2019\/01\/30\/11-guias-para-una-docencia-universitaria-con-perspectiva-de-genero\/&amp;title=11 Gu\u00edas para una docencia universitaria con perspectiva de g\u00e9nero' title='Promote on PlugIM' rel='nofollow' style='background-image: url(https:\/\/igualdad.umh.es\/wp-content\/plugins\/bookmarkify\/imagecol.png); background-position:0px -663px'>PlugIM<\/a><\/div><div class='bookmarkifySiteLink'><a onclick='target=\"_blank\";' href='http:\/\/www.propeller.com\/submit\/?U=https:\/\/igualdad.umh.es\/en\/2019\/01\/30\/11-guias-para-una-docencia-universitaria-con-perspectiva-de-genero\/&amp;T=11 Gu\u00edas para una docencia universitaria con perspectiva de g\u00e9nero' title='Submit to Propeller' rel='nofollow' style='background-image: url(https:\/\/igualdad.umh.es\/wp-content\/plugins\/bookmarkify\/imagecol.png); background-position:0px -697px'>Propeller<\/a><\/div><div class='bookmarkifySiteLink'><a onclick='target=\"_blank\";' href='http:\/\/reddit.com\/submit?url=https:\/\/igualdad.umh.es\/en\/2019\/01\/30\/11-guias-para-una-docencia-universitaria-con-perspectiva-de-genero\/&amp;title=11 Gu\u00edas para una docencia universitaria con perspectiva de g\u00e9nero' title='Reddit' rel='nofollow' style='background-image: url(https:\/\/igualdad.umh.es\/wp-content\/plugins\/bookmarkify\/imagecol.png); background-position:0px -714px'>Reddit<\/a><\/div><div class='bookmarkifySiteLink'><a onclick='target=\"_blank\";' href='http:\/\/segnalo.com\/post.html.php?url=https:\/\/igualdad.umh.es\/en\/2019\/01\/30\/11-guias-para-una-docencia-universitaria-con-perspectiva-de-genero\/&amp;title=11 Gu\u00edas para una docencia universitaria con perspectiva de g\u00e9nero' title='Save to Segnalo' rel='nofollow' style='background-image: url(https:\/\/igualdad.umh.es\/wp-content\/plugins\/bookmarkify\/imagecol.png); background-position:0px -748px'>Segnalo<\/a><\/div><div class='bookmarkifySiteLink'><a onclick='target=\"_blank\";' href='http:\/\/www.shoutwire.com\/?p=submit&amp;link=https:\/\/igualdad.umh.es\/en\/2019\/01\/30\/11-guias-para-una-docencia-universitaria-con-perspectiva-de-genero\/' title='Shout It!' rel='nofollow' style='background-image: url(https:\/\/igualdad.umh.es\/wp-content\/plugins\/bookmarkify\/imagecol.png); background-position:0px -765px'>Shoutwire<\/a><\/div><div class='bookmarkifySiteLink'><a onclick='target=\"_blank\";' href='http:\/\/www.simpy.com\/simpy\/LinkAdd.do?href=https:\/\/igualdad.umh.es\/en\/2019\/01\/30\/11-guias-para-una-docencia-universitaria-con-perspectiva-de-genero\/&amp;title=11 Gu\u00edas para una docencia universitaria con perspectiva de g\u00e9nero' title='Save to Simpy' rel='nofollow' style='background-image: url(https:\/\/igualdad.umh.es\/wp-content\/plugins\/bookmarkify\/imagecol.png); background-position:0px -782px'>Simpy<\/a><\/div><div class='bookmarkifySiteLink'><a onclick='target=\"_blank\";' href='http:\/\/slashdot.org\/bookmark.pl?url=https:\/\/igualdad.umh.es\/en\/2019\/01\/30\/11-guias-para-una-docencia-universitaria-con-perspectiva-de-genero\/&amp;title=11 Gu\u00edas para una docencia universitaria con perspectiva de g\u00e9nero' title='Slashdot It!' rel='nofollow' style='background-image: url(https:\/\/igualdad.umh.es\/wp-content\/plugins\/bookmarkify\/imagecol.png); background-position:0px -799px'>Slashdot<\/a><\/div><div class='bookmarkifySiteLink'><a onclick='target=\"_blank\";' href='http:\/\/www.surphace.com\/search?q=sphereit:https:\/\/igualdad.umh.es\/en\/2019\/01\/30\/11-guias-para-una-docencia-universitaria-con-perspectiva-de-genero\/&amp;title=11 Gu\u00edas para una docencia universitaria con perspectiva de g\u00e9nero' title='Save to Surphace' rel='nofollow' style='background-image: url(https:\/\/igualdad.umh.es\/wp-content\/plugins\/bookmarkify\/imagecol.png); background-position:0px -816px'>Surphace<\/a><\/div><div class='bookmarkifySiteLink'><a onclick='target=\"_blank\";' href='http:\/\/sphinn.com\/submit.php?url=https:\/\/igualdad.umh.es\/en\/2019\/01\/30\/11-guias-para-una-docencia-universitaria-con-perspectiva-de-genero\/&amp;title=11 Gu\u00edas para una docencia universitaria con perspectiva de g\u00e9nero' title='Sphinn' rel='nofollow' style='background-image: url(https:\/\/igualdad.umh.es\/wp-content\/plugins\/bookmarkify\/imagecol.png); background-position:0px -833px'>Sphinn<\/a><\/div><div class='bookmarkifySiteLink'><a onclick='target=\"_blank\";' href='http:\/\/www.spurl.net\/spurl.php?url=https:\/\/igualdad.umh.es\/en\/2019\/01\/30\/11-guias-para-una-docencia-universitaria-con-perspectiva-de-genero\/&amp;title=11 Gu\u00edas para una docencia universitaria con perspectiva de g\u00e9nero' title='Save to Spurl' rel='nofollow' style='background-image: url(https:\/\/igualdad.umh.es\/wp-content\/plugins\/bookmarkify\/imagecol.png); background-position:0px -850px'>Spurl<\/a><\/div><\/td><td><div class='bookmarkifySiteLink'><a onclick='target=\"_blank\";' href='http:\/\/www.squidoo.com\/lensmaster\/bookmark?https:\/\/igualdad.umh.es\/en\/2019\/01\/30\/11-guias-para-una-docencia-universitaria-con-perspectiva-de-genero\/' title='Save to Squidoo' rel='nofollow' style='background-image: url(https:\/\/igualdad.umh.es\/wp-content\/plugins\/bookmarkify\/imagecol.png); background-position:0px -867px'>Squidoo<\/a><\/div><div class='bookmarkifySiteLink'><a onclick='target=\"_blank\";' href='http:\/\/www.stumbleupon.com\/submit?url=https:\/\/igualdad.umh.es\/en\/2019\/01\/30\/11-guias-para-una-docencia-universitaria-con-perspectiva-de-genero\/&amp;title=11 Gu\u00edas para una docencia universitaria con perspectiva de g\u00e9nero' title='Stumble It!' rel='nofollow' style='background-image: url(https:\/\/igualdad.umh.es\/wp-content\/plugins\/bookmarkify\/imagecol.png); background-position:0px -884px'>StumbleUpon<\/a><\/div><div class='bookmarkifySiteLink'><a onclick='target=\"_blank\";' href='http:\/\/technorati.com\/faves?add=https:\/\/igualdad.umh.es\/en\/2019\/01\/30\/11-guias-para-una-docencia-universitaria-con-perspectiva-de-genero\/' title='Add to my Technorati Favorites' rel='nofollow' style='background-image: url(https:\/\/igualdad.umh.es\/wp-content\/plugins\/bookmarkify\/imagecol.png); background-position:0px -901px'>Technorati<\/a><\/div><div class='bookmarkifySiteLink'><a onclick='target=\"_blank\";' href='http:\/\/www.thisnext.com\/pick\/new\/submit\/sociable\/?url=https:\/\/igualdad.umh.es\/en\/2019\/01\/30\/11-guias-para-una-docencia-universitaria-con-perspectiva-de-genero\/&amp;name=11 Gu\u00edas para una docencia universitaria con perspectiva de g\u00e9nero' title='Save to ThisNext' rel='nofollow' style='background-image: url(https:\/\/igualdad.umh.es\/wp-content\/plugins\/bookmarkify\/imagecol.png); background-position:0px -918px'>ThisNext<\/a><\/div><div class='bookmarkifySiteLink'><a onclick='target=\"_blank\";' href='http:\/\/twitter.com\/home\/?status=11 Gu\u00edas para una docencia universitaria con perspectiva de g\u00e9nero+https:\/\/igualdad.umh.es\/en\/2019\/01\/30\/11-guias-para-una-docencia-universitaria-con-perspectiva-de-genero\/' title='Save to Twitter' rel='nofollow' style='background-image: url(https:\/\/igualdad.umh.es\/wp-content\/plugins\/bookmarkify\/imagecol.png); background-position:0px -1105px'>Twitter<\/a><\/div><div class='bookmarkifySiteLink'><a onclick='target=\"_blank\";' href='http:\/\/webride.org\/discuss\/split.php?uri=https:\/\/igualdad.umh.es\/en\/2019\/01\/30\/11-guias-para-una-docencia-universitaria-con-perspectiva-de-genero\/&amp;title=11 Gu\u00edas para una docencia universitaria con perspectiva de g\u00e9nero' title='Discuss on Webride' rel='nofollow' style='background-image: url(https:\/\/igualdad.umh.es\/wp-content\/plugins\/bookmarkify\/imagecol.png); background-position:0px -935px'>Webride<\/a><\/div><div class='bookmarkifySiteLink'><a onclick='target=\"_blank\";' href='https:\/\/favorites.live.com\/quickadd.aspx?mkt=en-us&amp;url=https:\/\/igualdad.umh.es\/en\/2019\/01\/30\/11-guias-para-una-docencia-universitaria-con-perspectiva-de-genero\/&amp;title=11 Gu\u00edas para una docencia universitaria con perspectiva de g\u00e9nero' title='Save to Windows Live' rel='nofollow' style='background-image: url(https:\/\/igualdad.umh.es\/wp-content\/plugins\/bookmarkify\/imagecol.png); background-position:0px -952px'>Windows Live<\/a><\/div><div class='bookmarkifySiteLink'><a onclick='target=\"_blank\";' href='http:\/\/bookmarks.yahoo.com\/toolbar\/savebm?opener=tb&amp;u=https:\/\/igualdad.umh.es\/en\/2019\/01\/30\/11-guias-para-una-docencia-universitaria-con-perspectiva-de-genero\/&amp;t=11 Gu\u00edas para una docencia universitaria con perspectiva de g\u00e9nero' title='Save to Yahoo! Bookmarks' rel='nofollow' style='background-image: url(https:\/\/igualdad.umh.es\/wp-content\/plugins\/bookmarkify\/imagecol.png); background-position:0px -969px'>Yahoo!<\/a><\/div><\/td><\/tr><\/table><\/div><div class='bookmarkifyEmail'><a rel='nofollow' href='http:\/\/www.feedburner.com\/fb\/a\/emailFlare?loc=en_US&amp;itemTitle=11 Gu\u00edas para una docencia universitaria con perspectiva de g\u00e9nero&amp;uri=https:\/\/igualdad.umh.es\/en\/2019\/01\/30\/11-guias-para-una-docencia-universitaria-con-perspectiva-de-genero\/' style='background-image: url(https:\/\/igualdad.umh.es\/wp-content\/plugins\/bookmarkify\/imagecol.png); background-position:0px -1003px;'>Email This to a Friend<\/a><\/div><div class='bookmarkifyCopyHTML'>&nbsp;&nbsp;Link HTML:&nbsp;<input readonly='readonly' onclick='this.select();' type='text' value='&lt;a href=\"https:\/\/igualdad.umh.es\/en\/2019\/01\/30\/11-guias-para-una-docencia-universitaria-con-perspectiva-de-genero\/\"&gt;11 Gu\u00edas para una docencia universitaria con perspectiva de g\u00e9nero&lt;\/a&gt;' size='84' title='Copy this HTML to create a link to this page' \/><\/div><div class='bookmarkifyCopyHTML'>&nbsp;Permalink:&nbsp;<input readonly='readonly' onclick='this.select();' type='text' value='https:\/\/igualdad.umh.es\/en\/2019\/01\/30\/11-guias-para-una-docencia-universitaria-con-perspectiva-de-genero\/' size='84' title='Copy this Permalink' \/><\/div><div class='bookmarkifySubscribe'><span class='bookmarkifySubscribeIcon' style='background-image: url(https:\/\/igualdad.umh.es\/wp-content\/plugins\/bookmarkify\/imagecol.png); background-position:0px -1020px;'>&nbsp;<\/span>If you like this then please subscribe to the <a href='https:\/\/igualdad.umh.es\/en\/feed\/' onclick='target=\"_blank\";' rel='nofollow'>RSS Feed<\/a>.<\/div><div class='bookmarkifyPoweredBy'><a href='http:\/\/www.bookmarkify.com\/'>Powered by Bookmarkify&trade;<\/a><\/div><\/div><div class='linkbuttons'><a href='http:\/\/www.facebook.com\/share.php?u=https:\/\/igualdad.umh.es\/en\/2019\/01\/30\/11-guias-para-una-docencia-universitaria-con-perspectiva-de-genero\/' title='Save to Facebook' onclick='target=\"_blank\";' rel='nofollow'><img src='https:\/\/igualdad.umh.es\/wp-content\/plugins\/bookmarkify\/facebook.png' style='width:16px; height:16px;' alt='[Facebook] ' \/><\/a> <a href='http:\/\/twitter.com\/home\/?status=11 Gu\u00edas para una docencia universitaria con perspectiva de g\u00e9nero+https:\/\/igualdad.umh.es\/en\/2019\/01\/30\/11-guias-para-una-docencia-universitaria-con-perspectiva-de-genero\/' title='Save to Twitter' onclick='target=\"_blank\";' rel='nofollow'><img src='https:\/\/igualdad.umh.es\/wp-content\/plugins\/bookmarkify\/twitter.png' style='width:16px; height:16px;' alt='[Twitter] ' \/><\/a>  <a title='See more bookmark and sharing options...' href='https:\/\/igualdad.umh.es\/en\/2019\/01\/30\/11-guias-para-una-docencia-universitaria-con-perspectiva-de-genero\/#bookmarkify' onclick='document.getElementById(\"bookmarkifyMore1\").style.display=\"block\"; return false;' rel='nofollow'><small>More&nbsp;&raquo;<\/small><\/a><\/div><\/div>","protected":false},"excerpt":{"rendered":"<p>&nbsp;<br \/>\n&nbsp;<br \/>\n&nbsp;<br \/>\n&nbsp;<\/p>\n<p>&nbsp;<br \/>\nLas Unidades de Igualdad de las universidades de la Xarxa Vives han publicado una colecci\u00f3n de 11 Guies per a una doc\u00e8ncia universit\u00e0ria amb perspectiva de g\u00e8nere. Las publicaciones est\u00e1n dirigidas al profesorado y ofrecen recursos para eliminar la ceguera al g\u00e9nero en la docencia, la investigaci\u00f3n y la gesti\u00f3n universitarias.<br \/>\nEl objetivo de la colecci\u00f3n [&#8230;]<\/p>\n","protected":false},"author":389,"featured_media":0,"comment_status":"closed","ping_status":"open","sticky":false,"template":"","format":"standard","meta":{"ngg_post_thumbnail":0,"_links_to":"","_links_to_target":""},"categories":[4047,65,630,4,164,507,1222,568,23,873,75],"tags":[2290],"_links":{"self":[{"href":"https:\/\/igualdad.umh.es\/en\/wp-json\/wp\/v2\/posts\/1193"}],"collection":[{"href":"https:\/\/igualdad.umh.es\/en\/wp-json\/wp\/v2\/posts"}],"about":[{"href":"https:\/\/igualdad.umh.es\/en\/wp-json\/wp\/v2\/types\/post"}],"author":[{"embeddable":true,"href":"https:\/\/igualdad.umh.es\/en\/wp-json\/wp\/v2\/users\/389"}],"replies":[{"embeddable":true,"href":"https:\/\/igualdad.umh.es\/en\/wp-json\/wp\/v2\/comments?post=1193"}],"version-history":[{"count":0,"href":"https:\/\/igualdad.umh.es\/en\/wp-json\/wp\/v2\/posts\/1193\/revisions"}],"wp:attachment":[{"href":"https:\/\/igualdad.umh.es\/en\/wp-json\/wp\/v2\/media?parent=1193"}],"wp:term":[{"taxonomy":"category","embeddable":true,"href":"https:\/\/igualdad.umh.es\/en\/wp-json\/wp\/v2\/categories?post=1193"},{"taxonomy":"post_tag","embeddable":true,"href":"https:\/\/igualdad.umh.es\/en\/wp-json\/wp\/v2\/tags?post=1193"}],"curies":[{"name":"wp","href":"https:\/\/api.w.org\/{rel}","templated":true}]}}