{"id":1460,"date":"2019-10-23T09:37:36","date_gmt":"2019-10-23T07:37:36","guid":{"rendered":"http:\/\/igualdad.umh.es\/?p=1460"},"modified":"2019-10-23T09:40:37","modified_gmt":"2019-10-23T07:40:37","slug":"la-violencia-de-genero-no-es-un-suceso-taller-de-periodismo","status":"publish","type":"post","link":"https:\/\/igualdad.umh.es\/en\/2019\/10\/23\/la-violencia-de-genero-no-es-un-suceso-taller-de-periodismo\/","title":{"rendered":"La violencia de g\u00e9nero no es un suceso. Taller de periodismo"},"content":{"rendered":"<p><a href=\"https:\/\/igualdad.umh.es\/files\/2019\/10\/AcrtelTallerPeriodismoVGnov2019.jpg\"><img loading=\"lazy\" class=\" wp-image-1463 alignleft\" src=\"https:\/\/igualdad.umh.es\/files\/2019\/10\/AcrtelTallerPeriodismoVGnov2019-300x222.jpg\" alt=\"\" width=\"491\" height=\"364\" srcset=\"https:\/\/igualdad.umh.es\/files\/2019\/10\/AcrtelTallerPeriodismoVGnov2019-300x222.jpg 300w, https:\/\/igualdad.umh.es\/files\/2019\/10\/AcrtelTallerPeriodismoVGnov2019-768x569.jpg 768w, https:\/\/igualdad.umh.es\/files\/2019\/10\/AcrtelTallerPeriodismoVGnov2019-1024x758.jpg 1024w, https:\/\/igualdad.umh.es\/files\/2019\/10\/AcrtelTallerPeriodismoVGnov2019.jpg 2000w\" sizes=\"(max-width: 491px) 100vw, 491px\" \/><\/a>La UMH acoge un taller sobre c\u00f3mo informar con perspectiva de g\u00e9nero<\/p>\n<p style=\"text-align: justify\">La Unidad de Igualdad propone el taller para informar con perspectiva de g\u00e9nero La violencia de g\u00e9nero no es un suceso, impartido por la profesora de Antropolog\u00eda Social de la UMH Purificaci\u00f3n Heras Gonz\u00e1lez y la periodista social Lorena Escandell Carbonell, en el marco de los cursos de invierno 2019-2020 del Vicerrectorado de Cultura.<br \/>\nLa iniciativa, de 25 horas de duraci\u00f3n, se desarrollar\u00e1 los d\u00edas<\/p>\n<p style=\"text-align: justify\"><strong>11, 13, 14, 18 y 20 de noviembre de 16.00h a 20.00h en el Campus de Elche<\/strong><\/p>\n<p style=\"text-align: justify\">A lo largo de estos d\u00edas, se abordar\u00e1n cuestiones como la representaci\u00f3n de las mujeres en los medios de comunicaci\u00f3n, el tratamiento informativo de la violencia de g\u00e9nero, las diferentes formas de violencia contra las mujeres y las estructuras y din\u00e1micas de poder que las justifican y perpet\u00faan; la normativa en materia de igualdad y comunicaci\u00f3n, entre otras.<br \/>\nEl objetivo del taller, enmarcado en las acciones formativas en material de igualdad entre hombres y mujeres del Plan de Igualdad UMH, es fomentar la conciencia cr\u00edtica para interpretar y elaborar informaci\u00f3n; concienciar en la importancia que reviste qu\u00e9 y c\u00f3mo se comunica; concienciar de la importancia de la comunicaci\u00f3n en la difusi\u00f3n y construcci\u00f3n de la representaci\u00f3n social de las mujeres; visibilizar el tratamiento discriminatorio de las mujeres en los medios de comunicaci\u00f3n; fomentar la transmisi\u00f3n de una imagen igualitaria y no estereotipada de mujeres y hombres; presentar referentes, recursos y buenas pr\u00e1cticas period\u00edsticas en materia de violencia contra las mujeres; dar a conocer recomendaciones para informar con perspectiva de g\u00e9nero.<\/p>\n<p>M\u00e1s informaci\u00f3n sobre el Curso <a href=\"https:\/\/www.umh.es\/contenido\/Estudiantes\/:tit_fpo_10604\/datos_es.html\" target=\"_blank\" rel=\"noopener noreferrer\">enlace<\/a><\/p>\n<div class='bookmarkify'><a name='bookmarkify'><\/a><link rel='stylesheet' type='text\/css' href='https:\/\/igualdad.umh.es\/wp-content\/plugins\/bookmarkify\/more.css' \/><div class='bookmarkifyMoreWindow' id='bookmarkifyMore1' style='display:none;position:absolute;'><div class='bookmarkifyMoreWindowHeader'><a rel='nofollow' href='https:\/\/igualdad.umh.es\/en\/2019\/10\/23\/la-violencia-de-genero-no-es-un-suceso-taller-de-periodismo\/#bookmarkify' onclick='document.getElementById(\"bookmarkifyMore1\").style.display=\"none\"; return false;'>Close<span class='bookmarkifyCloseIcon' style='background-image: url(https:\/\/igualdad.umh.es\/wp-content\/plugins\/bookmarkify\/imagecol.png); background-position:0px -1037px;'>&nbsp;<\/span><\/a>Bookmark and Share This Page <\/div><div class='bookmarkifySaveToBrowser'><a rel='nofollow' href='https:\/\/igualdad.umh.es\/en\/2019\/10\/23\/la-violencia-de-genero-no-es-un-suceso-taller-de-periodismo\/#bookmarkify' onclick='javascript:if(document.all){window.external.AddFavorite(\"https:\/\/igualdad.umh.es\/en\/2019\/10\/23\/la-violencia-de-genero-no-es-un-suceso-taller-de-periodismo\/\", \"La violencia de g\u00e9nero no es un suceso. Taller de periodismo\");} else if(window.sidebar){window.sidebar.addPanel(\"La violencia de g\u00e9nero no es un suceso. Taller de periodismo\", \"https:\/\/igualdad.umh.es\/en\/2019\/10\/23\/la-violencia-de-genero-no-es-un-suceso-taller-de-periodismo\/\", \"\");}return false;' style='background-image: url(https:\/\/igualdad.umh.es\/wp-content\/plugins\/bookmarkify\/imagecol.png); background-position:0px -986px;'>Save to Browser Favorites \/ Bookmarks<\/a><\/div><div class='bookmarkifySiteLinks'><table cellspacing='3'><tr><td><div class='bookmarkifySiteLink'><a onclick='target=\"_blank\";' href='http:\/\/myjeeves.ask.com\/mysearch\/BookmarkIt?v=1.2&amp;t=webpages&amp;url=https:\/\/igualdad.umh.es\/en\/2019\/10\/23\/la-violencia-de-genero-no-es-un-suceso-taller-de-periodismo\/&amp;title=La violencia de g\u00e9nero no es un suceso. Taller de periodismo' title='Save to Ask' rel='nofollow' style='background-image: url(https:\/\/igualdad.umh.es\/wp-content\/plugins\/bookmarkify\/imagecol.png); background-position:0px -0px'>Ask<\/a><\/div><div class='bookmarkifySiteLink'><a onclick='target=\"_blank\";' href='http:\/\/www.backflip.com\/add_page_pop.ihtml?url=https:\/\/igualdad.umh.es\/en\/2019\/10\/23\/la-violencia-de-genero-no-es-un-suceso-taller-de-periodismo\/&amp;title=La violencia de g\u00e9nero no es un suceso. Taller de periodismo' title='Save to backflip' rel='nofollow' style='background-image: url(https:\/\/igualdad.umh.es\/wp-content\/plugins\/bookmarkify\/imagecol.png); background-position:0px -17px'>backflip<\/a><\/div><div class='bookmarkifySiteLink'><a onclick='target=\"_blank\";' href='http:\/\/blinklist.com\/index.php?Action=Blink\/addblink.php&amp;Url=https:\/\/igualdad.umh.es\/en\/2019\/10\/23\/la-violencia-de-genero-no-es-un-suceso-taller-de-periodismo\/&amp;Title=La violencia de g\u00e9nero no es un suceso. Taller de periodismo' title='Save to blinklist' rel='nofollow' style='background-image: url(https:\/\/igualdad.umh.es\/wp-content\/plugins\/bookmarkify\/imagecol.png); background-position:0px -34px'>blinklist<\/a><\/div><div class='bookmarkifySiteLink'><a onclick='target=\"_blank\";' href='http:\/\/www.blogbookmark.com\/submit.php?url=https:\/\/igualdad.umh.es\/en\/2019\/10\/23\/la-violencia-de-genero-no-es-un-suceso-taller-de-periodismo\/' title='Save to BlogBookmark' rel='nofollow' style='background-image: url(https:\/\/igualdad.umh.es\/wp-content\/plugins\/bookmarkify\/imagecol.png); background-position:0px -51px'>BlogBookmark<\/a><\/div><div class='bookmarkifySiteLink'><a onclick='target=\"_blank\";' href='http:\/\/www.bloglines.com\/sub\/https:\/\/igualdad.umh.es\/en\/2019\/10\/23\/la-violencia-de-genero-no-es-un-suceso-taller-de-periodismo\/' title='Save to Bloglines' rel='nofollow' style='background-image: url(https:\/\/igualdad.umh.es\/wp-content\/plugins\/bookmarkify\/imagecol.png); background-position:0px -68px'>Bloglines<\/a><\/div><div class='bookmarkifySiteLink'><a onclick='target=\"_blank\";' href='http:\/\/blogmarks.net\/my\/new.php?mini=1&amp;simple=1&amp;url=https:\/\/igualdad.umh.es\/en\/2019\/10\/23\/la-violencia-de-genero-no-es-un-suceso-taller-de-periodismo\/&amp;title=La violencia de g\u00e9nero no es un suceso. Taller de periodismo' title='Save to BlogMarks' rel='nofollow' style='background-image: url(https:\/\/igualdad.umh.es\/wp-content\/plugins\/bookmarkify\/imagecol.png); background-position:0px -85px'>BlogMarks<\/a><\/div><div class='bookmarkifySiteLink'><a onclick='target=\"_blank\";' href='http:\/\/www.blogsvine.com\/submit.php?url=https:\/\/igualdad.umh.es\/en\/2019\/10\/23\/la-violencia-de-genero-no-es-un-suceso-taller-de-periodismo\/' title='Save to Blogsvine' rel='nofollow' style='background-image: url(https:\/\/igualdad.umh.es\/wp-content\/plugins\/bookmarkify\/imagecol.png); background-position:0px -102px'>Blogsvine<\/a><\/div><div class='bookmarkifySiteLink'><a onclick='target=\"_blank\";' href='http:\/\/www.buddymarks.com\/add_bookmark.php?bookmark_title=La violencia de g\u00e9nero no es un suceso. Taller de periodismo&amp;bookmark_url=https:\/\/igualdad.umh.es\/en\/2019\/10\/23\/la-violencia-de-genero-no-es-un-suceso-taller-de-periodismo\/' title='BuddyMark It' rel='nofollow' style='background-image: url(https:\/\/igualdad.umh.es\/wp-content\/plugins\/bookmarkify\/imagecol.png); background-position:0px -119px'>BuddyMarks<\/a><\/div><div class='bookmarkifySiteLink'><a onclick='target=\"_blank\";' href='http:\/\/www.bumpzee.com\/bump.php?u=https:\/\/igualdad.umh.es\/en\/2019\/10\/23\/la-violencia-de-genero-no-es-un-suceso-taller-de-periodismo\/' title='Save to BUMPzee!' rel='nofollow' style='background-image: url(https:\/\/igualdad.umh.es\/wp-content\/plugins\/bookmarkify\/imagecol.png); background-position:0px -136px'>BUMPzee!<\/a><\/div><div class='bookmarkifySiteLink'><a onclick='target=\"_blank\";' href='http:\/\/www.citeulike.org\/posturl?url=https:\/\/igualdad.umh.es\/en\/2019\/10\/23\/la-violencia-de-genero-no-es-un-suceso-taller-de-periodismo\/&amp;title=La violencia de g\u00e9nero no es un suceso. Taller de periodismo' title='Save to CiteULike' rel='nofollow' style='background-image: url(https:\/\/igualdad.umh.es\/wp-content\/plugins\/bookmarkify\/imagecol.png); background-position:0px -153px'>CiteULike<\/a><\/div><div class='bookmarkifySiteLink'><a onclick='target=\"_blank\";' href='http:\/\/www.connotea.org\/addpopup?continue=confirm&amp;uri=https:\/\/igualdad.umh.es\/en\/2019\/10\/23\/la-violencia-de-genero-no-es-un-suceso-taller-de-periodismo\/&amp;title=La violencia de g\u00e9nero no es un suceso. Taller de periodismo' title='Save to Connotea' rel='nofollow' style='background-image: url(https:\/\/igualdad.umh.es\/wp-content\/plugins\/bookmarkify\/imagecol.png); background-position:0px -187px'>Connotea<\/a><\/div><div class='bookmarkifySiteLink'><a onclick='target=\"_blank\";' href='http:\/\/del.icio.us\/post?url=https:\/\/igualdad.umh.es\/en\/2019\/10\/23\/la-violencia-de-genero-no-es-un-suceso-taller-de-periodismo\/&amp;title=La violencia de g\u00e9nero no es un suceso. Taller de periodismo' title='Save to del.icio.us' rel='nofollow' style='background-image: url(https:\/\/igualdad.umh.es\/wp-content\/plugins\/bookmarkify\/imagecol.png); background-position:0px -204px'>del.icio.us<\/a><\/div><\/td><td><div class='bookmarkifySiteLink'><a onclick='target=\"_blank\";' href='http:\/\/digg.com\/submit?phase=2&amp;url=https:\/\/igualdad.umh.es\/en\/2019\/10\/23\/la-violencia-de-genero-no-es-un-suceso-taller-de-periodismo\/&amp;title=La violencia de g\u00e9nero no es un suceso. Taller de periodismo' title='Digg It!' rel='nofollow' style='background-image: url(https:\/\/igualdad.umh.es\/wp-content\/plugins\/bookmarkify\/imagecol.png); background-position:0px -221px'>Digg<\/a><\/div><div class='bookmarkifySiteLink'><a onclick='target=\"_blank\";' href='http:\/\/www.diigo.com\/post?url=https:\/\/igualdad.umh.es\/en\/2019\/10\/23\/la-violencia-de-genero-no-es-un-suceso-taller-de-periodismo\/&amp;title=La violencia de g\u00e9nero no es un suceso. Taller de periodismo' title='Save to diigo' rel='nofollow' style='background-image: url(https:\/\/igualdad.umh.es\/wp-content\/plugins\/bookmarkify\/imagecol.png); background-position:0px -238px'>diigo<\/a><\/div><div class='bookmarkifySiteLink'><a onclick='target=\"_blank\";' href='http:\/\/www.dotnetkicks.com\/kick\/?url=https:\/\/igualdad.umh.es\/en\/2019\/10\/23\/la-violencia-de-genero-no-es-un-suceso-taller-de-periodismo\/&amp;title=La violencia de g\u00e9nero no es un suceso. Taller de periodismo' title='Save to DotNetKicks' rel='nofollow' style='background-image: url(https:\/\/igualdad.umh.es\/wp-content\/plugins\/bookmarkify\/imagecol.png); background-position:0px -255px'>DotNetKicks<\/a><\/div><div class='bookmarkifySiteLink'><a onclick='target=\"_blank\";' href='http:\/\/www.dropjack.com\/submit.php?url=https:\/\/igualdad.umh.es\/en\/2019\/10\/23\/la-violencia-de-genero-no-es-un-suceso-taller-de-periodismo\/' title='Save to DropJack' rel='nofollow' style='background-image: url(https:\/\/igualdad.umh.es\/wp-content\/plugins\/bookmarkify\/imagecol.png); background-position:0px -272px'>DropJack<\/a><\/div><div class='bookmarkifySiteLink'><a onclick='target=\"_blank\";' href='http:\/\/www.dzone.com\/links\/add.html?description=La violencia de g\u00e9nero no es un suceso. Taller de periodismo&amp;url=https:\/\/igualdad.umh.es\/en\/2019\/10\/23\/la-violencia-de-genero-no-es-un-suceso-taller-de-periodismo\/&amp;title=La violencia de g\u00e9nero no es un suceso. Taller de periodismo' title='Save to dzone' rel='nofollow' style='background-image: url(https:\/\/igualdad.umh.es\/wp-content\/plugins\/bookmarkify\/imagecol.png); background-position:0px -289px'>dzone<\/a><\/div><div class='bookmarkifySiteLink'><a onclick='target=\"_blank\";' href='http:\/\/www.facebook.com\/share.php?u=https:\/\/igualdad.umh.es\/en\/2019\/10\/23\/la-violencia-de-genero-no-es-un-suceso-taller-de-periodismo\/' title='Save to Facebook' rel='nofollow' style='background-image: url(https:\/\/igualdad.umh.es\/wp-content\/plugins\/bookmarkify\/imagecol.png); background-position:0px -306px'>Facebook<\/a><\/div><div class='bookmarkifySiteLink'><a onclick='target=\"_blank\";' href='http:\/\/cgi.fark.com\/cgi\/fark\/farkit.pl?u=https:\/\/igualdad.umh.es\/en\/2019\/10\/23\/la-violencia-de-genero-no-es-un-suceso-taller-de-periodismo\/&amp;h=La violencia de g\u00e9nero no es un suceso. Taller de periodismo' title='FarkIt!' rel='nofollow' style='background-image: url(https:\/\/igualdad.umh.es\/wp-content\/plugins\/bookmarkify\/imagecol.png); background-position:0px -323px'>Fark<\/a><\/div><div class='bookmarkifySiteLink'><a onclick='target=\"_blank\";' href='http:\/\/faves.com\/Authoring.aspx?u=https:\/\/igualdad.umh.es\/en\/2019\/10\/23\/la-violencia-de-genero-no-es-un-suceso-taller-de-periodismo\/&amp;t=La violencia de g\u00e9nero no es un suceso. Taller de periodismo' title='Save to Faves' rel='nofollow' style='background-image: url(https:\/\/igualdad.umh.es\/wp-content\/plugins\/bookmarkify\/imagecol.png); background-position:0px -340px'>Faves<\/a><\/div><div class='bookmarkifySiteLink'><a onclick='target=\"_blank\";' href='http:\/\/friendsite.com\/users\/bookmark\/?u=https:\/\/igualdad.umh.es\/en\/2019\/10\/23\/la-violencia-de-genero-no-es-un-suceso-taller-de-periodismo\/&amp;t=La violencia de g\u00e9nero no es un suceso. Taller de periodismo' title='Save to Friendsite' rel='nofollow' style='background-image: url(https:\/\/igualdad.umh.es\/wp-content\/plugins\/bookmarkify\/imagecol.png); background-position:0px -391px'>Friendsite<\/a><\/div><div class='bookmarkifySiteLink'><a onclick='target=\"_blank\";' href='http:\/\/www.folkd.com\/submit\/https:\/\/igualdad.umh.es\/en\/2019\/10\/23\/la-violencia-de-genero-no-es-un-suceso-taller-de-periodismo\/' title='Save to folkd.com' rel='nofollow' style='background-image: url(https:\/\/igualdad.umh.es\/wp-content\/plugins\/bookmarkify\/imagecol.png); background-position:0px -374px'>folkd.com<\/a><\/div><div class='bookmarkifySiteLink'><a onclick='target=\"_blank\";' href='http:\/\/www.furl.net\/storeIt.jsp?u=https:\/\/igualdad.umh.es\/en\/2019\/10\/23\/la-violencia-de-genero-no-es-un-suceso-taller-de-periodismo\/&amp;t=La violencia de g\u00e9nero no es un suceso. Taller de periodismo' title='Save to Furl' rel='nofollow' style='background-image: url(https:\/\/igualdad.umh.es\/wp-content\/plugins\/bookmarkify\/imagecol.png); background-position:0px -408px'>Furl<\/a><\/div><div class='bookmarkifySiteLink'><a onclick='target=\"_blank\";' href='http:\/\/www.google.com\/bookmarks\/mark?op=edit&amp;output=popup&amp;bkmk=https:\/\/igualdad.umh.es\/en\/2019\/10\/23\/la-violencia-de-genero-no-es-un-suceso-taller-de-periodismo\/&amp;title=La violencia de g\u00e9nero no es un suceso. Taller de periodismo' title='Save to Google Bookmarks' rel='nofollow' style='background-image: url(https:\/\/igualdad.umh.es\/wp-content\/plugins\/bookmarkify\/imagecol.png); background-position:0px -425px'>Google<\/a><\/div><\/td><td><div class='bookmarkifySiteLink'><a onclick='target=\"_blank\";' href='http:\/\/www.jamespot.com\/?action=spotit&url=https:\/\/igualdad.umh.es\/en\/2019\/10\/23\/la-violencia-de-genero-no-es-un-suceso-taller-de-periodismo\/' title='Spot It!' rel='nofollow' style='background-image: url(https:\/\/igualdad.umh.es\/wp-content\/plugins\/bookmarkify\/imagecol.png); background-position:0px -1122px'>Jamespot<\/a><\/div><div class='bookmarkifySiteLink'><a onclick='target=\"_blank\";' href='http:\/\/www.jeqq.com\/submit.php?url==https:\/\/igualdad.umh.es\/en\/2019\/10\/23\/la-violencia-de-genero-no-es-un-suceso-taller-de-periodismo\/&amp;title=La violencia de g\u00e9nero no es un suceso. Taller de periodismo' title='Save to Jeqq' rel='nofollow' style='background-image: url(https:\/\/igualdad.umh.es\/wp-content\/plugins\/bookmarkify\/imagecol.png); background-position:0px -459px'>Jeqq<\/a><\/div><div class='bookmarkifySiteLink'><a onclick='target=\"_blank\";' href='http:\/\/www.kaboodle.com\/za\/selectpage?p_pop=false&amp;pa=url&amp;u=https:\/\/igualdad.umh.es\/en\/2019\/10\/23\/la-violencia-de-genero-no-es-un-suceso-taller-de-periodismo\/' title='Save to Kaboodle' rel='nofollow' style='background-image: url(https:\/\/igualdad.umh.es\/wp-content\/plugins\/bookmarkify\/imagecol.png); background-position:0px -476px'>Kaboodle<\/a><\/div><div class='bookmarkifySiteLink'><a onclick='target=\"_blank\";' href='http:\/\/www.kirtsy.com\/submit.php?url=https:\/\/igualdad.umh.es\/en\/2019\/10\/23\/la-violencia-de-genero-no-es-un-suceso-taller-de-periodismo\/' title='Save to kirtsy' rel='nofollow' style='background-image: url(https:\/\/igualdad.umh.es\/wp-content\/plugins\/bookmarkify\/imagecol.png); background-position:0px -493px'>kirtsy<\/a><\/div><div class='bookmarkifySiteLink'><a onclick='target=\"_blank\";' href='http:\/\/www.linkagogo.com\/go\/AddNoPopup?url=https:\/\/igualdad.umh.es\/en\/2019\/10\/23\/la-violencia-de-genero-no-es-un-suceso-taller-de-periodismo\/&amp;title=La violencia de g\u00e9nero no es un suceso. Taller de periodismo' title='Save to linkaGoGo' rel='nofollow' style='background-image: url(https:\/\/igualdad.umh.es\/wp-content\/plugins\/bookmarkify\/imagecol.png); background-position:0px -510px'>linkaGoGo<\/a><\/div><div class='bookmarkifySiteLink'><a onclick='target=\"_blank\";' href='http:\/\/www.linkedin.com\/shareArticle?mini=true&url=https:\/\/igualdad.umh.es\/en\/2019\/10\/23\/la-violencia-de-genero-no-es-un-suceso-taller-de-periodismo\/&title=La violencia de g\u00e9nero no es un suceso. Taller de periodismo' title='Share on LinkedIn' rel='nofollow' style='background-image: url(https:\/\/igualdad.umh.es\/wp-content\/plugins\/bookmarkify\/imagecol.png); background-position:0px -1155px'>LinkedIn<\/a><\/div><div class='bookmarkifySiteLink'><a onclick='target=\"_blank\";' href='http:\/\/ma.gnolia.com\/bookmarklet\/add?url=https:\/\/igualdad.umh.es\/en\/2019\/10\/23\/la-violencia-de-genero-no-es-un-suceso-taller-de-periodismo\/&amp;title=La violencia de g\u00e9nero no es un suceso. Taller de periodismo' title='Save to Ma.gnolia' rel='nofollow' style='background-image: url(https:\/\/igualdad.umh.es\/wp-content\/plugins\/bookmarkify\/imagecol.png); background-position:0px -544px'>Ma.gnolia<\/a><\/div><div class='bookmarkifySiteLink'><a onclick='target=\"_blank\";' href='http:\/\/www.mister-wong.com\/index.php?action=addurl&amp;bm_url=https:\/\/igualdad.umh.es\/en\/2019\/10\/23\/la-violencia-de-genero-no-es-un-suceso-taller-de-periodismo\/&amp;bm_description=La violencia de g\u00e9nero no es un suceso. Taller de periodismo' title='Save to Mister Wong' rel='nofollow' style='background-image: url(https:\/\/igualdad.umh.es\/wp-content\/plugins\/bookmarkify\/imagecol.png); background-position:0px -561px'>Mister Wong<\/a><\/div><div class='bookmarkifySiteLink'><a onclick='target=\"_blank\";' href='http:\/\/www.mixx.com\/submit?page_url=https:\/\/igualdad.umh.es\/en\/2019\/10\/23\/la-violencia-de-genero-no-es-un-suceso-taller-de-periodismo\/' title='Save to Mixx' rel='nofollow' style='background-image: url(https:\/\/igualdad.umh.es\/wp-content\/plugins\/bookmarkify\/imagecol.png); background-position:0px -578px'>Mixx<\/a><\/div><div class='bookmarkifySiteLink'><a onclick='target=\"_blank\";' href='http:\/\/www.myspace.com\/Modules\/PostTo\/Pages\/?c=https:\/\/igualdad.umh.es\/en\/2019\/10\/23\/la-violencia-de-genero-no-es-un-suceso-taller-de-periodismo\/&amp;t=La violencia de g\u00e9nero no es un suceso. Taller de periodismo' title='Save to MySpace' rel='nofollow' style='background-image: url(https:\/\/igualdad.umh.es\/wp-content\/plugins\/bookmarkify\/imagecol.png); background-position:0px -595px'>MySpace<\/a><\/div><div class='bookmarkifySiteLink'><a onclick='target=\"_blank\";' href='http:\/\/www.netvouz.com\/action\/submitBookmark?url=https:\/\/igualdad.umh.es\/en\/2019\/10\/23\/la-violencia-de-genero-no-es-un-suceso-taller-de-periodismo\/&amp;title=La violencia de g\u00e9nero no es un suceso. Taller de periodismo&amp;popup=no' title='Save to Netvouz' rel='nofollow' style='background-image: url(https:\/\/igualdad.umh.es\/wp-content\/plugins\/bookmarkify\/imagecol.png); background-position:0px -629px'>Netvouz<\/a><\/div><div class='bookmarkifySiteLink'><a onclick='target=\"_blank\";' href='http:\/\/www.newsvine.com\/_tools\/seed?popoff=0&amp;u=https:\/\/igualdad.umh.es\/en\/2019\/10\/23\/la-violencia-de-genero-no-es-un-suceso-taller-de-periodismo\/' title='Seed Newsvine' rel='nofollow' style='background-image: url(https:\/\/igualdad.umh.es\/wp-content\/plugins\/bookmarkify\/imagecol.png); background-position:0px -646px'>Newsvine<\/a><\/div><\/td><td><div class='bookmarkifySiteLink'><a onclick='target=\"_blank\";' href='http:\/\/www.oneview.com\/quickadd\/neu\/addBookmark.jsf?URL=https:\/\/igualdad.umh.es\/en\/2019\/10\/23\/la-violencia-de-genero-no-es-un-suceso-taller-de-periodismo\/&amp;title=La violencia de g\u00e9nero no es un suceso. Taller de periodismo' title='Save to oneview' rel='nofollow' style='background-image: url(https:\/\/igualdad.umh.es\/wp-content\/plugins\/bookmarkify\/imagecol.png); background-position:0px -1054px'>oneview<\/a><\/div><div class='bookmarkifySiteLink'><a onclick='target=\"_blank\";' href='http:\/\/www.onlywire.com\/submit?u=https:\/\/igualdad.umh.es\/en\/2019\/10\/23\/la-violencia-de-genero-no-es-un-suceso-taller-de-periodismo\/&amp;t=La violencia de g\u00e9nero no es un suceso. Taller de periodismo' title='Save to OnlyWire' rel='nofollow' style='background-image: url(https:\/\/igualdad.umh.es\/wp-content\/plugins\/bookmarkify\/imagecol.png); background-position:0px -1071px'>OnlyWire<\/a><\/div><div class='bookmarkifySiteLink'><a onclick='target=\"_blank\";' href='http:\/\/www.plugim.com\/submit?url=https:\/\/igualdad.umh.es\/en\/2019\/10\/23\/la-violencia-de-genero-no-es-un-suceso-taller-de-periodismo\/&amp;title=La violencia de g\u00e9nero no es un suceso. Taller de periodismo' title='Promote on PlugIM' rel='nofollow' style='background-image: url(https:\/\/igualdad.umh.es\/wp-content\/plugins\/bookmarkify\/imagecol.png); background-position:0px -663px'>PlugIM<\/a><\/div><div class='bookmarkifySiteLink'><a onclick='target=\"_blank\";' href='http:\/\/www.propeller.com\/submit\/?U=https:\/\/igualdad.umh.es\/en\/2019\/10\/23\/la-violencia-de-genero-no-es-un-suceso-taller-de-periodismo\/&amp;T=La violencia de g\u00e9nero no es un suceso. Taller de periodismo' title='Submit to Propeller' rel='nofollow' style='background-image: url(https:\/\/igualdad.umh.es\/wp-content\/plugins\/bookmarkify\/imagecol.png); background-position:0px -697px'>Propeller<\/a><\/div><div class='bookmarkifySiteLink'><a onclick='target=\"_blank\";' href='http:\/\/reddit.com\/submit?url=https:\/\/igualdad.umh.es\/en\/2019\/10\/23\/la-violencia-de-genero-no-es-un-suceso-taller-de-periodismo\/&amp;title=La violencia de g\u00e9nero no es un suceso. Taller de periodismo' title='Reddit' rel='nofollow' style='background-image: url(https:\/\/igualdad.umh.es\/wp-content\/plugins\/bookmarkify\/imagecol.png); background-position:0px -714px'>Reddit<\/a><\/div><div class='bookmarkifySiteLink'><a onclick='target=\"_blank\";' href='http:\/\/segnalo.com\/post.html.php?url=https:\/\/igualdad.umh.es\/en\/2019\/10\/23\/la-violencia-de-genero-no-es-un-suceso-taller-de-periodismo\/&amp;title=La violencia de g\u00e9nero no es un suceso. Taller de periodismo' title='Save to Segnalo' rel='nofollow' style='background-image: url(https:\/\/igualdad.umh.es\/wp-content\/plugins\/bookmarkify\/imagecol.png); background-position:0px -748px'>Segnalo<\/a><\/div><div class='bookmarkifySiteLink'><a onclick='target=\"_blank\";' href='http:\/\/www.shoutwire.com\/?p=submit&amp;link=https:\/\/igualdad.umh.es\/en\/2019\/10\/23\/la-violencia-de-genero-no-es-un-suceso-taller-de-periodismo\/' title='Shout It!' rel='nofollow' style='background-image: url(https:\/\/igualdad.umh.es\/wp-content\/plugins\/bookmarkify\/imagecol.png); background-position:0px -765px'>Shoutwire<\/a><\/div><div class='bookmarkifySiteLink'><a onclick='target=\"_blank\";' href='http:\/\/www.simpy.com\/simpy\/LinkAdd.do?href=https:\/\/igualdad.umh.es\/en\/2019\/10\/23\/la-violencia-de-genero-no-es-un-suceso-taller-de-periodismo\/&amp;title=La violencia de g\u00e9nero no es un suceso. Taller de periodismo' title='Save to Simpy' rel='nofollow' style='background-image: url(https:\/\/igualdad.umh.es\/wp-content\/plugins\/bookmarkify\/imagecol.png); background-position:0px -782px'>Simpy<\/a><\/div><div class='bookmarkifySiteLink'><a onclick='target=\"_blank\";' href='http:\/\/slashdot.org\/bookmark.pl?url=https:\/\/igualdad.umh.es\/en\/2019\/10\/23\/la-violencia-de-genero-no-es-un-suceso-taller-de-periodismo\/&amp;title=La violencia de g\u00e9nero no es un suceso. Taller de periodismo' title='Slashdot It!' rel='nofollow' style='background-image: url(https:\/\/igualdad.umh.es\/wp-content\/plugins\/bookmarkify\/imagecol.png); background-position:0px -799px'>Slashdot<\/a><\/div><div class='bookmarkifySiteLink'><a onclick='target=\"_blank\";' href='http:\/\/www.surphace.com\/search?q=sphereit:https:\/\/igualdad.umh.es\/en\/2019\/10\/23\/la-violencia-de-genero-no-es-un-suceso-taller-de-periodismo\/&amp;title=La violencia de g\u00e9nero no es un suceso. Taller de periodismo' title='Save to Surphace' rel='nofollow' style='background-image: url(https:\/\/igualdad.umh.es\/wp-content\/plugins\/bookmarkify\/imagecol.png); background-position:0px -816px'>Surphace<\/a><\/div><div class='bookmarkifySiteLink'><a onclick='target=\"_blank\";' href='http:\/\/sphinn.com\/submit.php?url=https:\/\/igualdad.umh.es\/en\/2019\/10\/23\/la-violencia-de-genero-no-es-un-suceso-taller-de-periodismo\/&amp;title=La violencia de g\u00e9nero no es un suceso. Taller de periodismo' title='Sphinn' rel='nofollow' style='background-image: url(https:\/\/igualdad.umh.es\/wp-content\/plugins\/bookmarkify\/imagecol.png); background-position:0px -833px'>Sphinn<\/a><\/div><div class='bookmarkifySiteLink'><a onclick='target=\"_blank\";' href='http:\/\/www.spurl.net\/spurl.php?url=https:\/\/igualdad.umh.es\/en\/2019\/10\/23\/la-violencia-de-genero-no-es-un-suceso-taller-de-periodismo\/&amp;title=La violencia de g\u00e9nero no es un suceso. Taller de periodismo' title='Save to Spurl' rel='nofollow' style='background-image: url(https:\/\/igualdad.umh.es\/wp-content\/plugins\/bookmarkify\/imagecol.png); background-position:0px -850px'>Spurl<\/a><\/div><\/td><td><div class='bookmarkifySiteLink'><a onclick='target=\"_blank\";' href='http:\/\/www.squidoo.com\/lensmaster\/bookmark?https:\/\/igualdad.umh.es\/en\/2019\/10\/23\/la-violencia-de-genero-no-es-un-suceso-taller-de-periodismo\/' title='Save to Squidoo' rel='nofollow' style='background-image: url(https:\/\/igualdad.umh.es\/wp-content\/plugins\/bookmarkify\/imagecol.png); background-position:0px -867px'>Squidoo<\/a><\/div><div class='bookmarkifySiteLink'><a onclick='target=\"_blank\";' href='http:\/\/www.stumbleupon.com\/submit?url=https:\/\/igualdad.umh.es\/en\/2019\/10\/23\/la-violencia-de-genero-no-es-un-suceso-taller-de-periodismo\/&amp;title=La violencia de g\u00e9nero no es un suceso. Taller de periodismo' title='Stumble It!' rel='nofollow' style='background-image: url(https:\/\/igualdad.umh.es\/wp-content\/plugins\/bookmarkify\/imagecol.png); background-position:0px -884px'>StumbleUpon<\/a><\/div><div class='bookmarkifySiteLink'><a onclick='target=\"_blank\";' href='http:\/\/technorati.com\/faves?add=https:\/\/igualdad.umh.es\/en\/2019\/10\/23\/la-violencia-de-genero-no-es-un-suceso-taller-de-periodismo\/' title='Add to my Technorati Favorites' rel='nofollow' style='background-image: url(https:\/\/igualdad.umh.es\/wp-content\/plugins\/bookmarkify\/imagecol.png); background-position:0px -901px'>Technorati<\/a><\/div><div class='bookmarkifySiteLink'><a onclick='target=\"_blank\";' href='http:\/\/www.thisnext.com\/pick\/new\/submit\/sociable\/?url=https:\/\/igualdad.umh.es\/en\/2019\/10\/23\/la-violencia-de-genero-no-es-un-suceso-taller-de-periodismo\/&amp;name=La violencia de g\u00e9nero no es un suceso. Taller de periodismo' title='Save to ThisNext' rel='nofollow' style='background-image: url(https:\/\/igualdad.umh.es\/wp-content\/plugins\/bookmarkify\/imagecol.png); background-position:0px -918px'>ThisNext<\/a><\/div><div class='bookmarkifySiteLink'><a onclick='target=\"_blank\";' href='http:\/\/twitter.com\/home\/?status=La violencia de g\u00e9nero no es un suceso. Taller de periodismo+https:\/\/igualdad.umh.es\/en\/2019\/10\/23\/la-violencia-de-genero-no-es-un-suceso-taller-de-periodismo\/' title='Save to Twitter' rel='nofollow' style='background-image: url(https:\/\/igualdad.umh.es\/wp-content\/plugins\/bookmarkify\/imagecol.png); background-position:0px -1105px'>Twitter<\/a><\/div><div class='bookmarkifySiteLink'><a onclick='target=\"_blank\";' href='http:\/\/webride.org\/discuss\/split.php?uri=https:\/\/igualdad.umh.es\/en\/2019\/10\/23\/la-violencia-de-genero-no-es-un-suceso-taller-de-periodismo\/&amp;title=La violencia de g\u00e9nero no es un suceso. Taller de periodismo' title='Discuss on Webride' rel='nofollow' style='background-image: url(https:\/\/igualdad.umh.es\/wp-content\/plugins\/bookmarkify\/imagecol.png); background-position:0px -935px'>Webride<\/a><\/div><div class='bookmarkifySiteLink'><a onclick='target=\"_blank\";' href='https:\/\/favorites.live.com\/quickadd.aspx?mkt=en-us&amp;url=https:\/\/igualdad.umh.es\/en\/2019\/10\/23\/la-violencia-de-genero-no-es-un-suceso-taller-de-periodismo\/&amp;title=La violencia de g\u00e9nero no es un suceso. Taller de periodismo' title='Save to Windows Live' rel='nofollow' style='background-image: url(https:\/\/igualdad.umh.es\/wp-content\/plugins\/bookmarkify\/imagecol.png); background-position:0px -952px'>Windows Live<\/a><\/div><div class='bookmarkifySiteLink'><a onclick='target=\"_blank\";' href='http:\/\/bookmarks.yahoo.com\/toolbar\/savebm?opener=tb&amp;u=https:\/\/igualdad.umh.es\/en\/2019\/10\/23\/la-violencia-de-genero-no-es-un-suceso-taller-de-periodismo\/&amp;t=La violencia de g\u00e9nero no es un suceso. Taller de periodismo' title='Save to Yahoo! Bookmarks' rel='nofollow' style='background-image: url(https:\/\/igualdad.umh.es\/wp-content\/plugins\/bookmarkify\/imagecol.png); background-position:0px -969px'>Yahoo!<\/a><\/div><\/td><\/tr><\/table><\/div><div class='bookmarkifyEmail'><a rel='nofollow' href='http:\/\/www.feedburner.com\/fb\/a\/emailFlare?loc=en_US&amp;itemTitle=La violencia de g\u00e9nero no es un suceso. Taller de periodismo&amp;uri=https:\/\/igualdad.umh.es\/en\/2019\/10\/23\/la-violencia-de-genero-no-es-un-suceso-taller-de-periodismo\/' style='background-image: url(https:\/\/igualdad.umh.es\/wp-content\/plugins\/bookmarkify\/imagecol.png); background-position:0px -1003px;'>Email This to a Friend<\/a><\/div><div class='bookmarkifyCopyHTML'>&nbsp;&nbsp;Link HTML:&nbsp;<input readonly='readonly' onclick='this.select();' type='text' value='&lt;a href=\"https:\/\/igualdad.umh.es\/en\/2019\/10\/23\/la-violencia-de-genero-no-es-un-suceso-taller-de-periodismo\/\"&gt;La violencia de g\u00e9nero no es un suceso. Taller de periodismo&lt;\/a&gt;' size='84' title='Copy this HTML to create a link to this page' \/><\/div><div class='bookmarkifyCopyHTML'>&nbsp;Permalink:&nbsp;<input readonly='readonly' onclick='this.select();' type='text' value='https:\/\/igualdad.umh.es\/en\/2019\/10\/23\/la-violencia-de-genero-no-es-un-suceso-taller-de-periodismo\/' size='84' title='Copy this Permalink' \/><\/div><div class='bookmarkifySubscribe'><span class='bookmarkifySubscribeIcon' style='background-image: url(https:\/\/igualdad.umh.es\/wp-content\/plugins\/bookmarkify\/imagecol.png); background-position:0px -1020px;'>&nbsp;<\/span>If you like this then please subscribe to the <a href='https:\/\/igualdad.umh.es\/en\/feed\/' onclick='target=\"_blank\";' rel='nofollow'>RSS Feed<\/a>.<\/div><div class='bookmarkifyPoweredBy'><a href='http:\/\/www.bookmarkify.com\/'>Powered by Bookmarkify&trade;<\/a><\/div><\/div><div class='linkbuttons'><a href='http:\/\/www.facebook.com\/share.php?u=https:\/\/igualdad.umh.es\/en\/2019\/10\/23\/la-violencia-de-genero-no-es-un-suceso-taller-de-periodismo\/' title='Save to Facebook' onclick='target=\"_blank\";' rel='nofollow'><img src='https:\/\/igualdad.umh.es\/wp-content\/plugins\/bookmarkify\/facebook.png' style='width:16px; height:16px;' alt='[Facebook] ' \/><\/a> <a href='http:\/\/twitter.com\/home\/?status=La violencia de g\u00e9nero no es un suceso. Taller de periodismo+https:\/\/igualdad.umh.es\/en\/2019\/10\/23\/la-violencia-de-genero-no-es-un-suceso-taller-de-periodismo\/' title='Save to Twitter' onclick='target=\"_blank\";' rel='nofollow'><img src='https:\/\/igualdad.umh.es\/wp-content\/plugins\/bookmarkify\/twitter.png' style='width:16px; height:16px;' alt='[Twitter] ' \/><\/a>  <a title='See more bookmark and sharing options...' href='https:\/\/igualdad.umh.es\/en\/2019\/10\/23\/la-violencia-de-genero-no-es-un-suceso-taller-de-periodismo\/#bookmarkify' onclick='document.getElementById(\"bookmarkifyMore1\").style.display=\"block\"; return false;' rel='nofollow'><small>More&nbsp;&raquo;<\/small><\/a><\/div><\/div>","protected":false},"excerpt":{"rendered":"<p>La UMH acoge un taller sobre c\u00f3mo informar con perspectiva de g\u00e9nero<br \/>\nLa Unidad de Igualdad propone el taller para informar con perspectiva de g\u00e9nero La violencia de g\u00e9nero no es un suceso, impartido por la profesora de Antropolog\u00eda Social de la UMH Purificaci\u00f3n Heras Gonz\u00e1lez y la periodista social Lorena Escandell Carbonell, en el marco [&#8230;]<\/p>\n","protected":false},"author":389,"featured_media":0,"comment_status":"closed","ping_status":"open","sticky":false,"template":"","format":"standard","meta":{"ngg_post_thumbnail":0,"_links_to":"","_links_to_target":""},"categories":[4047,565,65,630,4,631,164,507,633,255,23,873,636,283,75,697],"tags":[6839,2106],"_links":{"self":[{"href":"https:\/\/igualdad.umh.es\/en\/wp-json\/wp\/v2\/posts\/1460"}],"collection":[{"href":"https:\/\/igualdad.umh.es\/en\/wp-json\/wp\/v2\/posts"}],"about":[{"href":"https:\/\/igualdad.umh.es\/en\/wp-json\/wp\/v2\/types\/post"}],"author":[{"embeddable":true,"href":"https:\/\/igualdad.umh.es\/en\/wp-json\/wp\/v2\/users\/389"}],"replies":[{"embeddable":true,"href":"https:\/\/igualdad.umh.es\/en\/wp-json\/wp\/v2\/comments?post=1460"}],"version-history":[{"count":0,"href":"https:\/\/igualdad.umh.es\/en\/wp-json\/wp\/v2\/posts\/1460\/revisions"}],"wp:attachment":[{"href":"https:\/\/igualdad.umh.es\/en\/wp-json\/wp\/v2\/media?parent=1460"}],"wp:term":[{"taxonomy":"category","embeddable":true,"href":"https:\/\/igualdad.umh.es\/en\/wp-json\/wp\/v2\/categories?post=1460"},{"taxonomy":"post_tag","embeddable":true,"href":"https:\/\/igualdad.umh.es\/en\/wp-json\/wp\/v2\/tags?post=1460"}],"curies":[{"name":"wp","href":"https:\/\/api.w.org\/{rel}","templated":true}]}}