{"id":1559,"date":"2020-03-02T19:02:05","date_gmt":"2020-03-02T18:02:05","guid":{"rendered":"https:\/\/igualdad.umh.es\/?p=1559"},"modified":"2020-03-03T19:25:19","modified_gmt":"2020-03-03T18:25:19","slug":"umh8m-exposicion-fotografica-las-20-de-la-psicologia-espanola-psicologas-cientificas-mujeres","status":"publish","type":"post","link":"https:\/\/igualdad.umh.es\/en\/2020\/03\/02\/umh8m-exposicion-fotografica-las-20-de-la-psicologia-espanola-psicologas-cientificas-mujeres\/","title":{"rendered":"#UMH8M Exposici\u00f3n fotogr\u00e1fica \u201cLas 20 de la psicolog\u00eda espa\u00f1ola: psic\u00f3logas, cient\u00edficas, mujeres\u201d"},"content":{"rendered":"<p><\/p>\n<p style=\"text-align: justify\"><img loading=\"lazy\" class=\"alignright wp-image-1551\" src=\"https:\/\/igualdad.umh.es\/files\/2020\/03\/cartel-LAS20-A31.jpg\" alt=\"\" width=\"387\" height=\"547\" srcset=\"https:\/\/igualdad.umh.es\/files\/2020\/03\/cartel-LAS20-A31.jpg 3906w, https:\/\/igualdad.umh.es\/files\/2020\/03\/cartel-LAS20-A31-212x300.jpg 212w, https:\/\/igualdad.umh.es\/files\/2020\/03\/cartel-LAS20-A31-768x1086.jpg 768w, https:\/\/igualdad.umh.es\/files\/2020\/03\/cartel-LAS20-A31-724x1024.jpg 724w\" sizes=\"(max-width: 387px) 100vw, 387px\" \/>La Facultad de Ciencias Sociosanitarias de la Universidad Miguel Hern\u00e1ndez (UMH) de Elche ha organizado la exposici\u00f3n fotogr\u00e1fica \u201cLas 20 de la psicolog\u00eda espa\u00f1ola: psic\u00f3logas, cient\u00edficas, mujeres\u201d, como parte de las actividades conmemorativas del D\u00eda Internacional de la Mujer. El rector de la UMH, Juan Jos\u00e9 Ruiz, y el decano de la Facultad, Jos\u00e9 Pedro Espada, inaugurar\u00e1n esta muestra ma\u00f1ana mi\u00e9rcoles, 4 de marzo, a las 13:00 horas en el vest\u00edbulo del edificio Altabix del campus de Elche. La exposici\u00f3n podr\u00e1 visitarse hasta el 15 de marzo.<\/p>\n<p style=\"text-align: justify\">A la inauguraci\u00f3n asistir\u00e1n, tambi\u00e9n, la directora de la Unidad de Igualdad de la UMH, Mar\u00eda Jos\u00e9 Alarc\u00f3n Garc\u00eda, la directora de Sabiex, Esther Sitges, as\u00ed como algunas de las mujeres que protagonizan la exposici\u00f3n.<\/p>\n<p style=\"text-align: justify\">La Unidad de Igualdad de la UMH, el Vicerrectorado de Cultura y Sabiex-M\u00e1ster en Gerontolog\u00eda y Salud de la UMH, tambi\u00e9n, colaboran en esta muestra, que incluye 20 fotograf\u00edas en blanco y negro de psic\u00f3logas de distintas \u00e1reas acad\u00e9micas y aplicadas, junto con una rese\u00f1a curricular, en piezas de formato r\u00edgido y de tama\u00f1o 100\u00d7200 cms. Con esta exposici\u00f3n, dedicada a las psic\u00f3logas espa\u00f1olas contempor\u00e1neas m\u00e1s influyentes, se pretende rendirles homenaje por su trabajo con el que han hecho grandes aportaciones al conocimiento cient\u00edfico de la conducta humana y dar visibilidad a cient\u00edficas de las que, en ocasiones y a trav\u00e9s exclusivamente de la aparici\u00f3n de sus apellidos en la literatura cient\u00edfica, no se ha sabido que son mujeres, debido al sesgo de g\u00e9nero imperante en la sociedad. Asimismo, se pretende dar visibilidad, tanto al estudiantado como al profesorado de Psicolog\u00eda y del resto de ciencias, a las mujeres m\u00e1s influyentes de todas las \u00e1reas de la Psicolog\u00eda cient\u00edfica espa\u00f1ola contempor\u00e1nea y servir de est\u00edmulo y modelo para el resto de mujeres que trabajan a diario para hacer crecer esta disciplina.<\/p>\n<p style=\"text-align: justify\">Tambi\u00e9n, se pretende luchar contra el sesgo de g\u00e9nero, tan documentado por la \u00faltima evidencia cient\u00edfica en este campo. Por ejemplo, en un estudio reciente llevado a cabo por dos investigadoras estadounidenses se observ\u00f3 que hay m\u00e1s del doble de probabilidades de referirse a un profesional por su apellido cuando es hombre y a hacerlo con el nombre y apellido cuando es mujer. Tras inspeccionar casi 5.000 rese\u00f1as de estudiantes de biolog\u00eda, historia, psicolog\u00eda, inform\u00e1tica y econom\u00eda en catorce universidades estadounidenses, las investigadoras hallaron que los profesores varones tienen un 56% m\u00e1s de probabilidades que las profesoras de que se refieran a ellos por su apellido. Este sesgo de g\u00e9nero se repite frecuentemente en las aulas cuando se citan por el apellido autores de trabajos o de teor\u00edas de los que de manera autom\u00e1tica es asumido por parte del estudiantado que se trata de cient\u00edficos, no de cient\u00edficas.<\/p>\n<p style=\"text-align: justify\">Seg\u00fan los organizadores, la exposici\u00f3n es una oportunidad para que el estudiantado y los profesionales tomen conciencia de la labor que las mujeres han hecho para contribuir al desarrollo de las distintas disciplinas, concretamente de la psicolog\u00eda cient\u00edfica en Espa\u00f1a.<\/p>\n<p><a href=\"https:\/\/igualdad.umh.es\/files\/2020\/03\/03-02-20-expo-mujeres-psic\u00f3logas-info.pdf\" target=\"_blank\" rel=\"noopener noreferrer\">M\u00e1s informaci\u00f3n<\/a><br \/>\n<!-- index.php -->\n<div\n\tclass=\"ngg-galleryoverview ngg-ajax-pagination-none\"\n\tid=\"ngg-gallery-df38311a79fd3010904e12c188aa72e7-1\">\n\n    \t<div class=\"slideshowlink\">\n        <a href='https:\/\/igualdad.umh.es\/en\/2020\/03\/02\/umh8m-exposicion-fotografica-las-20-de-la-psicologia-espanola-psicologas-cientificas-mujeres\/nggallery\/slideshow'>[Mostrar como pase de diapositivas]<\/a>\n\t\t\n\t<\/div>\n\t\t\t<!-- Thumbnails -->\n\t\t\t\t<div id=\"ngg-image-0\" class=\"ngg-gallery-thumbnail-box\" >\n\t\t\t\t        <div class=\"ngg-gallery-thumbnail\">\n            <a href=\"https:\/\/igualdad.umh.es\/wp-content\/uploads\/sites\/114\/nggallery\/expo-fotografiapsicologas\/03-02-20-expo-mujeres-psic%C3%B3logas-info_P%C3%A1gina_01.jpg\"\n               title=\"\"\n               data-src=\"https:\/\/igualdad.umh.es\/wp-content\/uploads\/sites\/114\/nggallery\/expo-fotografiapsicologas\/03-02-20-expo-mujeres-psic%C3%B3logas-info_P%C3%A1gina_01.jpg\"\n               data-thumbnail=\"https:\/\/igualdad.umh.es\/wp-content\/uploads\/sites\/114\/nggallery\/expo-fotografiapsicologas\/thumbs\/thumbs_03-02-20-expo-mujeres-psic%C3%B3logas-info_P%C3%A1gina_01.jpg\"\n               data-image-id=\"143\"\n               data-title=\"03-02-20-expo-mujeres-psic\u00f3logas-info_P\u00e1gina_01\"\n               data-description=\"\"\n               data-image-slug=\"03-02-20-expo-mujeres-psic%c3%b3logas-info_p%c3%a1gina_01\"\n               class=\"shutterset_df38311a79fd3010904e12c188aa72e7\">\n                <img\n                    title=\"03-02-20-expo-mujeres-psic\u00f3logas-info_P\u00e1gina_01\"\n                    alt=\"03-02-20-expo-mujeres-psic\u00f3logas-info_P\u00e1gina_01\"\n                    src=\"https:\/\/igualdad.umh.es\/wp-content\/uploads\/sites\/114\/nggallery\/expo-fotografiapsicologas\/thumbs\/thumbs_03-02-20-expo-mujeres-psic%C3%B3logas-info_P%C3%A1gina_01.jpg\"\n                    width=\"100\"\n                    height=\"75\"\n                    style=\"max-width:100%;\"\n                \/>\n            <\/a>\n        <\/div>\n\t\t\t\t\t\t\t<\/div> \n\t\t\t\n        \n\t\t\t\t<div id=\"ngg-image-1\" class=\"ngg-gallery-thumbnail-box\" >\n\t\t\t\t        <div class=\"ngg-gallery-thumbnail\">\n            <a href=\"https:\/\/igualdad.umh.es\/wp-content\/uploads\/sites\/114\/nggallery\/expo-fotografiapsicologas\/03-02-20-expo-mujeres-psic%C3%B3logas-info_P%C3%A1gina_02.jpg\"\n               title=\"\"\n               data-src=\"https:\/\/igualdad.umh.es\/wp-content\/uploads\/sites\/114\/nggallery\/expo-fotografiapsicologas\/03-02-20-expo-mujeres-psic%C3%B3logas-info_P%C3%A1gina_02.jpg\"\n               data-thumbnail=\"https:\/\/igualdad.umh.es\/wp-content\/uploads\/sites\/114\/nggallery\/expo-fotografiapsicologas\/thumbs\/thumbs_03-02-20-expo-mujeres-psic%C3%B3logas-info_P%C3%A1gina_02.jpg\"\n               data-image-id=\"144\"\n               data-title=\"03-02-20-expo-mujeres-psic\u00f3logas-info_P\u00e1gina_02\"\n               data-description=\"\"\n               data-image-slug=\"03-02-20-expo-mujeres-psic%c3%b3logas-info_p%c3%a1gina_02\"\n               class=\"shutterset_df38311a79fd3010904e12c188aa72e7\">\n                <img\n                    title=\"03-02-20-expo-mujeres-psic\u00f3logas-info_P\u00e1gina_02\"\n                    alt=\"03-02-20-expo-mujeres-psic\u00f3logas-info_P\u00e1gina_02\"\n                    src=\"https:\/\/igualdad.umh.es\/wp-content\/uploads\/sites\/114\/nggallery\/expo-fotografiapsicologas\/thumbs\/thumbs_03-02-20-expo-mujeres-psic%C3%B3logas-info_P%C3%A1gina_02.jpg\"\n                    width=\"100\"\n                    height=\"75\"\n                    style=\"max-width:100%;\"\n                \/>\n            <\/a>\n        <\/div>\n\t\t\t\t\t\t\t<\/div> \n\t\t\t\n        \n\t\t\t\t<div id=\"ngg-image-2\" class=\"ngg-gallery-thumbnail-box\" >\n\t\t\t\t        <div class=\"ngg-gallery-thumbnail\">\n            <a href=\"https:\/\/igualdad.umh.es\/wp-content\/uploads\/sites\/114\/nggallery\/expo-fotografiapsicologas\/03-02-20-expo-mujeres-psic%C3%B3logas-info_P%C3%A1gina_03.jpg\"\n               title=\"\"\n               data-src=\"https:\/\/igualdad.umh.es\/wp-content\/uploads\/sites\/114\/nggallery\/expo-fotografiapsicologas\/03-02-20-expo-mujeres-psic%C3%B3logas-info_P%C3%A1gina_03.jpg\"\n               data-thumbnail=\"https:\/\/igualdad.umh.es\/wp-content\/uploads\/sites\/114\/nggallery\/expo-fotografiapsicologas\/thumbs\/thumbs_03-02-20-expo-mujeres-psic%C3%B3logas-info_P%C3%A1gina_03.jpg\"\n               data-image-id=\"146\"\n               data-title=\"03-02-20-expo-mujeres-psic\u00f3logas-info_P\u00e1gina_03\"\n               data-description=\"\"\n               data-image-slug=\"03-02-20-expo-mujeres-psic%c3%b3logas-info_p%c3%a1gina_03\"\n               class=\"shutterset_df38311a79fd3010904e12c188aa72e7\">\n                <img\n                    title=\"03-02-20-expo-mujeres-psic\u00f3logas-info_P\u00e1gina_03\"\n                    alt=\"03-02-20-expo-mujeres-psic\u00f3logas-info_P\u00e1gina_03\"\n                    src=\"https:\/\/igualdad.umh.es\/wp-content\/uploads\/sites\/114\/nggallery\/expo-fotografiapsicologas\/thumbs\/thumbs_03-02-20-expo-mujeres-psic%C3%B3logas-info_P%C3%A1gina_03.jpg\"\n                    width=\"100\"\n                    height=\"75\"\n                    style=\"max-width:100%;\"\n                \/>\n            <\/a>\n        <\/div>\n\t\t\t\t\t\t\t<\/div> \n\t\t\t\n        \n\t\t\t\t<div id=\"ngg-image-3\" class=\"ngg-gallery-thumbnail-box\" >\n\t\t\t\t        <div class=\"ngg-gallery-thumbnail\">\n            <a href=\"https:\/\/igualdad.umh.es\/wp-content\/uploads\/sites\/114\/nggallery\/expo-fotografiapsicologas\/03-02-20-expo-mujeres-psic%C3%B3logas-info_P%C3%A1gina_04.jpg\"\n               title=\"\"\n               data-src=\"https:\/\/igualdad.umh.es\/wp-content\/uploads\/sites\/114\/nggallery\/expo-fotografiapsicologas\/03-02-20-expo-mujeres-psic%C3%B3logas-info_P%C3%A1gina_04.jpg\"\n               data-thumbnail=\"https:\/\/igualdad.umh.es\/wp-content\/uploads\/sites\/114\/nggallery\/expo-fotografiapsicologas\/thumbs\/thumbs_03-02-20-expo-mujeres-psic%C3%B3logas-info_P%C3%A1gina_04.jpg\"\n               data-image-id=\"147\"\n               data-title=\"03-02-20-expo-mujeres-psic\u00f3logas-info_P\u00e1gina_04\"\n               data-description=\"\"\n               data-image-slug=\"03-02-20-expo-mujeres-psic%c3%b3logas-info_p%c3%a1gina_04\"\n               class=\"shutterset_df38311a79fd3010904e12c188aa72e7\">\n                <img\n                    title=\"03-02-20-expo-mujeres-psic\u00f3logas-info_P\u00e1gina_04\"\n                    alt=\"03-02-20-expo-mujeres-psic\u00f3logas-info_P\u00e1gina_04\"\n                    src=\"https:\/\/igualdad.umh.es\/wp-content\/uploads\/sites\/114\/nggallery\/expo-fotografiapsicologas\/thumbs\/thumbs_03-02-20-expo-mujeres-psic%C3%B3logas-info_P%C3%A1gina_04.jpg\"\n                    width=\"100\"\n                    height=\"75\"\n                    style=\"max-width:100%;\"\n                \/>\n            <\/a>\n        <\/div>\n\t\t\t\t\t\t\t<\/div> \n\t\t\t\n        \n\t\t\t\t<div id=\"ngg-image-4\" class=\"ngg-gallery-thumbnail-box\" >\n\t\t\t\t        <div class=\"ngg-gallery-thumbnail\">\n            <a href=\"https:\/\/igualdad.umh.es\/wp-content\/uploads\/sites\/114\/nggallery\/expo-fotografiapsicologas\/03-02-20-expo-mujeres-psic%C3%B3logas-info_P%C3%A1gina_05.jpg\"\n               title=\"\"\n               data-src=\"https:\/\/igualdad.umh.es\/wp-content\/uploads\/sites\/114\/nggallery\/expo-fotografiapsicologas\/03-02-20-expo-mujeres-psic%C3%B3logas-info_P%C3%A1gina_05.jpg\"\n               data-thumbnail=\"https:\/\/igualdad.umh.es\/wp-content\/uploads\/sites\/114\/nggallery\/expo-fotografiapsicologas\/thumbs\/thumbs_03-02-20-expo-mujeres-psic%C3%B3logas-info_P%C3%A1gina_05.jpg\"\n               data-image-id=\"150\"\n               data-title=\"03-02-20-expo-mujeres-psic\u00f3logas-info_P\u00e1gina_05\"\n               data-description=\"\"\n               data-image-slug=\"03-02-20-expo-mujeres-psic%c3%b3logas-info_p%c3%a1gina_05\"\n               class=\"shutterset_df38311a79fd3010904e12c188aa72e7\">\n                <img\n                    title=\"03-02-20-expo-mujeres-psic\u00f3logas-info_P\u00e1gina_05\"\n                    alt=\"03-02-20-expo-mujeres-psic\u00f3logas-info_P\u00e1gina_05\"\n                    src=\"https:\/\/igualdad.umh.es\/wp-content\/uploads\/sites\/114\/nggallery\/expo-fotografiapsicologas\/thumbs\/thumbs_03-02-20-expo-mujeres-psic%C3%B3logas-info_P%C3%A1gina_05.jpg\"\n                    width=\"100\"\n                    height=\"75\"\n                    style=\"max-width:100%;\"\n                \/>\n            <\/a>\n        <\/div>\n\t\t\t\t\t\t\t<\/div> \n\t\t\t\n        \n\t\t\t\t<div id=\"ngg-image-5\" class=\"ngg-gallery-thumbnail-box\" >\n\t\t\t\t        <div class=\"ngg-gallery-thumbnail\">\n            <a href=\"https:\/\/igualdad.umh.es\/wp-content\/uploads\/sites\/114\/nggallery\/expo-fotografiapsicologas\/03-02-20-expo-mujeres-psic%C3%B3logas-info_P%C3%A1gina_06.jpg\"\n               title=\"\"\n               data-src=\"https:\/\/igualdad.umh.es\/wp-content\/uploads\/sites\/114\/nggallery\/expo-fotografiapsicologas\/03-02-20-expo-mujeres-psic%C3%B3logas-info_P%C3%A1gina_06.jpg\"\n               data-thumbnail=\"https:\/\/igualdad.umh.es\/wp-content\/uploads\/sites\/114\/nggallery\/expo-fotografiapsicologas\/thumbs\/thumbs_03-02-20-expo-mujeres-psic%C3%B3logas-info_P%C3%A1gina_06.jpg\"\n               data-image-id=\"152\"\n               data-title=\"03-02-20-expo-mujeres-psic\u00f3logas-info_P\u00e1gina_06\"\n               data-description=\"\"\n               data-image-slug=\"03-02-20-expo-mujeres-psic%c3%b3logas-info_p%c3%a1gina_06\"\n               class=\"shutterset_df38311a79fd3010904e12c188aa72e7\">\n                <img\n                    title=\"03-02-20-expo-mujeres-psic\u00f3logas-info_P\u00e1gina_06\"\n                    alt=\"03-02-20-expo-mujeres-psic\u00f3logas-info_P\u00e1gina_06\"\n                    src=\"https:\/\/igualdad.umh.es\/wp-content\/uploads\/sites\/114\/nggallery\/expo-fotografiapsicologas\/thumbs\/thumbs_03-02-20-expo-mujeres-psic%C3%B3logas-info_P%C3%A1gina_06.jpg\"\n                    width=\"100\"\n                    height=\"75\"\n                    style=\"max-width:100%;\"\n                \/>\n            <\/a>\n        <\/div>\n\t\t\t\t\t\t\t<\/div> \n\t\t\t\n        \n\t\t\t\t<div id=\"ngg-image-6\" class=\"ngg-gallery-thumbnail-box\" >\n\t\t\t\t        <div class=\"ngg-gallery-thumbnail\">\n            <a href=\"https:\/\/igualdad.umh.es\/wp-content\/uploads\/sites\/114\/nggallery\/expo-fotografiapsicologas\/03-02-20-expo-mujeres-psic%C3%B3logas-info_P%C3%A1gina_07.jpg\"\n               title=\"\"\n               data-src=\"https:\/\/igualdad.umh.es\/wp-content\/uploads\/sites\/114\/nggallery\/expo-fotografiapsicologas\/03-02-20-expo-mujeres-psic%C3%B3logas-info_P%C3%A1gina_07.jpg\"\n               data-thumbnail=\"https:\/\/igualdad.umh.es\/wp-content\/uploads\/sites\/114\/nggallery\/expo-fotografiapsicologas\/thumbs\/thumbs_03-02-20-expo-mujeres-psic%C3%B3logas-info_P%C3%A1gina_07.jpg\"\n               data-image-id=\"153\"\n               data-title=\"03-02-20-expo-mujeres-psic\u00f3logas-info_P\u00e1gina_07\"\n               data-description=\"\"\n               data-image-slug=\"03-02-20-expo-mujeres-psic%c3%b3logas-info_p%c3%a1gina_07\"\n               class=\"shutterset_df38311a79fd3010904e12c188aa72e7\">\n                <img\n                    title=\"03-02-20-expo-mujeres-psic\u00f3logas-info_P\u00e1gina_07\"\n                    alt=\"03-02-20-expo-mujeres-psic\u00f3logas-info_P\u00e1gina_07\"\n                    src=\"https:\/\/igualdad.umh.es\/wp-content\/uploads\/sites\/114\/nggallery\/expo-fotografiapsicologas\/thumbs\/thumbs_03-02-20-expo-mujeres-psic%C3%B3logas-info_P%C3%A1gina_07.jpg\"\n                    width=\"100\"\n                    height=\"75\"\n                    style=\"max-width:100%;\"\n                \/>\n            <\/a>\n        <\/div>\n\t\t\t\t\t\t\t<\/div> \n\t\t\t\n        \n\t\t\t\t<div id=\"ngg-image-7\" class=\"ngg-gallery-thumbnail-box\" >\n\t\t\t\t        <div class=\"ngg-gallery-thumbnail\">\n            <a href=\"https:\/\/igualdad.umh.es\/wp-content\/uploads\/sites\/114\/nggallery\/expo-fotografiapsicologas\/03-02-20-expo-mujeres-psic%C3%B3logas-info_P%C3%A1gina_08.jpg\"\n               title=\"\"\n               data-src=\"https:\/\/igualdad.umh.es\/wp-content\/uploads\/sites\/114\/nggallery\/expo-fotografiapsicologas\/03-02-20-expo-mujeres-psic%C3%B3logas-info_P%C3%A1gina_08.jpg\"\n               data-thumbnail=\"https:\/\/igualdad.umh.es\/wp-content\/uploads\/sites\/114\/nggallery\/expo-fotografiapsicologas\/thumbs\/thumbs_03-02-20-expo-mujeres-psic%C3%B3logas-info_P%C3%A1gina_08.jpg\"\n               data-image-id=\"155\"\n               data-title=\"03-02-20-expo-mujeres-psic\u00f3logas-info_P\u00e1gina_08\"\n               data-description=\"\"\n               data-image-slug=\"03-02-20-expo-mujeres-psic%c3%b3logas-info_p%c3%a1gina_08\"\n               class=\"shutterset_df38311a79fd3010904e12c188aa72e7\">\n                <img\n                    title=\"03-02-20-expo-mujeres-psic\u00f3logas-info_P\u00e1gina_08\"\n                    alt=\"03-02-20-expo-mujeres-psic\u00f3logas-info_P\u00e1gina_08\"\n                    src=\"https:\/\/igualdad.umh.es\/wp-content\/uploads\/sites\/114\/nggallery\/expo-fotografiapsicologas\/thumbs\/thumbs_03-02-20-expo-mujeres-psic%C3%B3logas-info_P%C3%A1gina_08.jpg\"\n                    width=\"100\"\n                    height=\"75\"\n                    style=\"max-width:100%;\"\n                \/>\n            <\/a>\n        <\/div>\n\t\t\t\t\t\t\t<\/div> \n\t\t\t\n        \n\t\t\t\t<div id=\"ngg-image-8\" class=\"ngg-gallery-thumbnail-box\" >\n\t\t\t\t        <div class=\"ngg-gallery-thumbnail\">\n            <a href=\"https:\/\/igualdad.umh.es\/wp-content\/uploads\/sites\/114\/nggallery\/expo-fotografiapsicologas\/03-02-20-expo-mujeres-psic%C3%B3logas-info_P%C3%A1gina_09.jpg\"\n               title=\"\"\n               data-src=\"https:\/\/igualdad.umh.es\/wp-content\/uploads\/sites\/114\/nggallery\/expo-fotografiapsicologas\/03-02-20-expo-mujeres-psic%C3%B3logas-info_P%C3%A1gina_09.jpg\"\n               data-thumbnail=\"https:\/\/igualdad.umh.es\/wp-content\/uploads\/sites\/114\/nggallery\/expo-fotografiapsicologas\/thumbs\/thumbs_03-02-20-expo-mujeres-psic%C3%B3logas-info_P%C3%A1gina_09.jpg\"\n               data-image-id=\"158\"\n               data-title=\"03-02-20-expo-mujeres-psic\u00f3logas-info_P\u00e1gina_09\"\n               data-description=\"\"\n               data-image-slug=\"03-02-20-expo-mujeres-psic%c3%b3logas-info_p%c3%a1gina_09\"\n               class=\"shutterset_df38311a79fd3010904e12c188aa72e7\">\n                <img\n                    title=\"03-02-20-expo-mujeres-psic\u00f3logas-info_P\u00e1gina_09\"\n                    alt=\"03-02-20-expo-mujeres-psic\u00f3logas-info_P\u00e1gina_09\"\n                    src=\"https:\/\/igualdad.umh.es\/wp-content\/uploads\/sites\/114\/nggallery\/expo-fotografiapsicologas\/thumbs\/thumbs_03-02-20-expo-mujeres-psic%C3%B3logas-info_P%C3%A1gina_09.jpg\"\n                    width=\"100\"\n                    height=\"75\"\n                    style=\"max-width:100%;\"\n                \/>\n            <\/a>\n        <\/div>\n\t\t\t\t\t\t\t<\/div> \n\t\t\t\n        \n\t\t\t\t<div id=\"ngg-image-9\" class=\"ngg-gallery-thumbnail-box\" >\n\t\t\t\t        <div class=\"ngg-gallery-thumbnail\">\n            <a href=\"https:\/\/igualdad.umh.es\/wp-content\/uploads\/sites\/114\/nggallery\/expo-fotografiapsicologas\/03-02-20-expo-mujeres-psic%C3%B3logas-info_P%C3%A1gina_10.jpg\"\n               title=\"\"\n               data-src=\"https:\/\/igualdad.umh.es\/wp-content\/uploads\/sites\/114\/nggallery\/expo-fotografiapsicologas\/03-02-20-expo-mujeres-psic%C3%B3logas-info_P%C3%A1gina_10.jpg\"\n               data-thumbnail=\"https:\/\/igualdad.umh.es\/wp-content\/uploads\/sites\/114\/nggallery\/expo-fotografiapsicologas\/thumbs\/thumbs_03-02-20-expo-mujeres-psic%C3%B3logas-info_P%C3%A1gina_10.jpg\"\n               data-image-id=\"159\"\n               data-title=\"03-02-20-expo-mujeres-psic\u00f3logas-info_P\u00e1gina_10\"\n               data-description=\"\"\n               data-image-slug=\"03-02-20-expo-mujeres-psic%c3%b3logas-info_p%c3%a1gina_10\"\n               class=\"shutterset_df38311a79fd3010904e12c188aa72e7\">\n                <img\n                    title=\"03-02-20-expo-mujeres-psic\u00f3logas-info_P\u00e1gina_10\"\n                    alt=\"03-02-20-expo-mujeres-psic\u00f3logas-info_P\u00e1gina_10\"\n                    src=\"https:\/\/igualdad.umh.es\/wp-content\/uploads\/sites\/114\/nggallery\/expo-fotografiapsicologas\/thumbs\/thumbs_03-02-20-expo-mujeres-psic%C3%B3logas-info_P%C3%A1gina_10.jpg\"\n                    width=\"100\"\n                    height=\"75\"\n                    style=\"max-width:100%;\"\n                \/>\n            <\/a>\n        <\/div>\n\t\t\t\t\t\t\t<\/div> \n\t\t\t\n        \n\t\t\t\t<div id=\"ngg-image-10\" class=\"ngg-gallery-thumbnail-box\" >\n\t\t\t\t        <div class=\"ngg-gallery-thumbnail\">\n            <a href=\"https:\/\/igualdad.umh.es\/wp-content\/uploads\/sites\/114\/nggallery\/expo-fotografiapsicologas\/03-02-20-expo-mujeres-psic%C3%B3logas-info_P%C3%A1gina_11.jpg\"\n               title=\"\"\n               data-src=\"https:\/\/igualdad.umh.es\/wp-content\/uploads\/sites\/114\/nggallery\/expo-fotografiapsicologas\/03-02-20-expo-mujeres-psic%C3%B3logas-info_P%C3%A1gina_11.jpg\"\n               data-thumbnail=\"https:\/\/igualdad.umh.es\/wp-content\/uploads\/sites\/114\/nggallery\/expo-fotografiapsicologas\/thumbs\/thumbs_03-02-20-expo-mujeres-psic%C3%B3logas-info_P%C3%A1gina_11.jpg\"\n               data-image-id=\"162\"\n               data-title=\"03-02-20-expo-mujeres-psic\u00f3logas-info_P\u00e1gina_11\"\n               data-description=\"\"\n               data-image-slug=\"03-02-20-expo-mujeres-psic%c3%b3logas-info_p%c3%a1gina_11\"\n               class=\"shutterset_df38311a79fd3010904e12c188aa72e7\">\n                <img\n                    title=\"03-02-20-expo-mujeres-psic\u00f3logas-info_P\u00e1gina_11\"\n                    alt=\"03-02-20-expo-mujeres-psic\u00f3logas-info_P\u00e1gina_11\"\n                    src=\"https:\/\/igualdad.umh.es\/wp-content\/uploads\/sites\/114\/nggallery\/expo-fotografiapsicologas\/thumbs\/thumbs_03-02-20-expo-mujeres-psic%C3%B3logas-info_P%C3%A1gina_11.jpg\"\n                    width=\"100\"\n                    height=\"75\"\n                    style=\"max-width:100%;\"\n                \/>\n            <\/a>\n        <\/div>\n\t\t\t\t\t\t\t<\/div> \n\t\t\t\n        \n\t\t\t\t<div id=\"ngg-image-11\" class=\"ngg-gallery-thumbnail-box\" >\n\t\t\t\t        <div class=\"ngg-gallery-thumbnail\">\n            <a href=\"https:\/\/igualdad.umh.es\/wp-content\/uploads\/sites\/114\/nggallery\/expo-fotografiapsicologas\/03-02-20-expo-mujeres-psic%C3%B3logas-info_P%C3%A1gina_12.jpg\"\n               title=\"\"\n               data-src=\"https:\/\/igualdad.umh.es\/wp-content\/uploads\/sites\/114\/nggallery\/expo-fotografiapsicologas\/03-02-20-expo-mujeres-psic%C3%B3logas-info_P%C3%A1gina_12.jpg\"\n               data-thumbnail=\"https:\/\/igualdad.umh.es\/wp-content\/uploads\/sites\/114\/nggallery\/expo-fotografiapsicologas\/thumbs\/thumbs_03-02-20-expo-mujeres-psic%C3%B3logas-info_P%C3%A1gina_12.jpg\"\n               data-image-id=\"164\"\n               data-title=\"03-02-20-expo-mujeres-psic\u00f3logas-info_P\u00e1gina_12\"\n               data-description=\"\"\n               data-image-slug=\"03-02-20-expo-mujeres-psic%c3%b3logas-info_p%c3%a1gina_12\"\n               class=\"shutterset_df38311a79fd3010904e12c188aa72e7\">\n                <img\n                    title=\"03-02-20-expo-mujeres-psic\u00f3logas-info_P\u00e1gina_12\"\n                    alt=\"03-02-20-expo-mujeres-psic\u00f3logas-info_P\u00e1gina_12\"\n                    src=\"https:\/\/igualdad.umh.es\/wp-content\/uploads\/sites\/114\/nggallery\/expo-fotografiapsicologas\/thumbs\/thumbs_03-02-20-expo-mujeres-psic%C3%B3logas-info_P%C3%A1gina_12.jpg\"\n                    width=\"100\"\n                    height=\"75\"\n                    style=\"max-width:100%;\"\n                \/>\n            <\/a>\n        <\/div>\n\t\t\t\t\t\t\t<\/div> \n\t\t\t\n        \n\t\t\t\t<div id=\"ngg-image-12\" class=\"ngg-gallery-thumbnail-box\" >\n\t\t\t\t        <div class=\"ngg-gallery-thumbnail\">\n            <a href=\"https:\/\/igualdad.umh.es\/wp-content\/uploads\/sites\/114\/nggallery\/expo-fotografiapsicologas\/03-02-20-expo-mujeres-psic%C3%B3logas-info_P%C3%A1gina_13.jpg\"\n               title=\"\"\n               data-src=\"https:\/\/igualdad.umh.es\/wp-content\/uploads\/sites\/114\/nggallery\/expo-fotografiapsicologas\/03-02-20-expo-mujeres-psic%C3%B3logas-info_P%C3%A1gina_13.jpg\"\n               data-thumbnail=\"https:\/\/igualdad.umh.es\/wp-content\/uploads\/sites\/114\/nggallery\/expo-fotografiapsicologas\/thumbs\/thumbs_03-02-20-expo-mujeres-psic%C3%B3logas-info_P%C3%A1gina_13.jpg\"\n               data-image-id=\"167\"\n               data-title=\"03-02-20-expo-mujeres-psic\u00f3logas-info_P\u00e1gina_13\"\n               data-description=\"\"\n               data-image-slug=\"03-02-20-expo-mujeres-psic%c3%b3logas-info_p%c3%a1gina_13\"\n               class=\"shutterset_df38311a79fd3010904e12c188aa72e7\">\n                <img\n                    title=\"03-02-20-expo-mujeres-psic\u00f3logas-info_P\u00e1gina_13\"\n                    alt=\"03-02-20-expo-mujeres-psic\u00f3logas-info_P\u00e1gina_13\"\n                    src=\"https:\/\/igualdad.umh.es\/wp-content\/uploads\/sites\/114\/nggallery\/expo-fotografiapsicologas\/thumbs\/thumbs_03-02-20-expo-mujeres-psic%C3%B3logas-info_P%C3%A1gina_13.jpg\"\n                    width=\"100\"\n                    height=\"75\"\n                    style=\"max-width:100%;\"\n                \/>\n            <\/a>\n        <\/div>\n\t\t\t\t\t\t\t<\/div> \n\t\t\t\n        \n\t\t\t\t<div id=\"ngg-image-13\" class=\"ngg-gallery-thumbnail-box\" >\n\t\t\t\t        <div class=\"ngg-gallery-thumbnail\">\n            <a href=\"https:\/\/igualdad.umh.es\/wp-content\/uploads\/sites\/114\/nggallery\/expo-fotografiapsicologas\/03-02-20-expo-mujeres-psic%C3%B3logas-info_P%C3%A1gina_14.jpg\"\n               title=\"\"\n               data-src=\"https:\/\/igualdad.umh.es\/wp-content\/uploads\/sites\/114\/nggallery\/expo-fotografiapsicologas\/03-02-20-expo-mujeres-psic%C3%B3logas-info_P%C3%A1gina_14.jpg\"\n               data-thumbnail=\"https:\/\/igualdad.umh.es\/wp-content\/uploads\/sites\/114\/nggallery\/expo-fotografiapsicologas\/thumbs\/thumbs_03-02-20-expo-mujeres-psic%C3%B3logas-info_P%C3%A1gina_14.jpg\"\n               data-image-id=\"168\"\n               data-title=\"03-02-20-expo-mujeres-psic\u00f3logas-info_P\u00e1gina_14\"\n               data-description=\"\"\n               data-image-slug=\"03-02-20-expo-mujeres-psic%c3%b3logas-info_p%c3%a1gina_14\"\n               class=\"shutterset_df38311a79fd3010904e12c188aa72e7\">\n                <img\n                    title=\"03-02-20-expo-mujeres-psic\u00f3logas-info_P\u00e1gina_14\"\n                    alt=\"03-02-20-expo-mujeres-psic\u00f3logas-info_P\u00e1gina_14\"\n                    src=\"https:\/\/igualdad.umh.es\/wp-content\/uploads\/sites\/114\/nggallery\/expo-fotografiapsicologas\/thumbs\/thumbs_03-02-20-expo-mujeres-psic%C3%B3logas-info_P%C3%A1gina_14.jpg\"\n                    width=\"100\"\n                    height=\"75\"\n                    style=\"max-width:100%;\"\n                \/>\n            <\/a>\n        <\/div>\n\t\t\t\t\t\t\t<\/div> \n\t\t\t\n        \n\t\t\t\t<div id=\"ngg-image-14\" class=\"ngg-gallery-thumbnail-box\" >\n\t\t\t\t        <div class=\"ngg-gallery-thumbnail\">\n            <a href=\"https:\/\/igualdad.umh.es\/wp-content\/uploads\/sites\/114\/nggallery\/expo-fotografiapsicologas\/03-02-20-expo-mujeres-psic%C3%B3logas-info_P%C3%A1gina_15.jpg\"\n               title=\"\"\n               data-src=\"https:\/\/igualdad.umh.es\/wp-content\/uploads\/sites\/114\/nggallery\/expo-fotografiapsicologas\/03-02-20-expo-mujeres-psic%C3%B3logas-info_P%C3%A1gina_15.jpg\"\n               data-thumbnail=\"https:\/\/igualdad.umh.es\/wp-content\/uploads\/sites\/114\/nggallery\/expo-fotografiapsicologas\/thumbs\/thumbs_03-02-20-expo-mujeres-psic%C3%B3logas-info_P%C3%A1gina_15.jpg\"\n               data-image-id=\"170\"\n               data-title=\"03-02-20-expo-mujeres-psic\u00f3logas-info_P\u00e1gina_15\"\n               data-description=\"\"\n               data-image-slug=\"03-02-20-expo-mujeres-psic%c3%b3logas-info_p%c3%a1gina_15\"\n               class=\"shutterset_df38311a79fd3010904e12c188aa72e7\">\n                <img\n                    title=\"03-02-20-expo-mujeres-psic\u00f3logas-info_P\u00e1gina_15\"\n                    alt=\"03-02-20-expo-mujeres-psic\u00f3logas-info_P\u00e1gina_15\"\n                    src=\"https:\/\/igualdad.umh.es\/wp-content\/uploads\/sites\/114\/nggallery\/expo-fotografiapsicologas\/thumbs\/thumbs_03-02-20-expo-mujeres-psic%C3%B3logas-info_P%C3%A1gina_15.jpg\"\n                    width=\"100\"\n                    height=\"75\"\n                    style=\"max-width:100%;\"\n                \/>\n            <\/a>\n        <\/div>\n\t\t\t\t\t\t\t<\/div> \n\t\t\t\n        \n\t\t\n\t\t<!-- Pagination -->\n\t<div class='ngg-clear'><\/div>\t<\/div>\n<\/p>\n<div class='bookmarkify'><a name='bookmarkify'><\/a><link rel='stylesheet' type='text\/css' href='https:\/\/igualdad.umh.es\/wp-content\/plugins\/bookmarkify\/more.css' \/><div class='bookmarkifyMoreWindow' id='bookmarkifyMore1' style='display:none;position:absolute;'><div class='bookmarkifyMoreWindowHeader'><a rel='nofollow' href='https:\/\/igualdad.umh.es\/en\/2020\/03\/02\/umh8m-exposicion-fotografica-las-20-de-la-psicologia-espanola-psicologas-cientificas-mujeres\/#bookmarkify' onclick='document.getElementById(\"bookmarkifyMore1\").style.display=\"none\"; return false;'>Close<span class='bookmarkifyCloseIcon' style='background-image: url(https:\/\/igualdad.umh.es\/wp-content\/plugins\/bookmarkify\/imagecol.png); background-position:0px -1037px;'>&nbsp;<\/span><\/a>Bookmark and Share This Page <\/div><div class='bookmarkifySaveToBrowser'><a rel='nofollow' href='https:\/\/igualdad.umh.es\/en\/2020\/03\/02\/umh8m-exposicion-fotografica-las-20-de-la-psicologia-espanola-psicologas-cientificas-mujeres\/#bookmarkify' onclick='javascript:if(document.all){window.external.AddFavorite(\"https:\/\/igualdad.umh.es\/en\/2020\/03\/02\/umh8m-exposicion-fotografica-las-20-de-la-psicologia-espanola-psicologas-cientificas-mujeres\/\", \"#UMH8M Exposici\u00f3n fotogr\u00e1fica \u201cLas 20 de la psicolog\u00eda espa\u00f1ola: psic\u00f3logas, cient\u00edficas, mujeres\u201d\");} else if(window.sidebar){window.sidebar.addPanel(\"#UMH8M Exposici\u00f3n fotogr\u00e1fica \u201cLas 20 de la psicolog\u00eda espa\u00f1ola: psic\u00f3logas, cient\u00edficas, mujeres\u201d\", \"https:\/\/igualdad.umh.es\/en\/2020\/03\/02\/umh8m-exposicion-fotografica-las-20-de-la-psicologia-espanola-psicologas-cientificas-mujeres\/\", \"\");}return false;' style='background-image: url(https:\/\/igualdad.umh.es\/wp-content\/plugins\/bookmarkify\/imagecol.png); background-position:0px -986px;'>Save to Browser Favorites \/ Bookmarks<\/a><\/div><div class='bookmarkifySiteLinks'><table cellspacing='3'><tr><td><div class='bookmarkifySiteLink'><a onclick='target=\"_blank\";' href='http:\/\/myjeeves.ask.com\/mysearch\/BookmarkIt?v=1.2&amp;t=webpages&amp;url=https:\/\/igualdad.umh.es\/en\/2020\/03\/02\/umh8m-exposicion-fotografica-las-20-de-la-psicologia-espanola-psicologas-cientificas-mujeres\/&amp;title=#UMH8M Exposici\u00f3n fotogr\u00e1fica \u201cLas 20 de la psicolog\u00eda espa\u00f1ola: psic\u00f3logas, cient\u00edficas, mujeres\u201d' title='Save to Ask' rel='nofollow' style='background-image: url(https:\/\/igualdad.umh.es\/wp-content\/plugins\/bookmarkify\/imagecol.png); background-position:0px -0px'>Ask<\/a><\/div><div class='bookmarkifySiteLink'><a onclick='target=\"_blank\";' href='http:\/\/www.backflip.com\/add_page_pop.ihtml?url=https:\/\/igualdad.umh.es\/en\/2020\/03\/02\/umh8m-exposicion-fotografica-las-20-de-la-psicologia-espanola-psicologas-cientificas-mujeres\/&amp;title=#UMH8M Exposici\u00f3n fotogr\u00e1fica \u201cLas 20 de la psicolog\u00eda espa\u00f1ola: psic\u00f3logas, cient\u00edficas, mujeres\u201d' title='Save to backflip' rel='nofollow' style='background-image: url(https:\/\/igualdad.umh.es\/wp-content\/plugins\/bookmarkify\/imagecol.png); background-position:0px -17px'>backflip<\/a><\/div><div class='bookmarkifySiteLink'><a onclick='target=\"_blank\";' href='http:\/\/blinklist.com\/index.php?Action=Blink\/addblink.php&amp;Url=https:\/\/igualdad.umh.es\/en\/2020\/03\/02\/umh8m-exposicion-fotografica-las-20-de-la-psicologia-espanola-psicologas-cientificas-mujeres\/&amp;Title=#UMH8M Exposici\u00f3n fotogr\u00e1fica \u201cLas 20 de la psicolog\u00eda espa\u00f1ola: psic\u00f3logas, cient\u00edficas, mujeres\u201d' title='Save to blinklist' rel='nofollow' style='background-image: url(https:\/\/igualdad.umh.es\/wp-content\/plugins\/bookmarkify\/imagecol.png); background-position:0px -34px'>blinklist<\/a><\/div><div class='bookmarkifySiteLink'><a onclick='target=\"_blank\";' href='http:\/\/www.blogbookmark.com\/submit.php?url=https:\/\/igualdad.umh.es\/en\/2020\/03\/02\/umh8m-exposicion-fotografica-las-20-de-la-psicologia-espanola-psicologas-cientificas-mujeres\/' title='Save to BlogBookmark' rel='nofollow' style='background-image: url(https:\/\/igualdad.umh.es\/wp-content\/plugins\/bookmarkify\/imagecol.png); background-position:0px -51px'>BlogBookmark<\/a><\/div><div class='bookmarkifySiteLink'><a onclick='target=\"_blank\";' href='http:\/\/www.bloglines.com\/sub\/https:\/\/igualdad.umh.es\/en\/2020\/03\/02\/umh8m-exposicion-fotografica-las-20-de-la-psicologia-espanola-psicologas-cientificas-mujeres\/' title='Save to Bloglines' rel='nofollow' style='background-image: url(https:\/\/igualdad.umh.es\/wp-content\/plugins\/bookmarkify\/imagecol.png); background-position:0px -68px'>Bloglines<\/a><\/div><div class='bookmarkifySiteLink'><a onclick='target=\"_blank\";' href='http:\/\/blogmarks.net\/my\/new.php?mini=1&amp;simple=1&amp;url=https:\/\/igualdad.umh.es\/en\/2020\/03\/02\/umh8m-exposicion-fotografica-las-20-de-la-psicologia-espanola-psicologas-cientificas-mujeres\/&amp;title=#UMH8M Exposici\u00f3n fotogr\u00e1fica \u201cLas 20 de la psicolog\u00eda espa\u00f1ola: psic\u00f3logas, cient\u00edficas, mujeres\u201d' title='Save to BlogMarks' rel='nofollow' style='background-image: url(https:\/\/igualdad.umh.es\/wp-content\/plugins\/bookmarkify\/imagecol.png); background-position:0px -85px'>BlogMarks<\/a><\/div><div class='bookmarkifySiteLink'><a onclick='target=\"_blank\";' href='http:\/\/www.blogsvine.com\/submit.php?url=https:\/\/igualdad.umh.es\/en\/2020\/03\/02\/umh8m-exposicion-fotografica-las-20-de-la-psicologia-espanola-psicologas-cientificas-mujeres\/' title='Save to Blogsvine' rel='nofollow' style='background-image: url(https:\/\/igualdad.umh.es\/wp-content\/plugins\/bookmarkify\/imagecol.png); background-position:0px -102px'>Blogsvine<\/a><\/div><div class='bookmarkifySiteLink'><a onclick='target=\"_blank\";' href='http:\/\/www.buddymarks.com\/add_bookmark.php?bookmark_title=#UMH8M Exposici\u00f3n fotogr\u00e1fica \u201cLas 20 de la psicolog\u00eda espa\u00f1ola: psic\u00f3logas, cient\u00edficas, mujeres\u201d&amp;bookmark_url=https:\/\/igualdad.umh.es\/en\/2020\/03\/02\/umh8m-exposicion-fotografica-las-20-de-la-psicologia-espanola-psicologas-cientificas-mujeres\/' title='BuddyMark It' rel='nofollow' style='background-image: url(https:\/\/igualdad.umh.es\/wp-content\/plugins\/bookmarkify\/imagecol.png); background-position:0px -119px'>BuddyMarks<\/a><\/div><div class='bookmarkifySiteLink'><a onclick='target=\"_blank\";' href='http:\/\/www.bumpzee.com\/bump.php?u=https:\/\/igualdad.umh.es\/en\/2020\/03\/02\/umh8m-exposicion-fotografica-las-20-de-la-psicologia-espanola-psicologas-cientificas-mujeres\/' title='Save to BUMPzee!' rel='nofollow' style='background-image: url(https:\/\/igualdad.umh.es\/wp-content\/plugins\/bookmarkify\/imagecol.png); background-position:0px -136px'>BUMPzee!<\/a><\/div><div class='bookmarkifySiteLink'><a onclick='target=\"_blank\";' href='http:\/\/www.citeulike.org\/posturl?url=https:\/\/igualdad.umh.es\/en\/2020\/03\/02\/umh8m-exposicion-fotografica-las-20-de-la-psicologia-espanola-psicologas-cientificas-mujeres\/&amp;title=#UMH8M Exposici\u00f3n fotogr\u00e1fica \u201cLas 20 de la psicolog\u00eda espa\u00f1ola: psic\u00f3logas, cient\u00edficas, mujeres\u201d' title='Save to CiteULike' rel='nofollow' style='background-image: url(https:\/\/igualdad.umh.es\/wp-content\/plugins\/bookmarkify\/imagecol.png); background-position:0px -153px'>CiteULike<\/a><\/div><div class='bookmarkifySiteLink'><a onclick='target=\"_blank\";' href='http:\/\/www.connotea.org\/addpopup?continue=confirm&amp;uri=https:\/\/igualdad.umh.es\/en\/2020\/03\/02\/umh8m-exposicion-fotografica-las-20-de-la-psicologia-espanola-psicologas-cientificas-mujeres\/&amp;title=#UMH8M Exposici\u00f3n fotogr\u00e1fica \u201cLas 20 de la psicolog\u00eda espa\u00f1ola: psic\u00f3logas, cient\u00edficas, mujeres\u201d' title='Save to Connotea' rel='nofollow' style='background-image: url(https:\/\/igualdad.umh.es\/wp-content\/plugins\/bookmarkify\/imagecol.png); background-position:0px -187px'>Connotea<\/a><\/div><div class='bookmarkifySiteLink'><a onclick='target=\"_blank\";' href='http:\/\/del.icio.us\/post?url=https:\/\/igualdad.umh.es\/en\/2020\/03\/02\/umh8m-exposicion-fotografica-las-20-de-la-psicologia-espanola-psicologas-cientificas-mujeres\/&amp;title=#UMH8M Exposici\u00f3n fotogr\u00e1fica \u201cLas 20 de la psicolog\u00eda espa\u00f1ola: psic\u00f3logas, cient\u00edficas, mujeres\u201d' title='Save to del.icio.us' rel='nofollow' style='background-image: url(https:\/\/igualdad.umh.es\/wp-content\/plugins\/bookmarkify\/imagecol.png); background-position:0px -204px'>del.icio.us<\/a><\/div><\/td><td><div class='bookmarkifySiteLink'><a onclick='target=\"_blank\";' href='http:\/\/digg.com\/submit?phase=2&amp;url=https:\/\/igualdad.umh.es\/en\/2020\/03\/02\/umh8m-exposicion-fotografica-las-20-de-la-psicologia-espanola-psicologas-cientificas-mujeres\/&amp;title=#UMH8M Exposici\u00f3n fotogr\u00e1fica \u201cLas 20 de la psicolog\u00eda espa\u00f1ola: psic\u00f3logas, cient\u00edficas, mujeres\u201d' title='Digg It!' rel='nofollow' style='background-image: url(https:\/\/igualdad.umh.es\/wp-content\/plugins\/bookmarkify\/imagecol.png); background-position:0px -221px'>Digg<\/a><\/div><div class='bookmarkifySiteLink'><a onclick='target=\"_blank\";' href='http:\/\/www.diigo.com\/post?url=https:\/\/igualdad.umh.es\/en\/2020\/03\/02\/umh8m-exposicion-fotografica-las-20-de-la-psicologia-espanola-psicologas-cientificas-mujeres\/&amp;title=#UMH8M Exposici\u00f3n fotogr\u00e1fica \u201cLas 20 de la psicolog\u00eda espa\u00f1ola: psic\u00f3logas, cient\u00edficas, mujeres\u201d' title='Save to diigo' rel='nofollow' style='background-image: url(https:\/\/igualdad.umh.es\/wp-content\/plugins\/bookmarkify\/imagecol.png); background-position:0px -238px'>diigo<\/a><\/div><div class='bookmarkifySiteLink'><a onclick='target=\"_blank\";' href='http:\/\/www.dotnetkicks.com\/kick\/?url=https:\/\/igualdad.umh.es\/en\/2020\/03\/02\/umh8m-exposicion-fotografica-las-20-de-la-psicologia-espanola-psicologas-cientificas-mujeres\/&amp;title=#UMH8M Exposici\u00f3n fotogr\u00e1fica \u201cLas 20 de la psicolog\u00eda espa\u00f1ola: psic\u00f3logas, cient\u00edficas, mujeres\u201d' title='Save to DotNetKicks' rel='nofollow' style='background-image: url(https:\/\/igualdad.umh.es\/wp-content\/plugins\/bookmarkify\/imagecol.png); background-position:0px -255px'>DotNetKicks<\/a><\/div><div class='bookmarkifySiteLink'><a onclick='target=\"_blank\";' href='http:\/\/www.dropjack.com\/submit.php?url=https:\/\/igualdad.umh.es\/en\/2020\/03\/02\/umh8m-exposicion-fotografica-las-20-de-la-psicologia-espanola-psicologas-cientificas-mujeres\/' title='Save to DropJack' rel='nofollow' style='background-image: url(https:\/\/igualdad.umh.es\/wp-content\/plugins\/bookmarkify\/imagecol.png); background-position:0px -272px'>DropJack<\/a><\/div><div class='bookmarkifySiteLink'><a onclick='target=\"_blank\";' href='http:\/\/www.dzone.com\/links\/add.html?description=#UMH8M Exposici\u00f3n fotogr\u00e1fica \u201cLas 20 de la psicolog\u00eda espa\u00f1ola: psic\u00f3logas, cient\u00edficas, mujeres\u201d&amp;url=https:\/\/igualdad.umh.es\/en\/2020\/03\/02\/umh8m-exposicion-fotografica-las-20-de-la-psicologia-espanola-psicologas-cientificas-mujeres\/&amp;title=#UMH8M Exposici\u00f3n fotogr\u00e1fica \u201cLas 20 de la psicolog\u00eda espa\u00f1ola: psic\u00f3logas, cient\u00edficas, mujeres\u201d' title='Save to dzone' rel='nofollow' style='background-image: url(https:\/\/igualdad.umh.es\/wp-content\/plugins\/bookmarkify\/imagecol.png); background-position:0px -289px'>dzone<\/a><\/div><div class='bookmarkifySiteLink'><a onclick='target=\"_blank\";' href='http:\/\/www.facebook.com\/share.php?u=https:\/\/igualdad.umh.es\/en\/2020\/03\/02\/umh8m-exposicion-fotografica-las-20-de-la-psicologia-espanola-psicologas-cientificas-mujeres\/' title='Save to Facebook' rel='nofollow' style='background-image: url(https:\/\/igualdad.umh.es\/wp-content\/plugins\/bookmarkify\/imagecol.png); background-position:0px -306px'>Facebook<\/a><\/div><div class='bookmarkifySiteLink'><a onclick='target=\"_blank\";' href='http:\/\/cgi.fark.com\/cgi\/fark\/farkit.pl?u=https:\/\/igualdad.umh.es\/en\/2020\/03\/02\/umh8m-exposicion-fotografica-las-20-de-la-psicologia-espanola-psicologas-cientificas-mujeres\/&amp;h=#UMH8M Exposici\u00f3n fotogr\u00e1fica \u201cLas 20 de la psicolog\u00eda espa\u00f1ola: psic\u00f3logas, cient\u00edficas, mujeres\u201d' title='FarkIt!' rel='nofollow' style='background-image: url(https:\/\/igualdad.umh.es\/wp-content\/plugins\/bookmarkify\/imagecol.png); background-position:0px -323px'>Fark<\/a><\/div><div class='bookmarkifySiteLink'><a onclick='target=\"_blank\";' href='http:\/\/faves.com\/Authoring.aspx?u=https:\/\/igualdad.umh.es\/en\/2020\/03\/02\/umh8m-exposicion-fotografica-las-20-de-la-psicologia-espanola-psicologas-cientificas-mujeres\/&amp;t=#UMH8M Exposici\u00f3n fotogr\u00e1fica \u201cLas 20 de la psicolog\u00eda espa\u00f1ola: psic\u00f3logas, cient\u00edficas, mujeres\u201d' title='Save to Faves' rel='nofollow' style='background-image: url(https:\/\/igualdad.umh.es\/wp-content\/plugins\/bookmarkify\/imagecol.png); background-position:0px -340px'>Faves<\/a><\/div><div class='bookmarkifySiteLink'><a onclick='target=\"_blank\";' href='http:\/\/friendsite.com\/users\/bookmark\/?u=https:\/\/igualdad.umh.es\/en\/2020\/03\/02\/umh8m-exposicion-fotografica-las-20-de-la-psicologia-espanola-psicologas-cientificas-mujeres\/&amp;t=#UMH8M Exposici\u00f3n fotogr\u00e1fica \u201cLas 20 de la psicolog\u00eda espa\u00f1ola: psic\u00f3logas, cient\u00edficas, mujeres\u201d' title='Save to Friendsite' rel='nofollow' style='background-image: url(https:\/\/igualdad.umh.es\/wp-content\/plugins\/bookmarkify\/imagecol.png); background-position:0px -391px'>Friendsite<\/a><\/div><div class='bookmarkifySiteLink'><a onclick='target=\"_blank\";' href='http:\/\/www.folkd.com\/submit\/https:\/\/igualdad.umh.es\/en\/2020\/03\/02\/umh8m-exposicion-fotografica-las-20-de-la-psicologia-espanola-psicologas-cientificas-mujeres\/' title='Save to folkd.com' rel='nofollow' style='background-image: url(https:\/\/igualdad.umh.es\/wp-content\/plugins\/bookmarkify\/imagecol.png); background-position:0px -374px'>folkd.com<\/a><\/div><div class='bookmarkifySiteLink'><a onclick='target=\"_blank\";' href='http:\/\/www.furl.net\/storeIt.jsp?u=https:\/\/igualdad.umh.es\/en\/2020\/03\/02\/umh8m-exposicion-fotografica-las-20-de-la-psicologia-espanola-psicologas-cientificas-mujeres\/&amp;t=#UMH8M Exposici\u00f3n fotogr\u00e1fica \u201cLas 20 de la psicolog\u00eda espa\u00f1ola: psic\u00f3logas, cient\u00edficas, mujeres\u201d' title='Save to Furl' rel='nofollow' style='background-image: url(https:\/\/igualdad.umh.es\/wp-content\/plugins\/bookmarkify\/imagecol.png); background-position:0px -408px'>Furl<\/a><\/div><div class='bookmarkifySiteLink'><a onclick='target=\"_blank\";' href='http:\/\/www.google.com\/bookmarks\/mark?op=edit&amp;output=popup&amp;bkmk=https:\/\/igualdad.umh.es\/en\/2020\/03\/02\/umh8m-exposicion-fotografica-las-20-de-la-psicologia-espanola-psicologas-cientificas-mujeres\/&amp;title=#UMH8M Exposici\u00f3n fotogr\u00e1fica \u201cLas 20 de la psicolog\u00eda espa\u00f1ola: psic\u00f3logas, cient\u00edficas, mujeres\u201d' title='Save to Google Bookmarks' rel='nofollow' style='background-image: url(https:\/\/igualdad.umh.es\/wp-content\/plugins\/bookmarkify\/imagecol.png); background-position:0px -425px'>Google<\/a><\/div><\/td><td><div class='bookmarkifySiteLink'><a onclick='target=\"_blank\";' href='http:\/\/www.jamespot.com\/?action=spotit&url=https:\/\/igualdad.umh.es\/en\/2020\/03\/02\/umh8m-exposicion-fotografica-las-20-de-la-psicologia-espanola-psicologas-cientificas-mujeres\/' title='Spot It!' rel='nofollow' style='background-image: url(https:\/\/igualdad.umh.es\/wp-content\/plugins\/bookmarkify\/imagecol.png); background-position:0px -1122px'>Jamespot<\/a><\/div><div class='bookmarkifySiteLink'><a onclick='target=\"_blank\";' href='http:\/\/www.jeqq.com\/submit.php?url==https:\/\/igualdad.umh.es\/en\/2020\/03\/02\/umh8m-exposicion-fotografica-las-20-de-la-psicologia-espanola-psicologas-cientificas-mujeres\/&amp;title=#UMH8M Exposici\u00f3n fotogr\u00e1fica \u201cLas 20 de la psicolog\u00eda espa\u00f1ola: psic\u00f3logas, cient\u00edficas, mujeres\u201d' title='Save to Jeqq' rel='nofollow' style='background-image: url(https:\/\/igualdad.umh.es\/wp-content\/plugins\/bookmarkify\/imagecol.png); background-position:0px -459px'>Jeqq<\/a><\/div><div class='bookmarkifySiteLink'><a onclick='target=\"_blank\";' href='http:\/\/www.kaboodle.com\/za\/selectpage?p_pop=false&amp;pa=url&amp;u=https:\/\/igualdad.umh.es\/en\/2020\/03\/02\/umh8m-exposicion-fotografica-las-20-de-la-psicologia-espanola-psicologas-cientificas-mujeres\/' title='Save to Kaboodle' rel='nofollow' style='background-image: url(https:\/\/igualdad.umh.es\/wp-content\/plugins\/bookmarkify\/imagecol.png); background-position:0px -476px'>Kaboodle<\/a><\/div><div class='bookmarkifySiteLink'><a onclick='target=\"_blank\";' href='http:\/\/www.kirtsy.com\/submit.php?url=https:\/\/igualdad.umh.es\/en\/2020\/03\/02\/umh8m-exposicion-fotografica-las-20-de-la-psicologia-espanola-psicologas-cientificas-mujeres\/' title='Save to kirtsy' rel='nofollow' style='background-image: url(https:\/\/igualdad.umh.es\/wp-content\/plugins\/bookmarkify\/imagecol.png); background-position:0px -493px'>kirtsy<\/a><\/div><div class='bookmarkifySiteLink'><a onclick='target=\"_blank\";' href='http:\/\/www.linkagogo.com\/go\/AddNoPopup?url=https:\/\/igualdad.umh.es\/en\/2020\/03\/02\/umh8m-exposicion-fotografica-las-20-de-la-psicologia-espanola-psicologas-cientificas-mujeres\/&amp;title=#UMH8M Exposici\u00f3n fotogr\u00e1fica \u201cLas 20 de la psicolog\u00eda espa\u00f1ola: psic\u00f3logas, cient\u00edficas, mujeres\u201d' title='Save to linkaGoGo' rel='nofollow' style='background-image: url(https:\/\/igualdad.umh.es\/wp-content\/plugins\/bookmarkify\/imagecol.png); background-position:0px -510px'>linkaGoGo<\/a><\/div><div class='bookmarkifySiteLink'><a onclick='target=\"_blank\";' href='http:\/\/www.linkedin.com\/shareArticle?mini=true&url=https:\/\/igualdad.umh.es\/en\/2020\/03\/02\/umh8m-exposicion-fotografica-las-20-de-la-psicologia-espanola-psicologas-cientificas-mujeres\/&title=#UMH8M Exposici\u00f3n fotogr\u00e1fica \u201cLas 20 de la psicolog\u00eda espa\u00f1ola: psic\u00f3logas, cient\u00edficas, mujeres\u201d' title='Share on LinkedIn' rel='nofollow' style='background-image: url(https:\/\/igualdad.umh.es\/wp-content\/plugins\/bookmarkify\/imagecol.png); background-position:0px -1155px'>LinkedIn<\/a><\/div><div class='bookmarkifySiteLink'><a onclick='target=\"_blank\";' href='http:\/\/ma.gnolia.com\/bookmarklet\/add?url=https:\/\/igualdad.umh.es\/en\/2020\/03\/02\/umh8m-exposicion-fotografica-las-20-de-la-psicologia-espanola-psicologas-cientificas-mujeres\/&amp;title=#UMH8M Exposici\u00f3n fotogr\u00e1fica \u201cLas 20 de la psicolog\u00eda espa\u00f1ola: psic\u00f3logas, cient\u00edficas, mujeres\u201d' title='Save to Ma.gnolia' rel='nofollow' style='background-image: url(https:\/\/igualdad.umh.es\/wp-content\/plugins\/bookmarkify\/imagecol.png); background-position:0px -544px'>Ma.gnolia<\/a><\/div><div class='bookmarkifySiteLink'><a onclick='target=\"_blank\";' href='http:\/\/www.mister-wong.com\/index.php?action=addurl&amp;bm_url=https:\/\/igualdad.umh.es\/en\/2020\/03\/02\/umh8m-exposicion-fotografica-las-20-de-la-psicologia-espanola-psicologas-cientificas-mujeres\/&amp;bm_description=#UMH8M Exposici\u00f3n fotogr\u00e1fica \u201cLas 20 de la psicolog\u00eda espa\u00f1ola: psic\u00f3logas, cient\u00edficas, mujeres\u201d' title='Save to Mister Wong' rel='nofollow' style='background-image: url(https:\/\/igualdad.umh.es\/wp-content\/plugins\/bookmarkify\/imagecol.png); background-position:0px -561px'>Mister Wong<\/a><\/div><div class='bookmarkifySiteLink'><a onclick='target=\"_blank\";' href='http:\/\/www.mixx.com\/submit?page_url=https:\/\/igualdad.umh.es\/en\/2020\/03\/02\/umh8m-exposicion-fotografica-las-20-de-la-psicologia-espanola-psicologas-cientificas-mujeres\/' title='Save to Mixx' rel='nofollow' style='background-image: url(https:\/\/igualdad.umh.es\/wp-content\/plugins\/bookmarkify\/imagecol.png); background-position:0px -578px'>Mixx<\/a><\/div><div class='bookmarkifySiteLink'><a onclick='target=\"_blank\";' href='http:\/\/www.myspace.com\/Modules\/PostTo\/Pages\/?c=https:\/\/igualdad.umh.es\/en\/2020\/03\/02\/umh8m-exposicion-fotografica-las-20-de-la-psicologia-espanola-psicologas-cientificas-mujeres\/&amp;t=#UMH8M Exposici\u00f3n fotogr\u00e1fica \u201cLas 20 de la psicolog\u00eda espa\u00f1ola: psic\u00f3logas, cient\u00edficas, mujeres\u201d' title='Save to MySpace' rel='nofollow' style='background-image: url(https:\/\/igualdad.umh.es\/wp-content\/plugins\/bookmarkify\/imagecol.png); background-position:0px -595px'>MySpace<\/a><\/div><div class='bookmarkifySiteLink'><a onclick='target=\"_blank\";' href='http:\/\/www.netvouz.com\/action\/submitBookmark?url=https:\/\/igualdad.umh.es\/en\/2020\/03\/02\/umh8m-exposicion-fotografica-las-20-de-la-psicologia-espanola-psicologas-cientificas-mujeres\/&amp;title=#UMH8M Exposici\u00f3n fotogr\u00e1fica \u201cLas 20 de la psicolog\u00eda espa\u00f1ola: psic\u00f3logas, cient\u00edficas, mujeres\u201d&amp;popup=no' title='Save to Netvouz' rel='nofollow' style='background-image: url(https:\/\/igualdad.umh.es\/wp-content\/plugins\/bookmarkify\/imagecol.png); background-position:0px -629px'>Netvouz<\/a><\/div><div class='bookmarkifySiteLink'><a onclick='target=\"_blank\";' href='http:\/\/www.newsvine.com\/_tools\/seed?popoff=0&amp;u=https:\/\/igualdad.umh.es\/en\/2020\/03\/02\/umh8m-exposicion-fotografica-las-20-de-la-psicologia-espanola-psicologas-cientificas-mujeres\/' title='Seed Newsvine' rel='nofollow' style='background-image: url(https:\/\/igualdad.umh.es\/wp-content\/plugins\/bookmarkify\/imagecol.png); background-position:0px -646px'>Newsvine<\/a><\/div><\/td><td><div class='bookmarkifySiteLink'><a onclick='target=\"_blank\";' href='http:\/\/www.oneview.com\/quickadd\/neu\/addBookmark.jsf?URL=https:\/\/igualdad.umh.es\/en\/2020\/03\/02\/umh8m-exposicion-fotografica-las-20-de-la-psicologia-espanola-psicologas-cientificas-mujeres\/&amp;title=#UMH8M Exposici\u00f3n fotogr\u00e1fica \u201cLas 20 de la psicolog\u00eda espa\u00f1ola: psic\u00f3logas, cient\u00edficas, mujeres\u201d' title='Save to oneview' rel='nofollow' style='background-image: url(https:\/\/igualdad.umh.es\/wp-content\/plugins\/bookmarkify\/imagecol.png); background-position:0px -1054px'>oneview<\/a><\/div><div class='bookmarkifySiteLink'><a onclick='target=\"_blank\";' href='http:\/\/www.onlywire.com\/submit?u=https:\/\/igualdad.umh.es\/en\/2020\/03\/02\/umh8m-exposicion-fotografica-las-20-de-la-psicologia-espanola-psicologas-cientificas-mujeres\/&amp;t=#UMH8M Exposici\u00f3n fotogr\u00e1fica \u201cLas 20 de la psicolog\u00eda espa\u00f1ola: psic\u00f3logas, cient\u00edficas, mujeres\u201d' title='Save to OnlyWire' rel='nofollow' style='background-image: url(https:\/\/igualdad.umh.es\/wp-content\/plugins\/bookmarkify\/imagecol.png); background-position:0px -1071px'>OnlyWire<\/a><\/div><div class='bookmarkifySiteLink'><a onclick='target=\"_blank\";' href='http:\/\/www.plugim.com\/submit?url=https:\/\/igualdad.umh.es\/en\/2020\/03\/02\/umh8m-exposicion-fotografica-las-20-de-la-psicologia-espanola-psicologas-cientificas-mujeres\/&amp;title=#UMH8M Exposici\u00f3n fotogr\u00e1fica \u201cLas 20 de la psicolog\u00eda espa\u00f1ola: psic\u00f3logas, cient\u00edficas, mujeres\u201d' title='Promote on PlugIM' rel='nofollow' style='background-image: url(https:\/\/igualdad.umh.es\/wp-content\/plugins\/bookmarkify\/imagecol.png); background-position:0px -663px'>PlugIM<\/a><\/div><div class='bookmarkifySiteLink'><a onclick='target=\"_blank\";' href='http:\/\/www.propeller.com\/submit\/?U=https:\/\/igualdad.umh.es\/en\/2020\/03\/02\/umh8m-exposicion-fotografica-las-20-de-la-psicologia-espanola-psicologas-cientificas-mujeres\/&amp;T=#UMH8M Exposici\u00f3n fotogr\u00e1fica \u201cLas 20 de la psicolog\u00eda espa\u00f1ola: psic\u00f3logas, cient\u00edficas, mujeres\u201d' title='Submit to Propeller' rel='nofollow' style='background-image: url(https:\/\/igualdad.umh.es\/wp-content\/plugins\/bookmarkify\/imagecol.png); background-position:0px -697px'>Propeller<\/a><\/div><div class='bookmarkifySiteLink'><a onclick='target=\"_blank\";' href='http:\/\/reddit.com\/submit?url=https:\/\/igualdad.umh.es\/en\/2020\/03\/02\/umh8m-exposicion-fotografica-las-20-de-la-psicologia-espanola-psicologas-cientificas-mujeres\/&amp;title=#UMH8M Exposici\u00f3n fotogr\u00e1fica \u201cLas 20 de la psicolog\u00eda espa\u00f1ola: psic\u00f3logas, cient\u00edficas, mujeres\u201d' title='Reddit' rel='nofollow' style='background-image: url(https:\/\/igualdad.umh.es\/wp-content\/plugins\/bookmarkify\/imagecol.png); background-position:0px -714px'>Reddit<\/a><\/div><div class='bookmarkifySiteLink'><a onclick='target=\"_blank\";' href='http:\/\/segnalo.com\/post.html.php?url=https:\/\/igualdad.umh.es\/en\/2020\/03\/02\/umh8m-exposicion-fotografica-las-20-de-la-psicologia-espanola-psicologas-cientificas-mujeres\/&amp;title=#UMH8M Exposici\u00f3n fotogr\u00e1fica \u201cLas 20 de la psicolog\u00eda espa\u00f1ola: psic\u00f3logas, cient\u00edficas, mujeres\u201d' title='Save to Segnalo' rel='nofollow' style='background-image: url(https:\/\/igualdad.umh.es\/wp-content\/plugins\/bookmarkify\/imagecol.png); background-position:0px -748px'>Segnalo<\/a><\/div><div class='bookmarkifySiteLink'><a onclick='target=\"_blank\";' href='http:\/\/www.shoutwire.com\/?p=submit&amp;link=https:\/\/igualdad.umh.es\/en\/2020\/03\/02\/umh8m-exposicion-fotografica-las-20-de-la-psicologia-espanola-psicologas-cientificas-mujeres\/' title='Shout It!' rel='nofollow' style='background-image: url(https:\/\/igualdad.umh.es\/wp-content\/plugins\/bookmarkify\/imagecol.png); background-position:0px -765px'>Shoutwire<\/a><\/div><div class='bookmarkifySiteLink'><a onclick='target=\"_blank\";' href='http:\/\/www.simpy.com\/simpy\/LinkAdd.do?href=https:\/\/igualdad.umh.es\/en\/2020\/03\/02\/umh8m-exposicion-fotografica-las-20-de-la-psicologia-espanola-psicologas-cientificas-mujeres\/&amp;title=#UMH8M Exposici\u00f3n fotogr\u00e1fica \u201cLas 20 de la psicolog\u00eda espa\u00f1ola: psic\u00f3logas, cient\u00edficas, mujeres\u201d' title='Save to Simpy' rel='nofollow' style='background-image: url(https:\/\/igualdad.umh.es\/wp-content\/plugins\/bookmarkify\/imagecol.png); background-position:0px -782px'>Simpy<\/a><\/div><div class='bookmarkifySiteLink'><a onclick='target=\"_blank\";' href='http:\/\/slashdot.org\/bookmark.pl?url=https:\/\/igualdad.umh.es\/en\/2020\/03\/02\/umh8m-exposicion-fotografica-las-20-de-la-psicologia-espanola-psicologas-cientificas-mujeres\/&amp;title=#UMH8M Exposici\u00f3n fotogr\u00e1fica \u201cLas 20 de la psicolog\u00eda espa\u00f1ola: psic\u00f3logas, cient\u00edficas, mujeres\u201d' title='Slashdot It!' rel='nofollow' style='background-image: url(https:\/\/igualdad.umh.es\/wp-content\/plugins\/bookmarkify\/imagecol.png); background-position:0px -799px'>Slashdot<\/a><\/div><div class='bookmarkifySiteLink'><a onclick='target=\"_blank\";' href='http:\/\/www.surphace.com\/search?q=sphereit:https:\/\/igualdad.umh.es\/en\/2020\/03\/02\/umh8m-exposicion-fotografica-las-20-de-la-psicologia-espanola-psicologas-cientificas-mujeres\/&amp;title=#UMH8M Exposici\u00f3n fotogr\u00e1fica \u201cLas 20 de la psicolog\u00eda espa\u00f1ola: psic\u00f3logas, cient\u00edficas, mujeres\u201d' title='Save to Surphace' rel='nofollow' style='background-image: url(https:\/\/igualdad.umh.es\/wp-content\/plugins\/bookmarkify\/imagecol.png); background-position:0px -816px'>Surphace<\/a><\/div><div class='bookmarkifySiteLink'><a onclick='target=\"_blank\";' href='http:\/\/sphinn.com\/submit.php?url=https:\/\/igualdad.umh.es\/en\/2020\/03\/02\/umh8m-exposicion-fotografica-las-20-de-la-psicologia-espanola-psicologas-cientificas-mujeres\/&amp;title=#UMH8M Exposici\u00f3n fotogr\u00e1fica \u201cLas 20 de la psicolog\u00eda espa\u00f1ola: psic\u00f3logas, cient\u00edficas, mujeres\u201d' title='Sphinn' rel='nofollow' style='background-image: url(https:\/\/igualdad.umh.es\/wp-content\/plugins\/bookmarkify\/imagecol.png); background-position:0px -833px'>Sphinn<\/a><\/div><div class='bookmarkifySiteLink'><a onclick='target=\"_blank\";' href='http:\/\/www.spurl.net\/spurl.php?url=https:\/\/igualdad.umh.es\/en\/2020\/03\/02\/umh8m-exposicion-fotografica-las-20-de-la-psicologia-espanola-psicologas-cientificas-mujeres\/&amp;title=#UMH8M Exposici\u00f3n fotogr\u00e1fica \u201cLas 20 de la psicolog\u00eda espa\u00f1ola: psic\u00f3logas, cient\u00edficas, mujeres\u201d' title='Save to Spurl' rel='nofollow' style='background-image: url(https:\/\/igualdad.umh.es\/wp-content\/plugins\/bookmarkify\/imagecol.png); background-position:0px -850px'>Spurl<\/a><\/div><\/td><td><div class='bookmarkifySiteLink'><a onclick='target=\"_blank\";' href='http:\/\/www.squidoo.com\/lensmaster\/bookmark?https:\/\/igualdad.umh.es\/en\/2020\/03\/02\/umh8m-exposicion-fotografica-las-20-de-la-psicologia-espanola-psicologas-cientificas-mujeres\/' title='Save to Squidoo' rel='nofollow' style='background-image: url(https:\/\/igualdad.umh.es\/wp-content\/plugins\/bookmarkify\/imagecol.png); background-position:0px -867px'>Squidoo<\/a><\/div><div class='bookmarkifySiteLink'><a onclick='target=\"_blank\";' href='http:\/\/www.stumbleupon.com\/submit?url=https:\/\/igualdad.umh.es\/en\/2020\/03\/02\/umh8m-exposicion-fotografica-las-20-de-la-psicologia-espanola-psicologas-cientificas-mujeres\/&amp;title=#UMH8M Exposici\u00f3n fotogr\u00e1fica \u201cLas 20 de la psicolog\u00eda espa\u00f1ola: psic\u00f3logas, cient\u00edficas, mujeres\u201d' title='Stumble It!' rel='nofollow' style='background-image: url(https:\/\/igualdad.umh.es\/wp-content\/plugins\/bookmarkify\/imagecol.png); background-position:0px -884px'>StumbleUpon<\/a><\/div><div class='bookmarkifySiteLink'><a onclick='target=\"_blank\";' href='http:\/\/technorati.com\/faves?add=https:\/\/igualdad.umh.es\/en\/2020\/03\/02\/umh8m-exposicion-fotografica-las-20-de-la-psicologia-espanola-psicologas-cientificas-mujeres\/' title='Add to my Technorati Favorites' rel='nofollow' style='background-image: url(https:\/\/igualdad.umh.es\/wp-content\/plugins\/bookmarkify\/imagecol.png); background-position:0px -901px'>Technorati<\/a><\/div><div class='bookmarkifySiteLink'><a onclick='target=\"_blank\";' href='http:\/\/www.thisnext.com\/pick\/new\/submit\/sociable\/?url=https:\/\/igualdad.umh.es\/en\/2020\/03\/02\/umh8m-exposicion-fotografica-las-20-de-la-psicologia-espanola-psicologas-cientificas-mujeres\/&amp;name=#UMH8M Exposici\u00f3n fotogr\u00e1fica \u201cLas 20 de la psicolog\u00eda espa\u00f1ola: psic\u00f3logas, cient\u00edficas, mujeres\u201d' title='Save to ThisNext' rel='nofollow' style='background-image: url(https:\/\/igualdad.umh.es\/wp-content\/plugins\/bookmarkify\/imagecol.png); background-position:0px -918px'>ThisNext<\/a><\/div><div class='bookmarkifySiteLink'><a onclick='target=\"_blank\";' href='http:\/\/twitter.com\/home\/?status=#UMH8M Exposici\u00f3n fotogr\u00e1fica \u201cLas 20 de la psicolog\u00eda espa\u00f1ola: psic\u00f3logas, cient\u00edficas, mujeres\u201d+https:\/\/igualdad.umh.es\/en\/2020\/03\/02\/umh8m-exposicion-fotografica-las-20-de-la-psicologia-espanola-psicologas-cientificas-mujeres\/' title='Save to Twitter' rel='nofollow' style='background-image: url(https:\/\/igualdad.umh.es\/wp-content\/plugins\/bookmarkify\/imagecol.png); background-position:0px -1105px'>Twitter<\/a><\/div><div class='bookmarkifySiteLink'><a onclick='target=\"_blank\";' href='http:\/\/webride.org\/discuss\/split.php?uri=https:\/\/igualdad.umh.es\/en\/2020\/03\/02\/umh8m-exposicion-fotografica-las-20-de-la-psicologia-espanola-psicologas-cientificas-mujeres\/&amp;title=#UMH8M Exposici\u00f3n fotogr\u00e1fica \u201cLas 20 de la psicolog\u00eda espa\u00f1ola: psic\u00f3logas, cient\u00edficas, mujeres\u201d' title='Discuss on Webride' rel='nofollow' style='background-image: url(https:\/\/igualdad.umh.es\/wp-content\/plugins\/bookmarkify\/imagecol.png); background-position:0px -935px'>Webride<\/a><\/div><div class='bookmarkifySiteLink'><a onclick='target=\"_blank\";' href='https:\/\/favorites.live.com\/quickadd.aspx?mkt=en-us&amp;url=https:\/\/igualdad.umh.es\/en\/2020\/03\/02\/umh8m-exposicion-fotografica-las-20-de-la-psicologia-espanola-psicologas-cientificas-mujeres\/&amp;title=#UMH8M Exposici\u00f3n fotogr\u00e1fica \u201cLas 20 de la psicolog\u00eda espa\u00f1ola: psic\u00f3logas, cient\u00edficas, mujeres\u201d' title='Save to Windows Live' rel='nofollow' style='background-image: url(https:\/\/igualdad.umh.es\/wp-content\/plugins\/bookmarkify\/imagecol.png); background-position:0px -952px'>Windows Live<\/a><\/div><div class='bookmarkifySiteLink'><a onclick='target=\"_blank\";' href='http:\/\/bookmarks.yahoo.com\/toolbar\/savebm?opener=tb&amp;u=https:\/\/igualdad.umh.es\/en\/2020\/03\/02\/umh8m-exposicion-fotografica-las-20-de-la-psicologia-espanola-psicologas-cientificas-mujeres\/&amp;t=#UMH8M Exposici\u00f3n fotogr\u00e1fica \u201cLas 20 de la psicolog\u00eda espa\u00f1ola: psic\u00f3logas, cient\u00edficas, mujeres\u201d' title='Save to Yahoo! Bookmarks' rel='nofollow' style='background-image: url(https:\/\/igualdad.umh.es\/wp-content\/plugins\/bookmarkify\/imagecol.png); background-position:0px -969px'>Yahoo!<\/a><\/div><\/td><\/tr><\/table><\/div><div class='bookmarkifyEmail'><a rel='nofollow' href='http:\/\/www.feedburner.com\/fb\/a\/emailFlare?loc=en_US&amp;itemTitle=#UMH8M Exposici\u00f3n fotogr\u00e1fica \u201cLas 20 de la psicolog\u00eda espa\u00f1ola: psic\u00f3logas, cient\u00edficas, mujeres\u201d&amp;uri=https:\/\/igualdad.umh.es\/en\/2020\/03\/02\/umh8m-exposicion-fotografica-las-20-de-la-psicologia-espanola-psicologas-cientificas-mujeres\/' style='background-image: url(https:\/\/igualdad.umh.es\/wp-content\/plugins\/bookmarkify\/imagecol.png); background-position:0px -1003px;'>Email This to a Friend<\/a><\/div><div class='bookmarkifyCopyHTML'>&nbsp;&nbsp;Link HTML:&nbsp;<input readonly='readonly' onclick='this.select();' type='text' value='&lt;a href=\"https:\/\/igualdad.umh.es\/en\/2020\/03\/02\/umh8m-exposicion-fotografica-las-20-de-la-psicologia-espanola-psicologas-cientificas-mujeres\/\"&gt;#UMH8M Exposici\u00f3n fotogr\u00e1fica \u201cLas 20 de la psicolog\u00eda espa\u00f1ola: psic\u00f3logas, cient\u00edficas, mujeres\u201d&lt;\/a&gt;' size='84' title='Copy this HTML to create a link to this page' \/><\/div><div class='bookmarkifyCopyHTML'>&nbsp;Permalink:&nbsp;<input readonly='readonly' onclick='this.select();' type='text' value='https:\/\/igualdad.umh.es\/en\/2020\/03\/02\/umh8m-exposicion-fotografica-las-20-de-la-psicologia-espanola-psicologas-cientificas-mujeres\/' size='84' title='Copy this Permalink' \/><\/div><div class='bookmarkifySubscribe'><span class='bookmarkifySubscribeIcon' style='background-image: url(https:\/\/igualdad.umh.es\/wp-content\/plugins\/bookmarkify\/imagecol.png); background-position:0px -1020px;'>&nbsp;<\/span>If you like this then please subscribe to the <a href='https:\/\/igualdad.umh.es\/en\/feed\/' onclick='target=\"_blank\";' rel='nofollow'>RSS Feed<\/a>.<\/div><div class='bookmarkifyPoweredBy'><a href='http:\/\/www.bookmarkify.com\/'>Powered by Bookmarkify&trade;<\/a><\/div><\/div><div class='linkbuttons'><a href='http:\/\/www.facebook.com\/share.php?u=https:\/\/igualdad.umh.es\/en\/2020\/03\/02\/umh8m-exposicion-fotografica-las-20-de-la-psicologia-espanola-psicologas-cientificas-mujeres\/' title='Save to Facebook' onclick='target=\"_blank\";' rel='nofollow'><img src='https:\/\/igualdad.umh.es\/wp-content\/plugins\/bookmarkify\/facebook.png' style='width:16px; height:16px;' alt='[Facebook] ' \/><\/a> <a href='http:\/\/twitter.com\/home\/?status=#UMH8M Exposici\u00f3n fotogr\u00e1fica \u201cLas 20 de la psicolog\u00eda espa\u00f1ola: psic\u00f3logas, cient\u00edficas, mujeres\u201d+https:\/\/igualdad.umh.es\/en\/2020\/03\/02\/umh8m-exposicion-fotografica-las-20-de-la-psicologia-espanola-psicologas-cientificas-mujeres\/' title='Save to Twitter' onclick='target=\"_blank\";' rel='nofollow'><img src='https:\/\/igualdad.umh.es\/wp-content\/plugins\/bookmarkify\/twitter.png' style='width:16px; height:16px;' alt='[Twitter] ' \/><\/a>  <a title='See more bookmark and sharing options...' href='https:\/\/igualdad.umh.es\/en\/2020\/03\/02\/umh8m-exposicion-fotografica-las-20-de-la-psicologia-espanola-psicologas-cientificas-mujeres\/#bookmarkify' onclick='document.getElementById(\"bookmarkifyMore1\").style.display=\"block\"; return false;' rel='nofollow'><small>More&nbsp;&raquo;<\/small><\/a><\/div><\/div>","protected":false},"excerpt":{"rendered":"<p>La Facultad de Ciencias Sociosanitarias de la Universidad Miguel Hern\u00e1ndez (UMH) de Elche ha organizado la exposici\u00f3n fotogr\u00e1fica \u201cLas 20 de la psicolog\u00eda espa\u00f1ola: psic\u00f3logas, cient\u00edficas, mujeres\u201d, como parte de las actividades conmemorativas del D\u00eda Internacional de la Mujer. El rector de la UMH, Juan Jos\u00e9 Ruiz, y el decano de la Facultad, Jos\u00e9 Pedro [&#8230;]<\/p>\n","protected":false},"author":389,"featured_media":0,"comment_status":"closed","ping_status":"open","sticky":false,"template":"","format":"standard","meta":{"ngg_post_thumbnail":0,"_links_to":"","_links_to_target":""},"categories":[4047,565,65,630,4,631,164,507,1222,568,633,255,23,873,636,283,75,697],"tags":[259,3074,6843],"_links":{"self":[{"href":"https:\/\/igualdad.umh.es\/en\/wp-json\/wp\/v2\/posts\/1559"}],"collection":[{"href":"https:\/\/igualdad.umh.es\/en\/wp-json\/wp\/v2\/posts"}],"about":[{"href":"https:\/\/igualdad.umh.es\/en\/wp-json\/wp\/v2\/types\/post"}],"author":[{"embeddable":true,"href":"https:\/\/igualdad.umh.es\/en\/wp-json\/wp\/v2\/users\/389"}],"replies":[{"embeddable":true,"href":"https:\/\/igualdad.umh.es\/en\/wp-json\/wp\/v2\/comments?post=1559"}],"version-history":[{"count":0,"href":"https:\/\/igualdad.umh.es\/en\/wp-json\/wp\/v2\/posts\/1559\/revisions"}],"wp:attachment":[{"href":"https:\/\/igualdad.umh.es\/en\/wp-json\/wp\/v2\/media?parent=1559"}],"wp:term":[{"taxonomy":"category","embeddable":true,"href":"https:\/\/igualdad.umh.es\/en\/wp-json\/wp\/v2\/categories?post=1559"},{"taxonomy":"post_tag","embeddable":true,"href":"https:\/\/igualdad.umh.es\/en\/wp-json\/wp\/v2\/tags?post=1559"}],"curies":[{"name":"wp","href":"https:\/\/api.w.org\/{rel}","templated":true}]}}