{"id":1691,"date":"2020-11-24T13:04:42","date_gmt":"2020-11-24T12:04:42","guid":{"rendered":"https:\/\/igualdad.umh.es\/?p=1691"},"modified":"2021-03-04T08:50:12","modified_gmt":"2021-03-04T07:50:12","slug":"umh25n-conmemoracion-dia-internacional-de-la-erradicacion-de-la-violencia-contra-las-mujeres","status":"publish","type":"post","link":"https:\/\/igualdad.umh.es\/en\/2020\/11\/24\/umh25n-conmemoracion-dia-internacional-de-la-erradicacion-de-la-violencia-contra-las-mujeres\/","title":{"rendered":"UMH25N Conmemoraci\u00f3n D\u00eda Internacional de la erradicaci\u00f3n de la violencia contra las mujeres"},"content":{"rendered":"<p>&nbsp;<\/p>\n<p style=\"text-align: justify\"><img loading=\"lazy\" class=\" wp-image-1688 alignleft\" src=\"https:\/\/igualdad.umh.es\/files\/2020\/11\/UMH25N2020web.jpg\" alt=\"\" width=\"489\" height=\"698\" srcset=\"https:\/\/igualdad.umh.es\/files\/2020\/11\/UMH25N2020web.jpg 621w, https:\/\/igualdad.umh.es\/files\/2020\/11\/UMH25N2020web-210x300.jpg 210w\" sizes=\"(max-width: 489px) 100vw, 489px\" \/><\/p>\n<p style=\"text-align: justify\">Estimada Comunidad Universitaria<\/p>\n<p style=\"text-align: justify\">Ma\u00f1ana mi\u00e9rcoles 25 de noviembre, el Rector de la UMH, Juan Jos\u00e9 Ru\u00edz Mart\u00ednez, y Mar\u00eda Jos\u00e9 Alarc\u00f3n Garc\u00eda, Directora de la Unidad de Igualdad, leer\u00e1n <a href=\"https:\/\/igualdad.umh.es\/files\/2020\/11\/RUIGEU_Manifiesto25N_2020.pdf\" target=\"_blank\" rel=\"noopener noreferrer\">el manifiesto<\/a> que ha elaborado la Red de Unidades de Igualdad de G\u00e9nero (RUIGEU) para su difusi\u00f3n en todas las universidades del estado espa\u00f1ol con motivo del D\u00eda Internacional de la Eliminaci\u00f3n de la Violencia contra las Mujeres.<\/p>\n<p style=\"text-align: justify\">Debido a las medidas vigentes de prevenci\u00f3n ante la COVID-19 relativas a las restricciones de aforo y de distanciamiento social, el acto se realizar\u00e1 en streaming a las 11 horas, y se podr\u00e1 seguir a trav\u00e9s del siguiente <a href=\"https:\/\/www.youtube.com\/watch?v=xO19u9xcezY&amp;feature=youtu.be\" target=\"_blank\" rel=\"noopener noreferrer\">ENLACE<\/a>.<\/p>\n<p style=\"text-align: justify\">Como en ediciones anteriores, se presentar\u00e1 el cartel conmemorativo de la campa\u00f1a \u201cLa UMH Contra la Violencia Machista\u201d y se guardar\u00e1 un minuto de silencio por las v\u00edctimas de esta lacra social. Asimismo, desde la noche de hoy hasta el pr\u00f3ximo jueves el edificio de Rectorado y Consejo Social se iluminar\u00e1 de Violeta como s\u00edmbolo de la repulsa de nuestra instituci\u00f3n a todo tipo de violencia contra las mujeres y nuestra adhesi\u00f3n a la lucha por su erradicaci\u00f3n.<\/p>\n<p><iframe  style=\"display: block; margin: 0px auto;\"  id=\"_ytid_68768\"  width=\"480\" height=\"270\"  data-origwidth=\"480\" data-origheight=\"270\" src=\"https:\/\/www.youtube.com\/embed\/xO19u9xcezY?enablejsapi=1&autoplay=0&cc_load_policy=0&cc_lang_pref=&iv_load_policy=1&loop=0&modestbranding=0&rel=1&fs=1&playsinline=0&autohide=2&theme=dark&color=red&controls=1&\" class=\"__youtube_prefs__  no-lazyload\" title=\"YouTube player\"  allow=\"accelerometer; autoplay; clipboard-write; encrypted-media; gyroscope; picture-in-picture\" allowfullscreen data-no-lazy=\"1\" data-skipgform_ajax_framebjll=\"\"><\/iframe><\/p>\n<div class='bookmarkify'><a name='bookmarkify'><\/a><link rel='stylesheet' type='text\/css' href='https:\/\/igualdad.umh.es\/wp-content\/plugins\/bookmarkify\/more.css' \/><div class='bookmarkifyMoreWindow' id='bookmarkifyMore1' style='display:none;position:absolute;'><div class='bookmarkifyMoreWindowHeader'><a rel='nofollow' href='https:\/\/igualdad.umh.es\/en\/2020\/11\/24\/umh25n-conmemoracion-dia-internacional-de-la-erradicacion-de-la-violencia-contra-las-mujeres\/#bookmarkify' onclick='document.getElementById(\"bookmarkifyMore1\").style.display=\"none\"; return false;'>Close<span class='bookmarkifyCloseIcon' style='background-image: url(https:\/\/igualdad.umh.es\/wp-content\/plugins\/bookmarkify\/imagecol.png); background-position:0px -1037px;'>&nbsp;<\/span><\/a>Bookmark and Share This Page <\/div><div class='bookmarkifySaveToBrowser'><a rel='nofollow' href='https:\/\/igualdad.umh.es\/en\/2020\/11\/24\/umh25n-conmemoracion-dia-internacional-de-la-erradicacion-de-la-violencia-contra-las-mujeres\/#bookmarkify' onclick='javascript:if(document.all){window.external.AddFavorite(\"https:\/\/igualdad.umh.es\/en\/2020\/11\/24\/umh25n-conmemoracion-dia-internacional-de-la-erradicacion-de-la-violencia-contra-las-mujeres\/\", \"UMH25N Conmemoraci\u00f3n D\u00eda Internacional de la erradicaci\u00f3n de la violencia contra las mujeres\");} else if(window.sidebar){window.sidebar.addPanel(\"UMH25N Conmemoraci\u00f3n D\u00eda Internacional de la erradicaci\u00f3n de la violencia contra las mujeres\", \"https:\/\/igualdad.umh.es\/en\/2020\/11\/24\/umh25n-conmemoracion-dia-internacional-de-la-erradicacion-de-la-violencia-contra-las-mujeres\/\", \"\");}return false;' style='background-image: url(https:\/\/igualdad.umh.es\/wp-content\/plugins\/bookmarkify\/imagecol.png); background-position:0px -986px;'>Save to Browser Favorites \/ Bookmarks<\/a><\/div><div class='bookmarkifySiteLinks'><table cellspacing='3'><tr><td><div class='bookmarkifySiteLink'><a onclick='target=\"_blank\";' href='http:\/\/myjeeves.ask.com\/mysearch\/BookmarkIt?v=1.2&amp;t=webpages&amp;url=https:\/\/igualdad.umh.es\/en\/2020\/11\/24\/umh25n-conmemoracion-dia-internacional-de-la-erradicacion-de-la-violencia-contra-las-mujeres\/&amp;title=UMH25N Conmemoraci\u00f3n D\u00eda Internacional de la erradicaci\u00f3n de la violencia contra las mujeres' title='Save to Ask' rel='nofollow' style='background-image: url(https:\/\/igualdad.umh.es\/wp-content\/plugins\/bookmarkify\/imagecol.png); background-position:0px -0px'>Ask<\/a><\/div><div class='bookmarkifySiteLink'><a onclick='target=\"_blank\";' href='http:\/\/www.backflip.com\/add_page_pop.ihtml?url=https:\/\/igualdad.umh.es\/en\/2020\/11\/24\/umh25n-conmemoracion-dia-internacional-de-la-erradicacion-de-la-violencia-contra-las-mujeres\/&amp;title=UMH25N Conmemoraci\u00f3n D\u00eda Internacional de la erradicaci\u00f3n de la violencia contra las mujeres' title='Save to backflip' rel='nofollow' style='background-image: url(https:\/\/igualdad.umh.es\/wp-content\/plugins\/bookmarkify\/imagecol.png); background-position:0px -17px'>backflip<\/a><\/div><div class='bookmarkifySiteLink'><a onclick='target=\"_blank\";' href='http:\/\/blinklist.com\/index.php?Action=Blink\/addblink.php&amp;Url=https:\/\/igualdad.umh.es\/en\/2020\/11\/24\/umh25n-conmemoracion-dia-internacional-de-la-erradicacion-de-la-violencia-contra-las-mujeres\/&amp;Title=UMH25N Conmemoraci\u00f3n D\u00eda Internacional de la erradicaci\u00f3n de la violencia contra las mujeres' title='Save to blinklist' rel='nofollow' style='background-image: url(https:\/\/igualdad.umh.es\/wp-content\/plugins\/bookmarkify\/imagecol.png); background-position:0px -34px'>blinklist<\/a><\/div><div class='bookmarkifySiteLink'><a onclick='target=\"_blank\";' href='http:\/\/www.blogbookmark.com\/submit.php?url=https:\/\/igualdad.umh.es\/en\/2020\/11\/24\/umh25n-conmemoracion-dia-internacional-de-la-erradicacion-de-la-violencia-contra-las-mujeres\/' title='Save to BlogBookmark' rel='nofollow' style='background-image: url(https:\/\/igualdad.umh.es\/wp-content\/plugins\/bookmarkify\/imagecol.png); background-position:0px -51px'>BlogBookmark<\/a><\/div><div class='bookmarkifySiteLink'><a onclick='target=\"_blank\";' href='http:\/\/www.bloglines.com\/sub\/https:\/\/igualdad.umh.es\/en\/2020\/11\/24\/umh25n-conmemoracion-dia-internacional-de-la-erradicacion-de-la-violencia-contra-las-mujeres\/' title='Save to Bloglines' rel='nofollow' style='background-image: url(https:\/\/igualdad.umh.es\/wp-content\/plugins\/bookmarkify\/imagecol.png); background-position:0px -68px'>Bloglines<\/a><\/div><div class='bookmarkifySiteLink'><a onclick='target=\"_blank\";' href='http:\/\/blogmarks.net\/my\/new.php?mini=1&amp;simple=1&amp;url=https:\/\/igualdad.umh.es\/en\/2020\/11\/24\/umh25n-conmemoracion-dia-internacional-de-la-erradicacion-de-la-violencia-contra-las-mujeres\/&amp;title=UMH25N Conmemoraci\u00f3n D\u00eda Internacional de la erradicaci\u00f3n de la violencia contra las mujeres' title='Save to BlogMarks' rel='nofollow' style='background-image: url(https:\/\/igualdad.umh.es\/wp-content\/plugins\/bookmarkify\/imagecol.png); background-position:0px -85px'>BlogMarks<\/a><\/div><div class='bookmarkifySiteLink'><a onclick='target=\"_blank\";' href='http:\/\/www.blogsvine.com\/submit.php?url=https:\/\/igualdad.umh.es\/en\/2020\/11\/24\/umh25n-conmemoracion-dia-internacional-de-la-erradicacion-de-la-violencia-contra-las-mujeres\/' title='Save to Blogsvine' rel='nofollow' style='background-image: url(https:\/\/igualdad.umh.es\/wp-content\/plugins\/bookmarkify\/imagecol.png); background-position:0px -102px'>Blogsvine<\/a><\/div><div class='bookmarkifySiteLink'><a onclick='target=\"_blank\";' href='http:\/\/www.buddymarks.com\/add_bookmark.php?bookmark_title=UMH25N Conmemoraci\u00f3n D\u00eda Internacional de la erradicaci\u00f3n de la violencia contra las mujeres&amp;bookmark_url=https:\/\/igualdad.umh.es\/en\/2020\/11\/24\/umh25n-conmemoracion-dia-internacional-de-la-erradicacion-de-la-violencia-contra-las-mujeres\/' title='BuddyMark It' rel='nofollow' style='background-image: url(https:\/\/igualdad.umh.es\/wp-content\/plugins\/bookmarkify\/imagecol.png); background-position:0px -119px'>BuddyMarks<\/a><\/div><div class='bookmarkifySiteLink'><a onclick='target=\"_blank\";' href='http:\/\/www.bumpzee.com\/bump.php?u=https:\/\/igualdad.umh.es\/en\/2020\/11\/24\/umh25n-conmemoracion-dia-internacional-de-la-erradicacion-de-la-violencia-contra-las-mujeres\/' title='Save to BUMPzee!' rel='nofollow' style='background-image: url(https:\/\/igualdad.umh.es\/wp-content\/plugins\/bookmarkify\/imagecol.png); background-position:0px -136px'>BUMPzee!<\/a><\/div><div class='bookmarkifySiteLink'><a onclick='target=\"_blank\";' href='http:\/\/www.citeulike.org\/posturl?url=https:\/\/igualdad.umh.es\/en\/2020\/11\/24\/umh25n-conmemoracion-dia-internacional-de-la-erradicacion-de-la-violencia-contra-las-mujeres\/&amp;title=UMH25N Conmemoraci\u00f3n D\u00eda Internacional de la erradicaci\u00f3n de la violencia contra las mujeres' title='Save to CiteULike' rel='nofollow' style='background-image: url(https:\/\/igualdad.umh.es\/wp-content\/plugins\/bookmarkify\/imagecol.png); background-position:0px -153px'>CiteULike<\/a><\/div><div class='bookmarkifySiteLink'><a onclick='target=\"_blank\";' href='http:\/\/www.connotea.org\/addpopup?continue=confirm&amp;uri=https:\/\/igualdad.umh.es\/en\/2020\/11\/24\/umh25n-conmemoracion-dia-internacional-de-la-erradicacion-de-la-violencia-contra-las-mujeres\/&amp;title=UMH25N Conmemoraci\u00f3n D\u00eda Internacional de la erradicaci\u00f3n de la violencia contra las mujeres' title='Save to Connotea' rel='nofollow' style='background-image: url(https:\/\/igualdad.umh.es\/wp-content\/plugins\/bookmarkify\/imagecol.png); background-position:0px -187px'>Connotea<\/a><\/div><div class='bookmarkifySiteLink'><a onclick='target=\"_blank\";' href='http:\/\/del.icio.us\/post?url=https:\/\/igualdad.umh.es\/en\/2020\/11\/24\/umh25n-conmemoracion-dia-internacional-de-la-erradicacion-de-la-violencia-contra-las-mujeres\/&amp;title=UMH25N Conmemoraci\u00f3n D\u00eda Internacional de la erradicaci\u00f3n de la violencia contra las mujeres' title='Save to del.icio.us' rel='nofollow' style='background-image: url(https:\/\/igualdad.umh.es\/wp-content\/plugins\/bookmarkify\/imagecol.png); background-position:0px -204px'>del.icio.us<\/a><\/div><\/td><td><div class='bookmarkifySiteLink'><a onclick='target=\"_blank\";' href='http:\/\/digg.com\/submit?phase=2&amp;url=https:\/\/igualdad.umh.es\/en\/2020\/11\/24\/umh25n-conmemoracion-dia-internacional-de-la-erradicacion-de-la-violencia-contra-las-mujeres\/&amp;title=UMH25N Conmemoraci\u00f3n D\u00eda Internacional de la erradicaci\u00f3n de la violencia contra las mujeres' title='Digg It!' rel='nofollow' style='background-image: url(https:\/\/igualdad.umh.es\/wp-content\/plugins\/bookmarkify\/imagecol.png); background-position:0px -221px'>Digg<\/a><\/div><div class='bookmarkifySiteLink'><a onclick='target=\"_blank\";' href='http:\/\/www.diigo.com\/post?url=https:\/\/igualdad.umh.es\/en\/2020\/11\/24\/umh25n-conmemoracion-dia-internacional-de-la-erradicacion-de-la-violencia-contra-las-mujeres\/&amp;title=UMH25N Conmemoraci\u00f3n D\u00eda Internacional de la erradicaci\u00f3n de la violencia contra las mujeres' title='Save to diigo' rel='nofollow' style='background-image: url(https:\/\/igualdad.umh.es\/wp-content\/plugins\/bookmarkify\/imagecol.png); background-position:0px -238px'>diigo<\/a><\/div><div class='bookmarkifySiteLink'><a onclick='target=\"_blank\";' href='http:\/\/www.dotnetkicks.com\/kick\/?url=https:\/\/igualdad.umh.es\/en\/2020\/11\/24\/umh25n-conmemoracion-dia-internacional-de-la-erradicacion-de-la-violencia-contra-las-mujeres\/&amp;title=UMH25N Conmemoraci\u00f3n D\u00eda Internacional de la erradicaci\u00f3n de la violencia contra las mujeres' title='Save to DotNetKicks' rel='nofollow' style='background-image: url(https:\/\/igualdad.umh.es\/wp-content\/plugins\/bookmarkify\/imagecol.png); background-position:0px -255px'>DotNetKicks<\/a><\/div><div class='bookmarkifySiteLink'><a onclick='target=\"_blank\";' href='http:\/\/www.dropjack.com\/submit.php?url=https:\/\/igualdad.umh.es\/en\/2020\/11\/24\/umh25n-conmemoracion-dia-internacional-de-la-erradicacion-de-la-violencia-contra-las-mujeres\/' title='Save to DropJack' rel='nofollow' style='background-image: url(https:\/\/igualdad.umh.es\/wp-content\/plugins\/bookmarkify\/imagecol.png); background-position:0px -272px'>DropJack<\/a><\/div><div class='bookmarkifySiteLink'><a onclick='target=\"_blank\";' href='http:\/\/www.dzone.com\/links\/add.html?description=UMH25N Conmemoraci\u00f3n D\u00eda Internacional de la erradicaci\u00f3n de la violencia contra las mujeres&amp;url=https:\/\/igualdad.umh.es\/en\/2020\/11\/24\/umh25n-conmemoracion-dia-internacional-de-la-erradicacion-de-la-violencia-contra-las-mujeres\/&amp;title=UMH25N Conmemoraci\u00f3n D\u00eda Internacional de la erradicaci\u00f3n de la violencia contra las mujeres' title='Save to dzone' rel='nofollow' style='background-image: url(https:\/\/igualdad.umh.es\/wp-content\/plugins\/bookmarkify\/imagecol.png); background-position:0px -289px'>dzone<\/a><\/div><div class='bookmarkifySiteLink'><a onclick='target=\"_blank\";' href='http:\/\/www.facebook.com\/share.php?u=https:\/\/igualdad.umh.es\/en\/2020\/11\/24\/umh25n-conmemoracion-dia-internacional-de-la-erradicacion-de-la-violencia-contra-las-mujeres\/' title='Save to Facebook' rel='nofollow' style='background-image: url(https:\/\/igualdad.umh.es\/wp-content\/plugins\/bookmarkify\/imagecol.png); background-position:0px -306px'>Facebook<\/a><\/div><div class='bookmarkifySiteLink'><a onclick='target=\"_blank\";' href='http:\/\/cgi.fark.com\/cgi\/fark\/farkit.pl?u=https:\/\/igualdad.umh.es\/en\/2020\/11\/24\/umh25n-conmemoracion-dia-internacional-de-la-erradicacion-de-la-violencia-contra-las-mujeres\/&amp;h=UMH25N Conmemoraci\u00f3n D\u00eda Internacional de la erradicaci\u00f3n de la violencia contra las mujeres' title='FarkIt!' rel='nofollow' style='background-image: url(https:\/\/igualdad.umh.es\/wp-content\/plugins\/bookmarkify\/imagecol.png); background-position:0px -323px'>Fark<\/a><\/div><div class='bookmarkifySiteLink'><a onclick='target=\"_blank\";' href='http:\/\/faves.com\/Authoring.aspx?u=https:\/\/igualdad.umh.es\/en\/2020\/11\/24\/umh25n-conmemoracion-dia-internacional-de-la-erradicacion-de-la-violencia-contra-las-mujeres\/&amp;t=UMH25N Conmemoraci\u00f3n D\u00eda Internacional de la erradicaci\u00f3n de la violencia contra las mujeres' title='Save to Faves' rel='nofollow' style='background-image: url(https:\/\/igualdad.umh.es\/wp-content\/plugins\/bookmarkify\/imagecol.png); background-position:0px -340px'>Faves<\/a><\/div><div class='bookmarkifySiteLink'><a onclick='target=\"_blank\";' href='http:\/\/friendsite.com\/users\/bookmark\/?u=https:\/\/igualdad.umh.es\/en\/2020\/11\/24\/umh25n-conmemoracion-dia-internacional-de-la-erradicacion-de-la-violencia-contra-las-mujeres\/&amp;t=UMH25N Conmemoraci\u00f3n D\u00eda Internacional de la erradicaci\u00f3n de la violencia contra las mujeres' title='Save to Friendsite' rel='nofollow' style='background-image: url(https:\/\/igualdad.umh.es\/wp-content\/plugins\/bookmarkify\/imagecol.png); background-position:0px -391px'>Friendsite<\/a><\/div><div class='bookmarkifySiteLink'><a onclick='target=\"_blank\";' href='http:\/\/www.folkd.com\/submit\/https:\/\/igualdad.umh.es\/en\/2020\/11\/24\/umh25n-conmemoracion-dia-internacional-de-la-erradicacion-de-la-violencia-contra-las-mujeres\/' title='Save to folkd.com' rel='nofollow' style='background-image: url(https:\/\/igualdad.umh.es\/wp-content\/plugins\/bookmarkify\/imagecol.png); background-position:0px -374px'>folkd.com<\/a><\/div><div class='bookmarkifySiteLink'><a onclick='target=\"_blank\";' href='http:\/\/www.furl.net\/storeIt.jsp?u=https:\/\/igualdad.umh.es\/en\/2020\/11\/24\/umh25n-conmemoracion-dia-internacional-de-la-erradicacion-de-la-violencia-contra-las-mujeres\/&amp;t=UMH25N Conmemoraci\u00f3n D\u00eda Internacional de la erradicaci\u00f3n de la violencia contra las mujeres' title='Save to Furl' rel='nofollow' style='background-image: url(https:\/\/igualdad.umh.es\/wp-content\/plugins\/bookmarkify\/imagecol.png); background-position:0px -408px'>Furl<\/a><\/div><div class='bookmarkifySiteLink'><a onclick='target=\"_blank\";' href='http:\/\/www.google.com\/bookmarks\/mark?op=edit&amp;output=popup&amp;bkmk=https:\/\/igualdad.umh.es\/en\/2020\/11\/24\/umh25n-conmemoracion-dia-internacional-de-la-erradicacion-de-la-violencia-contra-las-mujeres\/&amp;title=UMH25N Conmemoraci\u00f3n D\u00eda Internacional de la erradicaci\u00f3n de la violencia contra las mujeres' title='Save to Google Bookmarks' rel='nofollow' style='background-image: url(https:\/\/igualdad.umh.es\/wp-content\/plugins\/bookmarkify\/imagecol.png); background-position:0px -425px'>Google<\/a><\/div><\/td><td><div class='bookmarkifySiteLink'><a onclick='target=\"_blank\";' href='http:\/\/www.jamespot.com\/?action=spotit&url=https:\/\/igualdad.umh.es\/en\/2020\/11\/24\/umh25n-conmemoracion-dia-internacional-de-la-erradicacion-de-la-violencia-contra-las-mujeres\/' title='Spot It!' rel='nofollow' style='background-image: url(https:\/\/igualdad.umh.es\/wp-content\/plugins\/bookmarkify\/imagecol.png); background-position:0px -1122px'>Jamespot<\/a><\/div><div class='bookmarkifySiteLink'><a onclick='target=\"_blank\";' href='http:\/\/www.jeqq.com\/submit.php?url==https:\/\/igualdad.umh.es\/en\/2020\/11\/24\/umh25n-conmemoracion-dia-internacional-de-la-erradicacion-de-la-violencia-contra-las-mujeres\/&amp;title=UMH25N Conmemoraci\u00f3n D\u00eda Internacional de la erradicaci\u00f3n de la violencia contra las mujeres' title='Save to Jeqq' rel='nofollow' style='background-image: url(https:\/\/igualdad.umh.es\/wp-content\/plugins\/bookmarkify\/imagecol.png); background-position:0px -459px'>Jeqq<\/a><\/div><div class='bookmarkifySiteLink'><a onclick='target=\"_blank\";' href='http:\/\/www.kaboodle.com\/za\/selectpage?p_pop=false&amp;pa=url&amp;u=https:\/\/igualdad.umh.es\/en\/2020\/11\/24\/umh25n-conmemoracion-dia-internacional-de-la-erradicacion-de-la-violencia-contra-las-mujeres\/' title='Save to Kaboodle' rel='nofollow' style='background-image: url(https:\/\/igualdad.umh.es\/wp-content\/plugins\/bookmarkify\/imagecol.png); background-position:0px -476px'>Kaboodle<\/a><\/div><div class='bookmarkifySiteLink'><a onclick='target=\"_blank\";' href='http:\/\/www.kirtsy.com\/submit.php?url=https:\/\/igualdad.umh.es\/en\/2020\/11\/24\/umh25n-conmemoracion-dia-internacional-de-la-erradicacion-de-la-violencia-contra-las-mujeres\/' title='Save to kirtsy' rel='nofollow' style='background-image: url(https:\/\/igualdad.umh.es\/wp-content\/plugins\/bookmarkify\/imagecol.png); background-position:0px -493px'>kirtsy<\/a><\/div><div class='bookmarkifySiteLink'><a onclick='target=\"_blank\";' href='http:\/\/www.linkagogo.com\/go\/AddNoPopup?url=https:\/\/igualdad.umh.es\/en\/2020\/11\/24\/umh25n-conmemoracion-dia-internacional-de-la-erradicacion-de-la-violencia-contra-las-mujeres\/&amp;title=UMH25N Conmemoraci\u00f3n D\u00eda Internacional de la erradicaci\u00f3n de la violencia contra las mujeres' title='Save to linkaGoGo' rel='nofollow' style='background-image: url(https:\/\/igualdad.umh.es\/wp-content\/plugins\/bookmarkify\/imagecol.png); background-position:0px -510px'>linkaGoGo<\/a><\/div><div class='bookmarkifySiteLink'><a onclick='target=\"_blank\";' href='http:\/\/www.linkedin.com\/shareArticle?mini=true&url=https:\/\/igualdad.umh.es\/en\/2020\/11\/24\/umh25n-conmemoracion-dia-internacional-de-la-erradicacion-de-la-violencia-contra-las-mujeres\/&title=UMH25N Conmemoraci\u00f3n D\u00eda Internacional de la erradicaci\u00f3n de la violencia contra las mujeres' title='Share on LinkedIn' rel='nofollow' style='background-image: url(https:\/\/igualdad.umh.es\/wp-content\/plugins\/bookmarkify\/imagecol.png); background-position:0px -1155px'>LinkedIn<\/a><\/div><div class='bookmarkifySiteLink'><a onclick='target=\"_blank\";' href='http:\/\/ma.gnolia.com\/bookmarklet\/add?url=https:\/\/igualdad.umh.es\/en\/2020\/11\/24\/umh25n-conmemoracion-dia-internacional-de-la-erradicacion-de-la-violencia-contra-las-mujeres\/&amp;title=UMH25N Conmemoraci\u00f3n D\u00eda Internacional de la erradicaci\u00f3n de la violencia contra las mujeres' title='Save to Ma.gnolia' rel='nofollow' style='background-image: url(https:\/\/igualdad.umh.es\/wp-content\/plugins\/bookmarkify\/imagecol.png); background-position:0px -544px'>Ma.gnolia<\/a><\/div><div class='bookmarkifySiteLink'><a onclick='target=\"_blank\";' href='http:\/\/www.mister-wong.com\/index.php?action=addurl&amp;bm_url=https:\/\/igualdad.umh.es\/en\/2020\/11\/24\/umh25n-conmemoracion-dia-internacional-de-la-erradicacion-de-la-violencia-contra-las-mujeres\/&amp;bm_description=UMH25N Conmemoraci\u00f3n D\u00eda Internacional de la erradicaci\u00f3n de la violencia contra las mujeres' title='Save to Mister Wong' rel='nofollow' style='background-image: url(https:\/\/igualdad.umh.es\/wp-content\/plugins\/bookmarkify\/imagecol.png); background-position:0px -561px'>Mister Wong<\/a><\/div><div class='bookmarkifySiteLink'><a onclick='target=\"_blank\";' href='http:\/\/www.mixx.com\/submit?page_url=https:\/\/igualdad.umh.es\/en\/2020\/11\/24\/umh25n-conmemoracion-dia-internacional-de-la-erradicacion-de-la-violencia-contra-las-mujeres\/' title='Save to Mixx' rel='nofollow' style='background-image: url(https:\/\/igualdad.umh.es\/wp-content\/plugins\/bookmarkify\/imagecol.png); background-position:0px -578px'>Mixx<\/a><\/div><div class='bookmarkifySiteLink'><a onclick='target=\"_blank\";' href='http:\/\/www.myspace.com\/Modules\/PostTo\/Pages\/?c=https:\/\/igualdad.umh.es\/en\/2020\/11\/24\/umh25n-conmemoracion-dia-internacional-de-la-erradicacion-de-la-violencia-contra-las-mujeres\/&amp;t=UMH25N Conmemoraci\u00f3n D\u00eda Internacional de la erradicaci\u00f3n de la violencia contra las mujeres' title='Save to MySpace' rel='nofollow' style='background-image: url(https:\/\/igualdad.umh.es\/wp-content\/plugins\/bookmarkify\/imagecol.png); background-position:0px -595px'>MySpace<\/a><\/div><div class='bookmarkifySiteLink'><a onclick='target=\"_blank\";' href='http:\/\/www.netvouz.com\/action\/submitBookmark?url=https:\/\/igualdad.umh.es\/en\/2020\/11\/24\/umh25n-conmemoracion-dia-internacional-de-la-erradicacion-de-la-violencia-contra-las-mujeres\/&amp;title=UMH25N Conmemoraci\u00f3n D\u00eda Internacional de la erradicaci\u00f3n de la violencia contra las mujeres&amp;popup=no' title='Save to Netvouz' rel='nofollow' style='background-image: url(https:\/\/igualdad.umh.es\/wp-content\/plugins\/bookmarkify\/imagecol.png); background-position:0px -629px'>Netvouz<\/a><\/div><div class='bookmarkifySiteLink'><a onclick='target=\"_blank\";' href='http:\/\/www.newsvine.com\/_tools\/seed?popoff=0&amp;u=https:\/\/igualdad.umh.es\/en\/2020\/11\/24\/umh25n-conmemoracion-dia-internacional-de-la-erradicacion-de-la-violencia-contra-las-mujeres\/' title='Seed Newsvine' rel='nofollow' style='background-image: url(https:\/\/igualdad.umh.es\/wp-content\/plugins\/bookmarkify\/imagecol.png); background-position:0px -646px'>Newsvine<\/a><\/div><\/td><td><div class='bookmarkifySiteLink'><a onclick='target=\"_blank\";' href='http:\/\/www.oneview.com\/quickadd\/neu\/addBookmark.jsf?URL=https:\/\/igualdad.umh.es\/en\/2020\/11\/24\/umh25n-conmemoracion-dia-internacional-de-la-erradicacion-de-la-violencia-contra-las-mujeres\/&amp;title=UMH25N Conmemoraci\u00f3n D\u00eda Internacional de la erradicaci\u00f3n de la violencia contra las mujeres' title='Save to oneview' rel='nofollow' style='background-image: url(https:\/\/igualdad.umh.es\/wp-content\/plugins\/bookmarkify\/imagecol.png); background-position:0px -1054px'>oneview<\/a><\/div><div class='bookmarkifySiteLink'><a onclick='target=\"_blank\";' href='http:\/\/www.onlywire.com\/submit?u=https:\/\/igualdad.umh.es\/en\/2020\/11\/24\/umh25n-conmemoracion-dia-internacional-de-la-erradicacion-de-la-violencia-contra-las-mujeres\/&amp;t=UMH25N Conmemoraci\u00f3n D\u00eda Internacional de la erradicaci\u00f3n de la violencia contra las mujeres' title='Save to OnlyWire' rel='nofollow' style='background-image: url(https:\/\/igualdad.umh.es\/wp-content\/plugins\/bookmarkify\/imagecol.png); background-position:0px -1071px'>OnlyWire<\/a><\/div><div class='bookmarkifySiteLink'><a onclick='target=\"_blank\";' href='http:\/\/www.plugim.com\/submit?url=https:\/\/igualdad.umh.es\/en\/2020\/11\/24\/umh25n-conmemoracion-dia-internacional-de-la-erradicacion-de-la-violencia-contra-las-mujeres\/&amp;title=UMH25N Conmemoraci\u00f3n D\u00eda Internacional de la erradicaci\u00f3n de la violencia contra las mujeres' title='Promote on PlugIM' rel='nofollow' style='background-image: url(https:\/\/igualdad.umh.es\/wp-content\/plugins\/bookmarkify\/imagecol.png); background-position:0px -663px'>PlugIM<\/a><\/div><div class='bookmarkifySiteLink'><a onclick='target=\"_blank\";' href='http:\/\/www.propeller.com\/submit\/?U=https:\/\/igualdad.umh.es\/en\/2020\/11\/24\/umh25n-conmemoracion-dia-internacional-de-la-erradicacion-de-la-violencia-contra-las-mujeres\/&amp;T=UMH25N Conmemoraci\u00f3n D\u00eda Internacional de la erradicaci\u00f3n de la violencia contra las mujeres' title='Submit to Propeller' rel='nofollow' style='background-image: url(https:\/\/igualdad.umh.es\/wp-content\/plugins\/bookmarkify\/imagecol.png); background-position:0px -697px'>Propeller<\/a><\/div><div class='bookmarkifySiteLink'><a onclick='target=\"_blank\";' href='http:\/\/reddit.com\/submit?url=https:\/\/igualdad.umh.es\/en\/2020\/11\/24\/umh25n-conmemoracion-dia-internacional-de-la-erradicacion-de-la-violencia-contra-las-mujeres\/&amp;title=UMH25N Conmemoraci\u00f3n D\u00eda Internacional de la erradicaci\u00f3n de la violencia contra las mujeres' title='Reddit' rel='nofollow' style='background-image: url(https:\/\/igualdad.umh.es\/wp-content\/plugins\/bookmarkify\/imagecol.png); background-position:0px -714px'>Reddit<\/a><\/div><div class='bookmarkifySiteLink'><a onclick='target=\"_blank\";' href='http:\/\/segnalo.com\/post.html.php?url=https:\/\/igualdad.umh.es\/en\/2020\/11\/24\/umh25n-conmemoracion-dia-internacional-de-la-erradicacion-de-la-violencia-contra-las-mujeres\/&amp;title=UMH25N Conmemoraci\u00f3n D\u00eda Internacional de la erradicaci\u00f3n de la violencia contra las mujeres' title='Save to Segnalo' rel='nofollow' style='background-image: url(https:\/\/igualdad.umh.es\/wp-content\/plugins\/bookmarkify\/imagecol.png); background-position:0px -748px'>Segnalo<\/a><\/div><div class='bookmarkifySiteLink'><a onclick='target=\"_blank\";' href='http:\/\/www.shoutwire.com\/?p=submit&amp;link=https:\/\/igualdad.umh.es\/en\/2020\/11\/24\/umh25n-conmemoracion-dia-internacional-de-la-erradicacion-de-la-violencia-contra-las-mujeres\/' title='Shout It!' rel='nofollow' style='background-image: url(https:\/\/igualdad.umh.es\/wp-content\/plugins\/bookmarkify\/imagecol.png); background-position:0px -765px'>Shoutwire<\/a><\/div><div class='bookmarkifySiteLink'><a onclick='target=\"_blank\";' href='http:\/\/www.simpy.com\/simpy\/LinkAdd.do?href=https:\/\/igualdad.umh.es\/en\/2020\/11\/24\/umh25n-conmemoracion-dia-internacional-de-la-erradicacion-de-la-violencia-contra-las-mujeres\/&amp;title=UMH25N Conmemoraci\u00f3n D\u00eda Internacional de la erradicaci\u00f3n de la violencia contra las mujeres' title='Save to Simpy' rel='nofollow' style='background-image: url(https:\/\/igualdad.umh.es\/wp-content\/plugins\/bookmarkify\/imagecol.png); background-position:0px -782px'>Simpy<\/a><\/div><div class='bookmarkifySiteLink'><a onclick='target=\"_blank\";' href='http:\/\/slashdot.org\/bookmark.pl?url=https:\/\/igualdad.umh.es\/en\/2020\/11\/24\/umh25n-conmemoracion-dia-internacional-de-la-erradicacion-de-la-violencia-contra-las-mujeres\/&amp;title=UMH25N Conmemoraci\u00f3n D\u00eda Internacional de la erradicaci\u00f3n de la violencia contra las mujeres' title='Slashdot It!' rel='nofollow' style='background-image: url(https:\/\/igualdad.umh.es\/wp-content\/plugins\/bookmarkify\/imagecol.png); background-position:0px -799px'>Slashdot<\/a><\/div><div class='bookmarkifySiteLink'><a onclick='target=\"_blank\";' href='http:\/\/www.surphace.com\/search?q=sphereit:https:\/\/igualdad.umh.es\/en\/2020\/11\/24\/umh25n-conmemoracion-dia-internacional-de-la-erradicacion-de-la-violencia-contra-las-mujeres\/&amp;title=UMH25N Conmemoraci\u00f3n D\u00eda Internacional de la erradicaci\u00f3n de la violencia contra las mujeres' title='Save to Surphace' rel='nofollow' style='background-image: url(https:\/\/igualdad.umh.es\/wp-content\/plugins\/bookmarkify\/imagecol.png); background-position:0px -816px'>Surphace<\/a><\/div><div class='bookmarkifySiteLink'><a onclick='target=\"_blank\";' href='http:\/\/sphinn.com\/submit.php?url=https:\/\/igualdad.umh.es\/en\/2020\/11\/24\/umh25n-conmemoracion-dia-internacional-de-la-erradicacion-de-la-violencia-contra-las-mujeres\/&amp;title=UMH25N Conmemoraci\u00f3n D\u00eda Internacional de la erradicaci\u00f3n de la violencia contra las mujeres' title='Sphinn' rel='nofollow' style='background-image: url(https:\/\/igualdad.umh.es\/wp-content\/plugins\/bookmarkify\/imagecol.png); background-position:0px -833px'>Sphinn<\/a><\/div><div class='bookmarkifySiteLink'><a onclick='target=\"_blank\";' href='http:\/\/www.spurl.net\/spurl.php?url=https:\/\/igualdad.umh.es\/en\/2020\/11\/24\/umh25n-conmemoracion-dia-internacional-de-la-erradicacion-de-la-violencia-contra-las-mujeres\/&amp;title=UMH25N Conmemoraci\u00f3n D\u00eda Internacional de la erradicaci\u00f3n de la violencia contra las mujeres' title='Save to Spurl' rel='nofollow' style='background-image: url(https:\/\/igualdad.umh.es\/wp-content\/plugins\/bookmarkify\/imagecol.png); background-position:0px -850px'>Spurl<\/a><\/div><\/td><td><div class='bookmarkifySiteLink'><a onclick='target=\"_blank\";' href='http:\/\/www.squidoo.com\/lensmaster\/bookmark?https:\/\/igualdad.umh.es\/en\/2020\/11\/24\/umh25n-conmemoracion-dia-internacional-de-la-erradicacion-de-la-violencia-contra-las-mujeres\/' title='Save to Squidoo' rel='nofollow' style='background-image: url(https:\/\/igualdad.umh.es\/wp-content\/plugins\/bookmarkify\/imagecol.png); background-position:0px -867px'>Squidoo<\/a><\/div><div class='bookmarkifySiteLink'><a onclick='target=\"_blank\";' href='http:\/\/www.stumbleupon.com\/submit?url=https:\/\/igualdad.umh.es\/en\/2020\/11\/24\/umh25n-conmemoracion-dia-internacional-de-la-erradicacion-de-la-violencia-contra-las-mujeres\/&amp;title=UMH25N Conmemoraci\u00f3n D\u00eda Internacional de la erradicaci\u00f3n de la violencia contra las mujeres' title='Stumble It!' rel='nofollow' style='background-image: url(https:\/\/igualdad.umh.es\/wp-content\/plugins\/bookmarkify\/imagecol.png); background-position:0px -884px'>StumbleUpon<\/a><\/div><div class='bookmarkifySiteLink'><a onclick='target=\"_blank\";' href='http:\/\/technorati.com\/faves?add=https:\/\/igualdad.umh.es\/en\/2020\/11\/24\/umh25n-conmemoracion-dia-internacional-de-la-erradicacion-de-la-violencia-contra-las-mujeres\/' title='Add to my Technorati Favorites' rel='nofollow' style='background-image: url(https:\/\/igualdad.umh.es\/wp-content\/plugins\/bookmarkify\/imagecol.png); background-position:0px -901px'>Technorati<\/a><\/div><div class='bookmarkifySiteLink'><a onclick='target=\"_blank\";' href='http:\/\/www.thisnext.com\/pick\/new\/submit\/sociable\/?url=https:\/\/igualdad.umh.es\/en\/2020\/11\/24\/umh25n-conmemoracion-dia-internacional-de-la-erradicacion-de-la-violencia-contra-las-mujeres\/&amp;name=UMH25N Conmemoraci\u00f3n D\u00eda Internacional de la erradicaci\u00f3n de la violencia contra las mujeres' title='Save to ThisNext' rel='nofollow' style='background-image: url(https:\/\/igualdad.umh.es\/wp-content\/plugins\/bookmarkify\/imagecol.png); background-position:0px -918px'>ThisNext<\/a><\/div><div class='bookmarkifySiteLink'><a onclick='target=\"_blank\";' href='http:\/\/twitter.com\/home\/?status=UMH25N Conmemoraci\u00f3n D\u00eda Internacional de la erradicaci\u00f3n de la violencia contra las mujeres+https:\/\/igualdad.umh.es\/en\/2020\/11\/24\/umh25n-conmemoracion-dia-internacional-de-la-erradicacion-de-la-violencia-contra-las-mujeres\/' title='Save to Twitter' rel='nofollow' style='background-image: url(https:\/\/igualdad.umh.es\/wp-content\/plugins\/bookmarkify\/imagecol.png); background-position:0px -1105px'>Twitter<\/a><\/div><div class='bookmarkifySiteLink'><a onclick='target=\"_blank\";' href='http:\/\/webride.org\/discuss\/split.php?uri=https:\/\/igualdad.umh.es\/en\/2020\/11\/24\/umh25n-conmemoracion-dia-internacional-de-la-erradicacion-de-la-violencia-contra-las-mujeres\/&amp;title=UMH25N Conmemoraci\u00f3n D\u00eda Internacional de la erradicaci\u00f3n de la violencia contra las mujeres' title='Discuss on Webride' rel='nofollow' style='background-image: url(https:\/\/igualdad.umh.es\/wp-content\/plugins\/bookmarkify\/imagecol.png); background-position:0px -935px'>Webride<\/a><\/div><div class='bookmarkifySiteLink'><a onclick='target=\"_blank\";' href='https:\/\/favorites.live.com\/quickadd.aspx?mkt=en-us&amp;url=https:\/\/igualdad.umh.es\/en\/2020\/11\/24\/umh25n-conmemoracion-dia-internacional-de-la-erradicacion-de-la-violencia-contra-las-mujeres\/&amp;title=UMH25N Conmemoraci\u00f3n D\u00eda Internacional de la erradicaci\u00f3n de la violencia contra las mujeres' title='Save to Windows Live' rel='nofollow' style='background-image: url(https:\/\/igualdad.umh.es\/wp-content\/plugins\/bookmarkify\/imagecol.png); background-position:0px -952px'>Windows Live<\/a><\/div><div class='bookmarkifySiteLink'><a onclick='target=\"_blank\";' href='http:\/\/bookmarks.yahoo.com\/toolbar\/savebm?opener=tb&amp;u=https:\/\/igualdad.umh.es\/en\/2020\/11\/24\/umh25n-conmemoracion-dia-internacional-de-la-erradicacion-de-la-violencia-contra-las-mujeres\/&amp;t=UMH25N Conmemoraci\u00f3n D\u00eda Internacional de la erradicaci\u00f3n de la violencia contra las mujeres' title='Save to Yahoo! Bookmarks' rel='nofollow' style='background-image: url(https:\/\/igualdad.umh.es\/wp-content\/plugins\/bookmarkify\/imagecol.png); background-position:0px -969px'>Yahoo!<\/a><\/div><\/td><\/tr><\/table><\/div><div class='bookmarkifyEmail'><a rel='nofollow' href='http:\/\/www.feedburner.com\/fb\/a\/emailFlare?loc=en_US&amp;itemTitle=UMH25N Conmemoraci\u00f3n D\u00eda Internacional de la erradicaci\u00f3n de la violencia contra las mujeres&amp;uri=https:\/\/igualdad.umh.es\/en\/2020\/11\/24\/umh25n-conmemoracion-dia-internacional-de-la-erradicacion-de-la-violencia-contra-las-mujeres\/' style='background-image: url(https:\/\/igualdad.umh.es\/wp-content\/plugins\/bookmarkify\/imagecol.png); background-position:0px -1003px;'>Email This to a Friend<\/a><\/div><div class='bookmarkifyCopyHTML'>&nbsp;&nbsp;Link HTML:&nbsp;<input readonly='readonly' onclick='this.select();' type='text' value='&lt;a href=\"https:\/\/igualdad.umh.es\/en\/2020\/11\/24\/umh25n-conmemoracion-dia-internacional-de-la-erradicacion-de-la-violencia-contra-las-mujeres\/\"&gt;UMH25N Conmemoraci\u00f3n D\u00eda Internacional de la erradicaci\u00f3n de la violencia contra las mujeres&lt;\/a&gt;' size='84' title='Copy this HTML to create a link to this page' \/><\/div><div class='bookmarkifyCopyHTML'>&nbsp;Permalink:&nbsp;<input readonly='readonly' onclick='this.select();' type='text' value='https:\/\/igualdad.umh.es\/en\/2020\/11\/24\/umh25n-conmemoracion-dia-internacional-de-la-erradicacion-de-la-violencia-contra-las-mujeres\/' size='84' title='Copy this Permalink' \/><\/div><div class='bookmarkifySubscribe'><span class='bookmarkifySubscribeIcon' style='background-image: url(https:\/\/igualdad.umh.es\/wp-content\/plugins\/bookmarkify\/imagecol.png); background-position:0px -1020px;'>&nbsp;<\/span>If you like this then please subscribe to the <a href='https:\/\/igualdad.umh.es\/en\/feed\/' onclick='target=\"_blank\";' rel='nofollow'>RSS Feed<\/a>.<\/div><div class='bookmarkifyPoweredBy'><a href='http:\/\/www.bookmarkify.com\/'>Powered by Bookmarkify&trade;<\/a><\/div><\/div><div class='linkbuttons'><a href='http:\/\/www.facebook.com\/share.php?u=https:\/\/igualdad.umh.es\/en\/2020\/11\/24\/umh25n-conmemoracion-dia-internacional-de-la-erradicacion-de-la-violencia-contra-las-mujeres\/' title='Save to Facebook' onclick='target=\"_blank\";' rel='nofollow'><img src='https:\/\/igualdad.umh.es\/wp-content\/plugins\/bookmarkify\/facebook.png' style='width:16px; height:16px;' alt='[Facebook] ' \/><\/a> <a href='http:\/\/twitter.com\/home\/?status=UMH25N Conmemoraci\u00f3n D\u00eda Internacional de la erradicaci\u00f3n de la violencia contra las mujeres+https:\/\/igualdad.umh.es\/en\/2020\/11\/24\/umh25n-conmemoracion-dia-internacional-de-la-erradicacion-de-la-violencia-contra-las-mujeres\/' title='Save to Twitter' onclick='target=\"_blank\";' rel='nofollow'><img src='https:\/\/igualdad.umh.es\/wp-content\/plugins\/bookmarkify\/twitter.png' style='width:16px; height:16px;' alt='[Twitter] ' \/><\/a>  <a title='See more bookmark and sharing options...' href='https:\/\/igualdad.umh.es\/en\/2020\/11\/24\/umh25n-conmemoracion-dia-internacional-de-la-erradicacion-de-la-violencia-contra-las-mujeres\/#bookmarkify' onclick='document.getElementById(\"bookmarkifyMore1\").style.display=\"block\"; return false;' rel='nofollow'><small>More&nbsp;&raquo;<\/small><\/a><\/div><\/div>","protected":false},"excerpt":{"rendered":"<p>&nbsp;<\/p>\n<p>Estimada Comunidad Universitaria<br \/>\nMa\u00f1ana mi\u00e9rcoles 25 de noviembre, el Rector de la UMH, Juan Jos\u00e9 Ru\u00edz Mart\u00ednez, y Mar\u00eda Jos\u00e9 Alarc\u00f3n Garc\u00eda, Directora de la Unidad de Igualdad, leer\u00e1n el manifiesto que ha elaborado la Red de Unidades de Igualdad de G\u00e9nero (RUIGEU) para su difusi\u00f3n en todas las universidades del estado espa\u00f1ol con motivo del [&#8230;]<\/p>\n","protected":false},"author":389,"featured_media":0,"comment_status":"closed","ping_status":"open","sticky":false,"template":"","format":"standard","meta":{"ngg_post_thumbnail":0,"_links_to":"","_links_to_target":""},"categories":[4047,565,631,164,507,1222,568,635,633,255,23,873,636,283,75,697,634],"tags":[6854,6851,3055,2104,3074,6839,2106],"_links":{"self":[{"href":"https:\/\/igualdad.umh.es\/en\/wp-json\/wp\/v2\/posts\/1691"}],"collection":[{"href":"https:\/\/igualdad.umh.es\/en\/wp-json\/wp\/v2\/posts"}],"about":[{"href":"https:\/\/igualdad.umh.es\/en\/wp-json\/wp\/v2\/types\/post"}],"author":[{"embeddable":true,"href":"https:\/\/igualdad.umh.es\/en\/wp-json\/wp\/v2\/users\/389"}],"replies":[{"embeddable":true,"href":"https:\/\/igualdad.umh.es\/en\/wp-json\/wp\/v2\/comments?post=1691"}],"version-history":[{"count":0,"href":"https:\/\/igualdad.umh.es\/en\/wp-json\/wp\/v2\/posts\/1691\/revisions"}],"wp:attachment":[{"href":"https:\/\/igualdad.umh.es\/en\/wp-json\/wp\/v2\/media?parent=1691"}],"wp:term":[{"taxonomy":"category","embeddable":true,"href":"https:\/\/igualdad.umh.es\/en\/wp-json\/wp\/v2\/categories?post=1691"},{"taxonomy":"post_tag","embeddable":true,"href":"https:\/\/igualdad.umh.es\/en\/wp-json\/wp\/v2\/tags?post=1691"}],"curies":[{"name":"wp","href":"https:\/\/api.w.org\/{rel}","templated":true}]}}