{"id":2533,"date":"2024-11-15T09:58:11","date_gmt":"2024-11-15T08:58:11","guid":{"rendered":"https:\/\/igualdad.umh.es\/?p=2533"},"modified":"2024-11-22T13:38:34","modified_gmt":"2024-11-22T12:38:34","slug":"conmemoracion-umh25n-dia-internacional-de-la-eliminacion-de-las-violencia-contras-las-mujeres","status":"publish","type":"post","link":"https:\/\/igualdad.umh.es\/en\/2024\/11\/15\/conmemoracion-umh25n-dia-internacional-de-la-eliminacion-de-las-violencia-contras-las-mujeres\/","title":{"rendered":"<span lang=\"es\">(Espa\u00f1ol) CONMEMORACI\u00d3N #UMH25N D\u00cdA INTERNACIONAL DE LA ELIMINACI\u00d3N DE LAS VIOLENCIA CONTRAS LAS MUJERES<\/span>"},"content":{"rendered":"<p class=\"qtranxs-available-languages-message qtranxs-available-languages-message-en\">Sorry, this entry is only available in <a href=\"https:\/\/igualdad.umh.es\/es\/wp-json\/wp\/v2\/posts\/2533\" class=\"qtranxs-available-language-link qtranxs-available-language-link-es\" title=\"Espa\u00f1ol\">European Spanish<\/a> and <a href=\"https:\/\/igualdad.umh.es\/ca\/wp-json\/wp\/v2\/posts\/2533\" class=\"qtranxs-available-language-link qtranxs-available-language-link-ca\" title=\"Valenci\u00e0\">Catalan<\/a>.<\/p>","protected":false},"excerpt":{"rendered":"<p>Sorry, this entry is only available in European Spanish and Catalan.<\/p>\n","protected":false},"author":389,"featured_media":0,"comment_status":"closed","ping_status":"open","sticky":false,"template":"","format":"standard","meta":{"ngg_post_thumbnail":0,"_links_to":"","_links_to_target":""},"categories":[4047,565,65,631,164,507,1222,568,635,255,23,873,636,283,75,697,634],"tags":[6854,6851,6850,3074,6839,2106],"_links":{"self":[{"href":"https:\/\/igualdad.umh.es\/en\/wp-json\/wp\/v2\/posts\/2533"}],"collection":[{"href":"https:\/\/igualdad.umh.es\/en\/wp-json\/wp\/v2\/posts"}],"about":[{"href":"https:\/\/igualdad.umh.es\/en\/wp-json\/wp\/v2\/types\/post"}],"author":[{"embeddable":true,"href":"https:\/\/igualdad.umh.es\/en\/wp-json\/wp\/v2\/users\/389"}],"replies":[{"embeddable":true,"href":"https:\/\/igualdad.umh.es\/en\/wp-json\/wp\/v2\/comments?post=2533"}],"version-history":[{"count":0,"href":"https:\/\/igualdad.umh.es\/en\/wp-json\/wp\/v2\/posts\/2533\/revisions"}],"wp:attachment":[{"href":"https:\/\/igualdad.umh.es\/en\/wp-json\/wp\/v2\/media?parent=2533"}],"wp:term":[{"taxonomy":"category","embeddable":true,"href":"https:\/\/igualdad.umh.es\/en\/wp-json\/wp\/v2\/categories?post=2533"},{"taxonomy":"post_tag","embeddable":true,"href":"https:\/\/igualdad.umh.es\/en\/wp-json\/wp\/v2\/tags?post=2533"}],"curies":[{"name":"wp","href":"https:\/\/api.w.org\/{rel}","templated":true}]}}