{"id":2666,"date":"2025-02-12T08:00:00","date_gmt":"2025-02-12T07:00:00","guid":{"rendered":"https:\/\/igualdad.umh.es\/?p=2666"},"modified":"2025-03-12T09:10:37","modified_gmt":"2025-03-12T08:10:37","slug":"dia-internacional-de-la-mujer-y-la-nina-en-la-ciencia-en-voces-artificiales-12-de-febrero-de-2025","status":"publish","type":"post","link":"https:\/\/igualdad.umh.es\/en\/2025\/02\/12\/dia-internacional-de-la-mujer-y-la-nina-en-la-ciencia-en-voces-artificiales-12-de-febrero-de-2025\/","title":{"rendered":"<span lang=\"es\">(Espa\u00f1ol) D\u00eda Internacional de la Mujer y la Ni\u00f1a en la Ciencia , en \u00abVoces artificiales\u00bb, 12 de febrero de 2025<\/span>"},"content":{"rendered":"<p class=\"qtranxs-available-languages-message qtranxs-available-languages-message-en\">Sorry, this entry is only available in <a href=\"https:\/\/igualdad.umh.es\/es\/wp-json\/wp\/v2\/posts\/2666\" class=\"qtranxs-available-language-link qtranxs-available-language-link-es\" title=\"Espa\u00f1ol\">European Spanish<\/a>.<\/p>","protected":false},"excerpt":{"rendered":"<p>Sorry, this entry is only available in European Spanish.<\/p>\n","protected":false},"author":30573,"featured_media":2616,"comment_status":"closed","ping_status":"open","sticky":false,"template":"","format":"standard","meta":{"ngg_post_thumbnail":0,"_links_to":"","_links_to_target":""},"categories":[4047,65,164,507,1222,633,255,636,283,697],"tags":[6851,6868,2104,3074],"_links":{"self":[{"href":"https:\/\/igualdad.umh.es\/en\/wp-json\/wp\/v2\/posts\/2666"}],"collection":[{"href":"https:\/\/igualdad.umh.es\/en\/wp-json\/wp\/v2\/posts"}],"about":[{"href":"https:\/\/igualdad.umh.es\/en\/wp-json\/wp\/v2\/types\/post"}],"author":[{"embeddable":true,"href":"https:\/\/igualdad.umh.es\/en\/wp-json\/wp\/v2\/users\/30573"}],"replies":[{"embeddable":true,"href":"https:\/\/igualdad.umh.es\/en\/wp-json\/wp\/v2\/comments?post=2666"}],"version-history":[{"count":0,"href":"https:\/\/igualdad.umh.es\/en\/wp-json\/wp\/v2\/posts\/2666\/revisions"}],"wp:featuredmedia":[{"embeddable":true,"href":"https:\/\/igualdad.umh.es\/en\/wp-json\/wp\/v2\/media\/2616"}],"wp:attachment":[{"href":"https:\/\/igualdad.umh.es\/en\/wp-json\/wp\/v2\/media?parent=2666"}],"wp:term":[{"taxonomy":"category","embeddable":true,"href":"https:\/\/igualdad.umh.es\/en\/wp-json\/wp\/v2\/categories?post=2666"},{"taxonomy":"post_tag","embeddable":true,"href":"https:\/\/igualdad.umh.es\/en\/wp-json\/wp\/v2\/tags?post=2666"}],"curies":[{"name":"wp","href":"https:\/\/api.w.org\/{rel}","templated":true}]}}