{"id":28,"date":"2010-03-02T12:18:35","date_gmt":"2010-03-02T11:18:35","guid":{"rendered":"http:\/\/igualdad.zeus.umh.es\/?p=28"},"modified":"2012-11-23T11:37:06","modified_gmt":"2012-11-23T10:37:06","slug":"i-jornada-de-politicas-publicas-de-igualdad","status":"publish","type":"post","link":"https:\/\/igualdad.umh.es\/en\/2010\/03\/02\/i-jornada-de-politicas-publicas-de-igualdad\/","title":{"rendered":"I Jornada de Pol\u00edticas P\u00fablicas de Igualdad &#8211; Campus de Orihuela"},"content":{"rendered":"<p><\/p>\n<p><strong><span style=\"color: #000000\">Lunes, 8 de marzo de 2010, de 9.30h a 21.00h<br \/>\nCampus de Orihuela, Aula 2.4. &#8211; Edificio Casa del Paso, Plaza de las Salesas, s\/n &#8211; Orihuela<br \/>\n<\/span><\/strong>\u00a0<a href=\"http:\/\/ve.umh.es\/blogs\/sieg\/Web-NO TOCAR\/JORNADAS\/2010\/Salesas-CienciasPoliticas\/DipticoJornaIgualdad.pdf\" target=\"_blank\">D\u00edptico<\/a>\u00a0\u00a0\u00a0\u00a0\u00a0 <a href=\"http:\/\/ve.umh.es\/blogs\/sieg\/Web-NO TOCAR\/JORNADAS\/2010\/Salesas-CienciasPoliticas\/Cartelweb.JPG\" target=\"_blank\">Cartel<\/a><\/p>\n<p><a href=\"http:\/\/blogs.umh.es\/sieg\/files\/2010\/03\/cartelweb3.jpg\"><img loading=\"lazy\" class=\"alignnone size-medium wp-image-190\" src=\"http:\/\/blogs.umh.es\/sieg\/files\/2010\/03\/cartelweb3-212x300.jpg\" alt=\"\" width=\"212\" height=\"300\" \/><\/a><\/p>\n<p style=\"text-align: justify\"><span style=\"color: #0000ff\"><em><strong><!--more--><\/strong><\/em><\/span>PRESENTACI\u00d3N<\/p>\n<p style=\"text-align: justify\">El an\u00e1lisis de las pol\u00edticas p\u00fablicas es uno de los campos m\u00e1s importantes de estudio para los investigadores e investigadoras sociales. La complejidad de la sociedad actual, los cambios de valores, nuestra trayectoria democr\u00e1tica y el propio concepto ideal de la equidad y justicia, demandan la incorporaci\u00f3n de la perspectiva\u00a0 de g\u00e9nero en el estudio de estas pol\u00edticas. En esta idea se enmarca la realizaci\u00f3n de esta Jornada, con la que se pretende dar una visi\u00f3n multidisciplinar de las distintas acciones que se est\u00e1n llevando a cabo en la provincia de Alicante por diferentes administraciones e investigadores universitarios, para la consecuci\u00f3n de la igualdad efectiva entre mujeres y hombres.<br \/>\n\u00a0<br \/>\nCOORDINA<\/p>\n<p style=\"text-align: justify\">\u00c1rea de Ciencia Pol\u00edtica y de la Administraci\u00f3n, Universidad Miguel Hern\u00e1ndez de Elche<br \/>\n\u00a0<br \/>\nORGANIZA<\/p>\n<p style=\"text-align: justify\">Facultad de Ciencias Sociales y Jur\u00eddicas de Orihuela, Universidad Miguel Hern\u00e1ndez de Elche &#8211; UMH<br \/>\nSeminario Interdisciplinar de Estudios de G\u00e9nero (SIEG) del Vicerrectorado de Estudiantes y Extensi\u00f3n Universitaria de la Universidad Miguel Hern\u00e1ndez de Elche<\/p>\n<p style=\"text-align: justify\">COLABORA<\/p>\n<p style=\"text-align: justify\">Excma. Diputaci\u00f3n de Alicante<br \/>\nExcmo. Ayuntamiento de Orihuela<br \/>\nExcmo. Ayuntamiento de Petrer<br \/>\nExcmo. Ayuntamiento de Almorad\u00ed<br \/>\nDelegaci\u00f3n Estudiantes de la Facultad de Ciencias Sociales y Jur\u00eddicas de Orihuela, UMH<\/p>\n<p style=\"text-align: justify\">INSCRIPCI\u00d3N<\/p>\n<p style=\"text-align: justify\">En Delegaci\u00f3n de Estudiantes de la Facultad de Ciencias Sociales y Jur\u00eddicas de Orihuela\u2013Edificio Las Salesas (Plaza de Las Salesas, s\/n, Orihuela) o enviando tus datos personales a <a href=\"mailto:aeiou.salesas@delegacion.umh.es\">aeiou.salesas@delegacion.umh.es<\/a>\u00a0 del 2 al 5 de marzo. Las inscripciones realizadas el mismo 8 de marzo estar\u00e1n condicionadas a la disponibilidad de aforo de la sala.<br \/>\nMatr\u00edcula gratuita.<br \/>\n1 cr\u00e9dito de libre elecci\u00f3n.<\/p>\n<p style=\"text-align: justify\">PROGRAMA<\/p>\n<p style=\"text-align: justify\">LUNES, 8 DE MARZO DE 2010<\/p>\n<p style=\"text-align: justify\">Aula 2.4 Edificio El Paso<\/p>\n<p style=\"text-align: justify\">09:30h Recepci\u00f3n y entrega de documentaci\u00f3n.<\/p>\n<p style=\"text-align: justify\">10:00h <strong>Inauguraci\u00f3n<\/strong><\/p>\n<p style=\"text-align: justify\">Ilma. Sra. M\u00f3nica Lorente Ram\u00f3n. Alcaldesa de Orihuela.<\/p>\n<p style=\"text-align: justify\">Ilmo. Sr. D. Javier Reig. Decano de la Facultad de Ciencias Sociales y Jur\u00eddicas de Orihuela. Universidad Miguel Hern\u00e1ndez de Elche.<\/p>\n<p style=\"text-align: justify\">Prof. Dr. Enrique Conejero. \u00c1rea de Ciencia Pol\u00edtica y de la Administraci\u00f3n. Facultad de Ciencias Sociales y Jur\u00eddicas de Orihuela. Universidad Miguel Hern\u00e1ndez de Elche.<\/p>\n<p style=\"text-align: justify\">10:30h <strong>Conferencia: \u201cDiferencia, diversidad y desigualdad de g\u00e9nero: reflexiones y deconstrucci\u00f3n de conceptos para una adecuada aplicaci\u00f3n de los Planes de Igualdad\u201d<\/strong><\/p>\n<p style=\"text-align: justify\">Profa. Dra. Anastasia T\u00e9llez. \u00c1rea de Antropolog\u00eda Social. Directora del Seminario Interdisciplinar de Estudios de G\u00e9nero, UMH.<br \/>\nPresenta: Profa. Irene Belmonte, \u00c1rea de Ciencia Pol\u00edtica y de la Administraci\u00f3n. UMH<\/p>\n<p style=\"text-align: justify\">11:15h <strong>Conferencia: \u201cEl Plan de Igualdad en la provincia de Alicante\u201d.<\/strong><\/p>\n<p style=\"text-align: justify\">Sra. Asunci\u00f3n Prieto. Diputada de Mujer, Juventud, Residentes Europeos y Drogodependencia. Excma. Diputaci\u00f3n de Alicante.<\/p>\n<p style=\"text-align: justify\">11:45 <strong>Conferencia: \u201cAcciones concretas para\u00a0 la\u00a0 Igualdad en el municipio de Orihuela\u201d.<\/strong><\/p>\n<p style=\"text-align: justify\">Sra. Araceli Vilella. Concejala Delegada de Bienestar Social, Inmigraci\u00f3n, Discapacidad, Igualdad y Dependencia. Excmo. Ayuntamiento de Orihuela.<\/p>\n<p style=\"text-align: justify\">Presenta y modera: Prof. Mar\u00eda Quiles Bail\u00e9n, \u00c1rea de Ciencia Pol\u00edtica y de la Administraci\u00f3n. UMH<\/p>\n<p style=\"text-align: justify\">12:15h Pausa-Caf\u00e9<\/p>\n<p style=\"text-align: justify\">12:45h <strong>Mesa redonda: \u201cLas pol\u00edticas p\u00fablicas de Igualdad\u201d. <\/strong><\/p>\n<p style=\"text-align: justify\">Sra. Agustina Rodr\u00edguez, T\u00e9cnica de Igualdad. Excmo. Ayuntamiento de Orihuela.<\/p>\n<p style=\"text-align: justify\">Sr. Jorge Pay\u00e1, T\u00e9cnico de Igualdad. Excmo. Ayuntamiento de Petrer.<\/p>\n<p style=\"text-align: justify\">Profa. Dra. Juana Aznar, \u00c1rea de Fundamentos Econ\u00f3micos. UMH.<\/p>\n<p style=\"text-align: justify\">Profa. Irene Belmonte, \u00c1rea de Ciencia Pol\u00edtica y de la Administraci\u00f3n. UMH.<\/p>\n<p style=\"text-align: justify\">Modera: Profa. Victoria Rodr\u00edguez, \u00c1rea de Ciencia Pol\u00edtica y de la Administraci\u00f3n. UMH.<\/p>\n<p style=\"text-align: justify\">14:00h Pausa comida<\/p>\n<p style=\"text-align: justify\">16:00h <strong>Proyecci\u00f3n de Pel\u00edcula : Fargo ( director Joel Coen, 1996) <\/strong><\/p>\n<p style=\"text-align: justify\">19:00h <strong>Debate: <\/strong><\/p>\n<p style=\"text-align: justify\">Profa. Dra. Mercedes S\u00e1nchez, \u00c1rea de Derecho del Trabajo. Profa. Victoria Rodr\u00edguez y Profa. Josefa Luna, \u00c1rea de Ciencia Pol\u00edtica y de la Administraci\u00f3n. UMH<\/p>\n<p style=\"text-align: justify\">20:00h <strong>Clausura<\/strong><\/p>\n<p style=\"text-align: justify\">Excmo. Sr. D. Fernando Borr\u00e1s. Vicerrector de Estudiantes y Extensi\u00f3n Universitaria. Universidad Miguel Hern\u00e1ndez de Elche<br \/>\n<a href=\"http:\/\/blogs.umh.es\/sieg\/files\/2010\/03\/cartelweb3.jpg\"><\/a><\/p>\n<p><\/p>\n<div class='bookmarkify'><a name='bookmarkify'><\/a><link rel='stylesheet' type='text\/css' href='https:\/\/igualdad.umh.es\/wp-content\/plugins\/bookmarkify\/more.css' \/><div class='bookmarkifyMoreWindow' id='bookmarkifyMore1' style='display:none;position:absolute;'><div class='bookmarkifyMoreWindowHeader'><a rel='nofollow' href='https:\/\/igualdad.umh.es\/en\/2010\/03\/02\/i-jornada-de-politicas-publicas-de-igualdad\/#bookmarkify' onclick='document.getElementById(\"bookmarkifyMore1\").style.display=\"none\"; return false;'>Close<span class='bookmarkifyCloseIcon' style='background-image: url(https:\/\/igualdad.umh.es\/wp-content\/plugins\/bookmarkify\/imagecol.png); background-position:0px -1037px;'>&nbsp;<\/span><\/a>Bookmark and Share This Page <\/div><div class='bookmarkifySaveToBrowser'><a rel='nofollow' href='https:\/\/igualdad.umh.es\/en\/2010\/03\/02\/i-jornada-de-politicas-publicas-de-igualdad\/#bookmarkify' onclick='javascript:if(document.all){window.external.AddFavorite(\"https:\/\/igualdad.umh.es\/en\/2010\/03\/02\/i-jornada-de-politicas-publicas-de-igualdad\/\", \"I Jornada de Pol\u00edticas P\u00fablicas de Igualdad &#8211; Campus de Orihuela\");} else if(window.sidebar){window.sidebar.addPanel(\"I Jornada de Pol\u00edticas P\u00fablicas de Igualdad &#8211; Campus de Orihuela\", \"https:\/\/igualdad.umh.es\/en\/2010\/03\/02\/i-jornada-de-politicas-publicas-de-igualdad\/\", \"\");}return false;' style='background-image: url(https:\/\/igualdad.umh.es\/wp-content\/plugins\/bookmarkify\/imagecol.png); background-position:0px -986px;'>Save to Browser Favorites \/ Bookmarks<\/a><\/div><div class='bookmarkifySiteLinks'><table cellspacing='3'><tr><td><div class='bookmarkifySiteLink'><a onclick='target=\"_blank\";' href='http:\/\/myjeeves.ask.com\/mysearch\/BookmarkIt?v=1.2&amp;t=webpages&amp;url=https:\/\/igualdad.umh.es\/en\/2010\/03\/02\/i-jornada-de-politicas-publicas-de-igualdad\/&amp;title=I Jornada de Pol\u00edticas P\u00fablicas de Igualdad &#8211; Campus de Orihuela' title='Save to Ask' rel='nofollow' style='background-image: url(https:\/\/igualdad.umh.es\/wp-content\/plugins\/bookmarkify\/imagecol.png); background-position:0px -0px'>Ask<\/a><\/div><div class='bookmarkifySiteLink'><a onclick='target=\"_blank\";' href='http:\/\/www.backflip.com\/add_page_pop.ihtml?url=https:\/\/igualdad.umh.es\/en\/2010\/03\/02\/i-jornada-de-politicas-publicas-de-igualdad\/&amp;title=I Jornada de Pol\u00edticas P\u00fablicas de Igualdad &#8211; Campus de Orihuela' title='Save to backflip' rel='nofollow' style='background-image: url(https:\/\/igualdad.umh.es\/wp-content\/plugins\/bookmarkify\/imagecol.png); background-position:0px -17px'>backflip<\/a><\/div><div class='bookmarkifySiteLink'><a onclick='target=\"_blank\";' href='http:\/\/blinklist.com\/index.php?Action=Blink\/addblink.php&amp;Url=https:\/\/igualdad.umh.es\/en\/2010\/03\/02\/i-jornada-de-politicas-publicas-de-igualdad\/&amp;Title=I Jornada de Pol\u00edticas P\u00fablicas de Igualdad &#8211; Campus de Orihuela' title='Save to blinklist' rel='nofollow' style='background-image: url(https:\/\/igualdad.umh.es\/wp-content\/plugins\/bookmarkify\/imagecol.png); background-position:0px -34px'>blinklist<\/a><\/div><div class='bookmarkifySiteLink'><a onclick='target=\"_blank\";' href='http:\/\/www.blogbookmark.com\/submit.php?url=https:\/\/igualdad.umh.es\/en\/2010\/03\/02\/i-jornada-de-politicas-publicas-de-igualdad\/' title='Save to BlogBookmark' rel='nofollow' style='background-image: url(https:\/\/igualdad.umh.es\/wp-content\/plugins\/bookmarkify\/imagecol.png); background-position:0px -51px'>BlogBookmark<\/a><\/div><div class='bookmarkifySiteLink'><a onclick='target=\"_blank\";' href='http:\/\/www.bloglines.com\/sub\/https:\/\/igualdad.umh.es\/en\/2010\/03\/02\/i-jornada-de-politicas-publicas-de-igualdad\/' title='Save to Bloglines' rel='nofollow' style='background-image: url(https:\/\/igualdad.umh.es\/wp-content\/plugins\/bookmarkify\/imagecol.png); background-position:0px -68px'>Bloglines<\/a><\/div><div class='bookmarkifySiteLink'><a onclick='target=\"_blank\";' href='http:\/\/blogmarks.net\/my\/new.php?mini=1&amp;simple=1&amp;url=https:\/\/igualdad.umh.es\/en\/2010\/03\/02\/i-jornada-de-politicas-publicas-de-igualdad\/&amp;title=I Jornada de Pol\u00edticas P\u00fablicas de Igualdad &#8211; Campus de Orihuela' title='Save to BlogMarks' rel='nofollow' style='background-image: url(https:\/\/igualdad.umh.es\/wp-content\/plugins\/bookmarkify\/imagecol.png); background-position:0px -85px'>BlogMarks<\/a><\/div><div class='bookmarkifySiteLink'><a onclick='target=\"_blank\";' href='http:\/\/www.blogsvine.com\/submit.php?url=https:\/\/igualdad.umh.es\/en\/2010\/03\/02\/i-jornada-de-politicas-publicas-de-igualdad\/' title='Save to Blogsvine' rel='nofollow' style='background-image: url(https:\/\/igualdad.umh.es\/wp-content\/plugins\/bookmarkify\/imagecol.png); background-position:0px -102px'>Blogsvine<\/a><\/div><div class='bookmarkifySiteLink'><a onclick='target=\"_blank\";' href='http:\/\/www.buddymarks.com\/add_bookmark.php?bookmark_title=I Jornada de Pol\u00edticas P\u00fablicas de Igualdad &#8211; Campus de Orihuela&amp;bookmark_url=https:\/\/igualdad.umh.es\/en\/2010\/03\/02\/i-jornada-de-politicas-publicas-de-igualdad\/' title='BuddyMark It' rel='nofollow' style='background-image: url(https:\/\/igualdad.umh.es\/wp-content\/plugins\/bookmarkify\/imagecol.png); background-position:0px -119px'>BuddyMarks<\/a><\/div><div class='bookmarkifySiteLink'><a onclick='target=\"_blank\";' href='http:\/\/www.bumpzee.com\/bump.php?u=https:\/\/igualdad.umh.es\/en\/2010\/03\/02\/i-jornada-de-politicas-publicas-de-igualdad\/' title='Save to BUMPzee!' rel='nofollow' style='background-image: url(https:\/\/igualdad.umh.es\/wp-content\/plugins\/bookmarkify\/imagecol.png); background-position:0px -136px'>BUMPzee!<\/a><\/div><div class='bookmarkifySiteLink'><a onclick='target=\"_blank\";' href='http:\/\/www.citeulike.org\/posturl?url=https:\/\/igualdad.umh.es\/en\/2010\/03\/02\/i-jornada-de-politicas-publicas-de-igualdad\/&amp;title=I Jornada de Pol\u00edticas P\u00fablicas de Igualdad &#8211; Campus de Orihuela' title='Save to CiteULike' rel='nofollow' style='background-image: url(https:\/\/igualdad.umh.es\/wp-content\/plugins\/bookmarkify\/imagecol.png); background-position:0px -153px'>CiteULike<\/a><\/div><div class='bookmarkifySiteLink'><a onclick='target=\"_blank\";' href='http:\/\/www.connotea.org\/addpopup?continue=confirm&amp;uri=https:\/\/igualdad.umh.es\/en\/2010\/03\/02\/i-jornada-de-politicas-publicas-de-igualdad\/&amp;title=I Jornada de Pol\u00edticas P\u00fablicas de Igualdad &#8211; Campus de Orihuela' title='Save to Connotea' rel='nofollow' style='background-image: url(https:\/\/igualdad.umh.es\/wp-content\/plugins\/bookmarkify\/imagecol.png); background-position:0px -187px'>Connotea<\/a><\/div><div class='bookmarkifySiteLink'><a onclick='target=\"_blank\";' href='http:\/\/del.icio.us\/post?url=https:\/\/igualdad.umh.es\/en\/2010\/03\/02\/i-jornada-de-politicas-publicas-de-igualdad\/&amp;title=I Jornada de Pol\u00edticas P\u00fablicas de Igualdad &#8211; Campus de Orihuela' title='Save to del.icio.us' rel='nofollow' style='background-image: url(https:\/\/igualdad.umh.es\/wp-content\/plugins\/bookmarkify\/imagecol.png); background-position:0px -204px'>del.icio.us<\/a><\/div><\/td><td><div class='bookmarkifySiteLink'><a onclick='target=\"_blank\";' href='http:\/\/digg.com\/submit?phase=2&amp;url=https:\/\/igualdad.umh.es\/en\/2010\/03\/02\/i-jornada-de-politicas-publicas-de-igualdad\/&amp;title=I Jornada de Pol\u00edticas P\u00fablicas de Igualdad &#8211; Campus de Orihuela' title='Digg It!' rel='nofollow' style='background-image: url(https:\/\/igualdad.umh.es\/wp-content\/plugins\/bookmarkify\/imagecol.png); background-position:0px -221px'>Digg<\/a><\/div><div class='bookmarkifySiteLink'><a onclick='target=\"_blank\";' href='http:\/\/www.diigo.com\/post?url=https:\/\/igualdad.umh.es\/en\/2010\/03\/02\/i-jornada-de-politicas-publicas-de-igualdad\/&amp;title=I Jornada de Pol\u00edticas P\u00fablicas de Igualdad &#8211; Campus de Orihuela' title='Save to diigo' rel='nofollow' style='background-image: url(https:\/\/igualdad.umh.es\/wp-content\/plugins\/bookmarkify\/imagecol.png); background-position:0px -238px'>diigo<\/a><\/div><div class='bookmarkifySiteLink'><a onclick='target=\"_blank\";' href='http:\/\/www.dotnetkicks.com\/kick\/?url=https:\/\/igualdad.umh.es\/en\/2010\/03\/02\/i-jornada-de-politicas-publicas-de-igualdad\/&amp;title=I Jornada de Pol\u00edticas P\u00fablicas de Igualdad &#8211; Campus de Orihuela' title='Save to DotNetKicks' rel='nofollow' style='background-image: url(https:\/\/igualdad.umh.es\/wp-content\/plugins\/bookmarkify\/imagecol.png); background-position:0px -255px'>DotNetKicks<\/a><\/div><div class='bookmarkifySiteLink'><a onclick='target=\"_blank\";' href='http:\/\/www.dropjack.com\/submit.php?url=https:\/\/igualdad.umh.es\/en\/2010\/03\/02\/i-jornada-de-politicas-publicas-de-igualdad\/' title='Save to DropJack' rel='nofollow' style='background-image: url(https:\/\/igualdad.umh.es\/wp-content\/plugins\/bookmarkify\/imagecol.png); background-position:0px -272px'>DropJack<\/a><\/div><div class='bookmarkifySiteLink'><a onclick='target=\"_blank\";' href='http:\/\/www.dzone.com\/links\/add.html?description=I Jornada de Pol\u00edticas P\u00fablicas de Igualdad &#8211; Campus de Orihuela&amp;url=https:\/\/igualdad.umh.es\/en\/2010\/03\/02\/i-jornada-de-politicas-publicas-de-igualdad\/&amp;title=I Jornada de Pol\u00edticas P\u00fablicas de Igualdad &#8211; Campus de Orihuela' title='Save to dzone' rel='nofollow' style='background-image: url(https:\/\/igualdad.umh.es\/wp-content\/plugins\/bookmarkify\/imagecol.png); background-position:0px -289px'>dzone<\/a><\/div><div class='bookmarkifySiteLink'><a onclick='target=\"_blank\";' href='http:\/\/www.facebook.com\/share.php?u=https:\/\/igualdad.umh.es\/en\/2010\/03\/02\/i-jornada-de-politicas-publicas-de-igualdad\/' title='Save to Facebook' rel='nofollow' style='background-image: url(https:\/\/igualdad.umh.es\/wp-content\/plugins\/bookmarkify\/imagecol.png); background-position:0px -306px'>Facebook<\/a><\/div><div class='bookmarkifySiteLink'><a onclick='target=\"_blank\";' href='http:\/\/cgi.fark.com\/cgi\/fark\/farkit.pl?u=https:\/\/igualdad.umh.es\/en\/2010\/03\/02\/i-jornada-de-politicas-publicas-de-igualdad\/&amp;h=I Jornada de Pol\u00edticas P\u00fablicas de Igualdad &#8211; Campus de Orihuela' title='FarkIt!' rel='nofollow' style='background-image: url(https:\/\/igualdad.umh.es\/wp-content\/plugins\/bookmarkify\/imagecol.png); background-position:0px -323px'>Fark<\/a><\/div><div class='bookmarkifySiteLink'><a onclick='target=\"_blank\";' href='http:\/\/faves.com\/Authoring.aspx?u=https:\/\/igualdad.umh.es\/en\/2010\/03\/02\/i-jornada-de-politicas-publicas-de-igualdad\/&amp;t=I Jornada de Pol\u00edticas P\u00fablicas de Igualdad &#8211; Campus de Orihuela' title='Save to Faves' rel='nofollow' style='background-image: url(https:\/\/igualdad.umh.es\/wp-content\/plugins\/bookmarkify\/imagecol.png); background-position:0px -340px'>Faves<\/a><\/div><div class='bookmarkifySiteLink'><a onclick='target=\"_blank\";' href='http:\/\/friendsite.com\/users\/bookmark\/?u=https:\/\/igualdad.umh.es\/en\/2010\/03\/02\/i-jornada-de-politicas-publicas-de-igualdad\/&amp;t=I Jornada de Pol\u00edticas P\u00fablicas de Igualdad &#8211; Campus de Orihuela' title='Save to Friendsite' rel='nofollow' style='background-image: url(https:\/\/igualdad.umh.es\/wp-content\/plugins\/bookmarkify\/imagecol.png); background-position:0px -391px'>Friendsite<\/a><\/div><div class='bookmarkifySiteLink'><a onclick='target=\"_blank\";' href='http:\/\/www.folkd.com\/submit\/https:\/\/igualdad.umh.es\/en\/2010\/03\/02\/i-jornada-de-politicas-publicas-de-igualdad\/' title='Save to folkd.com' rel='nofollow' style='background-image: url(https:\/\/igualdad.umh.es\/wp-content\/plugins\/bookmarkify\/imagecol.png); background-position:0px -374px'>folkd.com<\/a><\/div><div class='bookmarkifySiteLink'><a onclick='target=\"_blank\";' href='http:\/\/www.furl.net\/storeIt.jsp?u=https:\/\/igualdad.umh.es\/en\/2010\/03\/02\/i-jornada-de-politicas-publicas-de-igualdad\/&amp;t=I Jornada de Pol\u00edticas P\u00fablicas de Igualdad &#8211; Campus de Orihuela' title='Save to Furl' rel='nofollow' style='background-image: url(https:\/\/igualdad.umh.es\/wp-content\/plugins\/bookmarkify\/imagecol.png); background-position:0px -408px'>Furl<\/a><\/div><div class='bookmarkifySiteLink'><a onclick='target=\"_blank\";' href='http:\/\/www.google.com\/bookmarks\/mark?op=edit&amp;output=popup&amp;bkmk=https:\/\/igualdad.umh.es\/en\/2010\/03\/02\/i-jornada-de-politicas-publicas-de-igualdad\/&amp;title=I Jornada de Pol\u00edticas P\u00fablicas de Igualdad &#8211; Campus de Orihuela' title='Save to Google Bookmarks' rel='nofollow' style='background-image: url(https:\/\/igualdad.umh.es\/wp-content\/plugins\/bookmarkify\/imagecol.png); background-position:0px -425px'>Google<\/a><\/div><\/td><td><div class='bookmarkifySiteLink'><a onclick='target=\"_blank\";' href='http:\/\/www.jamespot.com\/?action=spotit&url=https:\/\/igualdad.umh.es\/en\/2010\/03\/02\/i-jornada-de-politicas-publicas-de-igualdad\/' title='Spot It!' rel='nofollow' style='background-image: url(https:\/\/igualdad.umh.es\/wp-content\/plugins\/bookmarkify\/imagecol.png); background-position:0px -1122px'>Jamespot<\/a><\/div><div class='bookmarkifySiteLink'><a onclick='target=\"_blank\";' href='http:\/\/www.jeqq.com\/submit.php?url==https:\/\/igualdad.umh.es\/en\/2010\/03\/02\/i-jornada-de-politicas-publicas-de-igualdad\/&amp;title=I Jornada de Pol\u00edticas P\u00fablicas de Igualdad &#8211; Campus de Orihuela' title='Save to Jeqq' rel='nofollow' style='background-image: url(https:\/\/igualdad.umh.es\/wp-content\/plugins\/bookmarkify\/imagecol.png); background-position:0px -459px'>Jeqq<\/a><\/div><div class='bookmarkifySiteLink'><a onclick='target=\"_blank\";' href='http:\/\/www.kaboodle.com\/za\/selectpage?p_pop=false&amp;pa=url&amp;u=https:\/\/igualdad.umh.es\/en\/2010\/03\/02\/i-jornada-de-politicas-publicas-de-igualdad\/' title='Save to Kaboodle' rel='nofollow' style='background-image: url(https:\/\/igualdad.umh.es\/wp-content\/plugins\/bookmarkify\/imagecol.png); background-position:0px -476px'>Kaboodle<\/a><\/div><div class='bookmarkifySiteLink'><a onclick='target=\"_blank\";' href='http:\/\/www.kirtsy.com\/submit.php?url=https:\/\/igualdad.umh.es\/en\/2010\/03\/02\/i-jornada-de-politicas-publicas-de-igualdad\/' title='Save to kirtsy' rel='nofollow' style='background-image: url(https:\/\/igualdad.umh.es\/wp-content\/plugins\/bookmarkify\/imagecol.png); background-position:0px -493px'>kirtsy<\/a><\/div><div class='bookmarkifySiteLink'><a onclick='target=\"_blank\";' href='http:\/\/www.linkagogo.com\/go\/AddNoPopup?url=https:\/\/igualdad.umh.es\/en\/2010\/03\/02\/i-jornada-de-politicas-publicas-de-igualdad\/&amp;title=I Jornada de Pol\u00edticas P\u00fablicas de Igualdad &#8211; Campus de Orihuela' title='Save to linkaGoGo' rel='nofollow' style='background-image: url(https:\/\/igualdad.umh.es\/wp-content\/plugins\/bookmarkify\/imagecol.png); background-position:0px -510px'>linkaGoGo<\/a><\/div><div class='bookmarkifySiteLink'><a onclick='target=\"_blank\";' href='http:\/\/www.linkedin.com\/shareArticle?mini=true&url=https:\/\/igualdad.umh.es\/en\/2010\/03\/02\/i-jornada-de-politicas-publicas-de-igualdad\/&title=I Jornada de Pol\u00edticas P\u00fablicas de Igualdad &#8211; Campus de Orihuela' title='Share on LinkedIn' rel='nofollow' style='background-image: url(https:\/\/igualdad.umh.es\/wp-content\/plugins\/bookmarkify\/imagecol.png); background-position:0px -1155px'>LinkedIn<\/a><\/div><div class='bookmarkifySiteLink'><a onclick='target=\"_blank\";' href='http:\/\/ma.gnolia.com\/bookmarklet\/add?url=https:\/\/igualdad.umh.es\/en\/2010\/03\/02\/i-jornada-de-politicas-publicas-de-igualdad\/&amp;title=I Jornada de Pol\u00edticas P\u00fablicas de Igualdad &#8211; Campus de Orihuela' title='Save to Ma.gnolia' rel='nofollow' style='background-image: url(https:\/\/igualdad.umh.es\/wp-content\/plugins\/bookmarkify\/imagecol.png); background-position:0px -544px'>Ma.gnolia<\/a><\/div><div class='bookmarkifySiteLink'><a onclick='target=\"_blank\";' href='http:\/\/www.mister-wong.com\/index.php?action=addurl&amp;bm_url=https:\/\/igualdad.umh.es\/en\/2010\/03\/02\/i-jornada-de-politicas-publicas-de-igualdad\/&amp;bm_description=I Jornada de Pol\u00edticas P\u00fablicas de Igualdad &#8211; Campus de Orihuela' title='Save to Mister Wong' rel='nofollow' style='background-image: url(https:\/\/igualdad.umh.es\/wp-content\/plugins\/bookmarkify\/imagecol.png); background-position:0px -561px'>Mister Wong<\/a><\/div><div class='bookmarkifySiteLink'><a onclick='target=\"_blank\";' href='http:\/\/www.mixx.com\/submit?page_url=https:\/\/igualdad.umh.es\/en\/2010\/03\/02\/i-jornada-de-politicas-publicas-de-igualdad\/' title='Save to Mixx' rel='nofollow' style='background-image: url(https:\/\/igualdad.umh.es\/wp-content\/plugins\/bookmarkify\/imagecol.png); background-position:0px -578px'>Mixx<\/a><\/div><div class='bookmarkifySiteLink'><a onclick='target=\"_blank\";' href='http:\/\/www.myspace.com\/Modules\/PostTo\/Pages\/?c=https:\/\/igualdad.umh.es\/en\/2010\/03\/02\/i-jornada-de-politicas-publicas-de-igualdad\/&amp;t=I Jornada de Pol\u00edticas P\u00fablicas de Igualdad &#8211; Campus de Orihuela' title='Save to MySpace' rel='nofollow' style='background-image: url(https:\/\/igualdad.umh.es\/wp-content\/plugins\/bookmarkify\/imagecol.png); background-position:0px -595px'>MySpace<\/a><\/div><div class='bookmarkifySiteLink'><a onclick='target=\"_blank\";' href='http:\/\/www.netvouz.com\/action\/submitBookmark?url=https:\/\/igualdad.umh.es\/en\/2010\/03\/02\/i-jornada-de-politicas-publicas-de-igualdad\/&amp;title=I Jornada de Pol\u00edticas P\u00fablicas de Igualdad &#8211; Campus de Orihuela&amp;popup=no' title='Save to Netvouz' rel='nofollow' style='background-image: url(https:\/\/igualdad.umh.es\/wp-content\/plugins\/bookmarkify\/imagecol.png); background-position:0px -629px'>Netvouz<\/a><\/div><div class='bookmarkifySiteLink'><a onclick='target=\"_blank\";' href='http:\/\/www.newsvine.com\/_tools\/seed?popoff=0&amp;u=https:\/\/igualdad.umh.es\/en\/2010\/03\/02\/i-jornada-de-politicas-publicas-de-igualdad\/' title='Seed Newsvine' rel='nofollow' style='background-image: url(https:\/\/igualdad.umh.es\/wp-content\/plugins\/bookmarkify\/imagecol.png); background-position:0px -646px'>Newsvine<\/a><\/div><\/td><td><div class='bookmarkifySiteLink'><a onclick='target=\"_blank\";' href='http:\/\/www.oneview.com\/quickadd\/neu\/addBookmark.jsf?URL=https:\/\/igualdad.umh.es\/en\/2010\/03\/02\/i-jornada-de-politicas-publicas-de-igualdad\/&amp;title=I Jornada de Pol\u00edticas P\u00fablicas de Igualdad &#8211; Campus de Orihuela' title='Save to oneview' rel='nofollow' style='background-image: url(https:\/\/igualdad.umh.es\/wp-content\/plugins\/bookmarkify\/imagecol.png); background-position:0px -1054px'>oneview<\/a><\/div><div class='bookmarkifySiteLink'><a onclick='target=\"_blank\";' href='http:\/\/www.onlywire.com\/submit?u=https:\/\/igualdad.umh.es\/en\/2010\/03\/02\/i-jornada-de-politicas-publicas-de-igualdad\/&amp;t=I Jornada de Pol\u00edticas P\u00fablicas de Igualdad &#8211; Campus de Orihuela' title='Save to OnlyWire' rel='nofollow' style='background-image: url(https:\/\/igualdad.umh.es\/wp-content\/plugins\/bookmarkify\/imagecol.png); background-position:0px -1071px'>OnlyWire<\/a><\/div><div class='bookmarkifySiteLink'><a onclick='target=\"_blank\";' href='http:\/\/www.plugim.com\/submit?url=https:\/\/igualdad.umh.es\/en\/2010\/03\/02\/i-jornada-de-politicas-publicas-de-igualdad\/&amp;title=I Jornada de Pol\u00edticas P\u00fablicas de Igualdad &#8211; Campus de Orihuela' title='Promote on PlugIM' rel='nofollow' style='background-image: url(https:\/\/igualdad.umh.es\/wp-content\/plugins\/bookmarkify\/imagecol.png); background-position:0px -663px'>PlugIM<\/a><\/div><div class='bookmarkifySiteLink'><a onclick='target=\"_blank\";' href='http:\/\/www.propeller.com\/submit\/?U=https:\/\/igualdad.umh.es\/en\/2010\/03\/02\/i-jornada-de-politicas-publicas-de-igualdad\/&amp;T=I Jornada de Pol\u00edticas P\u00fablicas de Igualdad &#8211; Campus de Orihuela' title='Submit to Propeller' rel='nofollow' style='background-image: url(https:\/\/igualdad.umh.es\/wp-content\/plugins\/bookmarkify\/imagecol.png); background-position:0px -697px'>Propeller<\/a><\/div><div class='bookmarkifySiteLink'><a onclick='target=\"_blank\";' href='http:\/\/reddit.com\/submit?url=https:\/\/igualdad.umh.es\/en\/2010\/03\/02\/i-jornada-de-politicas-publicas-de-igualdad\/&amp;title=I Jornada de Pol\u00edticas P\u00fablicas de Igualdad &#8211; Campus de Orihuela' title='Reddit' rel='nofollow' style='background-image: url(https:\/\/igualdad.umh.es\/wp-content\/plugins\/bookmarkify\/imagecol.png); background-position:0px -714px'>Reddit<\/a><\/div><div class='bookmarkifySiteLink'><a onclick='target=\"_blank\";' href='http:\/\/segnalo.com\/post.html.php?url=https:\/\/igualdad.umh.es\/en\/2010\/03\/02\/i-jornada-de-politicas-publicas-de-igualdad\/&amp;title=I Jornada de Pol\u00edticas P\u00fablicas de Igualdad &#8211; Campus de Orihuela' title='Save to Segnalo' rel='nofollow' style='background-image: url(https:\/\/igualdad.umh.es\/wp-content\/plugins\/bookmarkify\/imagecol.png); background-position:0px -748px'>Segnalo<\/a><\/div><div class='bookmarkifySiteLink'><a onclick='target=\"_blank\";' href='http:\/\/www.shoutwire.com\/?p=submit&amp;link=https:\/\/igualdad.umh.es\/en\/2010\/03\/02\/i-jornada-de-politicas-publicas-de-igualdad\/' title='Shout It!' rel='nofollow' style='background-image: url(https:\/\/igualdad.umh.es\/wp-content\/plugins\/bookmarkify\/imagecol.png); background-position:0px -765px'>Shoutwire<\/a><\/div><div class='bookmarkifySiteLink'><a onclick='target=\"_blank\";' href='http:\/\/www.simpy.com\/simpy\/LinkAdd.do?href=https:\/\/igualdad.umh.es\/en\/2010\/03\/02\/i-jornada-de-politicas-publicas-de-igualdad\/&amp;title=I Jornada de Pol\u00edticas P\u00fablicas de Igualdad &#8211; Campus de Orihuela' title='Save to Simpy' rel='nofollow' style='background-image: url(https:\/\/igualdad.umh.es\/wp-content\/plugins\/bookmarkify\/imagecol.png); background-position:0px -782px'>Simpy<\/a><\/div><div class='bookmarkifySiteLink'><a onclick='target=\"_blank\";' href='http:\/\/slashdot.org\/bookmark.pl?url=https:\/\/igualdad.umh.es\/en\/2010\/03\/02\/i-jornada-de-politicas-publicas-de-igualdad\/&amp;title=I Jornada de Pol\u00edticas P\u00fablicas de Igualdad &#8211; Campus de Orihuela' title='Slashdot It!' rel='nofollow' style='background-image: url(https:\/\/igualdad.umh.es\/wp-content\/plugins\/bookmarkify\/imagecol.png); background-position:0px -799px'>Slashdot<\/a><\/div><div class='bookmarkifySiteLink'><a onclick='target=\"_blank\";' href='http:\/\/www.surphace.com\/search?q=sphereit:https:\/\/igualdad.umh.es\/en\/2010\/03\/02\/i-jornada-de-politicas-publicas-de-igualdad\/&amp;title=I Jornada de Pol\u00edticas P\u00fablicas de Igualdad &#8211; Campus de Orihuela' title='Save to Surphace' rel='nofollow' style='background-image: url(https:\/\/igualdad.umh.es\/wp-content\/plugins\/bookmarkify\/imagecol.png); background-position:0px -816px'>Surphace<\/a><\/div><div class='bookmarkifySiteLink'><a onclick='target=\"_blank\";' href='http:\/\/sphinn.com\/submit.php?url=https:\/\/igualdad.umh.es\/en\/2010\/03\/02\/i-jornada-de-politicas-publicas-de-igualdad\/&amp;title=I Jornada de Pol\u00edticas P\u00fablicas de Igualdad &#8211; Campus de Orihuela' title='Sphinn' rel='nofollow' style='background-image: url(https:\/\/igualdad.umh.es\/wp-content\/plugins\/bookmarkify\/imagecol.png); background-position:0px -833px'>Sphinn<\/a><\/div><div class='bookmarkifySiteLink'><a onclick='target=\"_blank\";' href='http:\/\/www.spurl.net\/spurl.php?url=https:\/\/igualdad.umh.es\/en\/2010\/03\/02\/i-jornada-de-politicas-publicas-de-igualdad\/&amp;title=I Jornada de Pol\u00edticas P\u00fablicas de Igualdad &#8211; Campus de Orihuela' title='Save to Spurl' rel='nofollow' style='background-image: url(https:\/\/igualdad.umh.es\/wp-content\/plugins\/bookmarkify\/imagecol.png); background-position:0px -850px'>Spurl<\/a><\/div><\/td><td><div class='bookmarkifySiteLink'><a onclick='target=\"_blank\";' href='http:\/\/www.squidoo.com\/lensmaster\/bookmark?https:\/\/igualdad.umh.es\/en\/2010\/03\/02\/i-jornada-de-politicas-publicas-de-igualdad\/' title='Save to Squidoo' rel='nofollow' style='background-image: url(https:\/\/igualdad.umh.es\/wp-content\/plugins\/bookmarkify\/imagecol.png); background-position:0px -867px'>Squidoo<\/a><\/div><div class='bookmarkifySiteLink'><a onclick='target=\"_blank\";' href='http:\/\/www.stumbleupon.com\/submit?url=https:\/\/igualdad.umh.es\/en\/2010\/03\/02\/i-jornada-de-politicas-publicas-de-igualdad\/&amp;title=I Jornada de Pol\u00edticas P\u00fablicas de Igualdad &#8211; Campus de Orihuela' title='Stumble It!' rel='nofollow' style='background-image: url(https:\/\/igualdad.umh.es\/wp-content\/plugins\/bookmarkify\/imagecol.png); background-position:0px -884px'>StumbleUpon<\/a><\/div><div class='bookmarkifySiteLink'><a onclick='target=\"_blank\";' href='http:\/\/technorati.com\/faves?add=https:\/\/igualdad.umh.es\/en\/2010\/03\/02\/i-jornada-de-politicas-publicas-de-igualdad\/' title='Add to my Technorati Favorites' rel='nofollow' style='background-image: url(https:\/\/igualdad.umh.es\/wp-content\/plugins\/bookmarkify\/imagecol.png); background-position:0px -901px'>Technorati<\/a><\/div><div class='bookmarkifySiteLink'><a onclick='target=\"_blank\";' href='http:\/\/www.thisnext.com\/pick\/new\/submit\/sociable\/?url=https:\/\/igualdad.umh.es\/en\/2010\/03\/02\/i-jornada-de-politicas-publicas-de-igualdad\/&amp;name=I Jornada de Pol\u00edticas P\u00fablicas de Igualdad &#8211; Campus de Orihuela' title='Save to ThisNext' rel='nofollow' style='background-image: url(https:\/\/igualdad.umh.es\/wp-content\/plugins\/bookmarkify\/imagecol.png); background-position:0px -918px'>ThisNext<\/a><\/div><div class='bookmarkifySiteLink'><a onclick='target=\"_blank\";' href='http:\/\/twitter.com\/home\/?status=I Jornada de Pol\u00edticas P\u00fablicas de Igualdad &#8211; Campus de Orihuela+https:\/\/igualdad.umh.es\/en\/2010\/03\/02\/i-jornada-de-politicas-publicas-de-igualdad\/' title='Save to Twitter' rel='nofollow' style='background-image: url(https:\/\/igualdad.umh.es\/wp-content\/plugins\/bookmarkify\/imagecol.png); background-position:0px -1105px'>Twitter<\/a><\/div><div class='bookmarkifySiteLink'><a onclick='target=\"_blank\";' href='http:\/\/webride.org\/discuss\/split.php?uri=https:\/\/igualdad.umh.es\/en\/2010\/03\/02\/i-jornada-de-politicas-publicas-de-igualdad\/&amp;title=I Jornada de Pol\u00edticas P\u00fablicas de Igualdad &#8211; Campus de Orihuela' title='Discuss on Webride' rel='nofollow' style='background-image: url(https:\/\/igualdad.umh.es\/wp-content\/plugins\/bookmarkify\/imagecol.png); background-position:0px -935px'>Webride<\/a><\/div><div class='bookmarkifySiteLink'><a onclick='target=\"_blank\";' href='https:\/\/favorites.live.com\/quickadd.aspx?mkt=en-us&amp;url=https:\/\/igualdad.umh.es\/en\/2010\/03\/02\/i-jornada-de-politicas-publicas-de-igualdad\/&amp;title=I Jornada de Pol\u00edticas P\u00fablicas de Igualdad &#8211; Campus de Orihuela' title='Save to Windows Live' rel='nofollow' style='background-image: url(https:\/\/igualdad.umh.es\/wp-content\/plugins\/bookmarkify\/imagecol.png); background-position:0px -952px'>Windows Live<\/a><\/div><div class='bookmarkifySiteLink'><a onclick='target=\"_blank\";' href='http:\/\/bookmarks.yahoo.com\/toolbar\/savebm?opener=tb&amp;u=https:\/\/igualdad.umh.es\/en\/2010\/03\/02\/i-jornada-de-politicas-publicas-de-igualdad\/&amp;t=I Jornada de Pol\u00edticas P\u00fablicas de Igualdad &#8211; Campus de Orihuela' title='Save to Yahoo! Bookmarks' rel='nofollow' style='background-image: url(https:\/\/igualdad.umh.es\/wp-content\/plugins\/bookmarkify\/imagecol.png); background-position:0px -969px'>Yahoo!<\/a><\/div><\/td><\/tr><\/table><\/div><div class='bookmarkifyEmail'><a rel='nofollow' href='http:\/\/www.feedburner.com\/fb\/a\/emailFlare?loc=en_US&amp;itemTitle=I Jornada de Pol\u00edticas P\u00fablicas de Igualdad &#8211; Campus de Orihuela&amp;uri=https:\/\/igualdad.umh.es\/en\/2010\/03\/02\/i-jornada-de-politicas-publicas-de-igualdad\/' style='background-image: url(https:\/\/igualdad.umh.es\/wp-content\/plugins\/bookmarkify\/imagecol.png); background-position:0px -1003px;'>Email This to a Friend<\/a><\/div><div class='bookmarkifyCopyHTML'>&nbsp;&nbsp;Link HTML:&nbsp;<input readonly='readonly' onclick='this.select();' type='text' value='&lt;a href=\"https:\/\/igualdad.umh.es\/en\/2010\/03\/02\/i-jornada-de-politicas-publicas-de-igualdad\/\"&gt;I Jornada de Pol\u00edticas P\u00fablicas de Igualdad &#8211; Campus de Orihuela&lt;\/a&gt;' size='84' title='Copy this HTML to create a link to this page' \/><\/div><div class='bookmarkifyCopyHTML'>&nbsp;Permalink:&nbsp;<input readonly='readonly' onclick='this.select();' type='text' value='https:\/\/igualdad.umh.es\/en\/2010\/03\/02\/i-jornada-de-politicas-publicas-de-igualdad\/' size='84' title='Copy this Permalink' \/><\/div><div class='bookmarkifySubscribe'><span class='bookmarkifySubscribeIcon' style='background-image: url(https:\/\/igualdad.umh.es\/wp-content\/plugins\/bookmarkify\/imagecol.png); background-position:0px -1020px;'>&nbsp;<\/span>If you like this then please subscribe to the <a href='https:\/\/igualdad.umh.es\/en\/feed\/' onclick='target=\"_blank\";' rel='nofollow'>RSS Feed<\/a>.<\/div><div class='bookmarkifyPoweredBy'><a href='http:\/\/www.bookmarkify.com\/'>Powered by Bookmarkify&trade;<\/a><\/div><\/div><div class='linkbuttons'><a href='http:\/\/www.facebook.com\/share.php?u=https:\/\/igualdad.umh.es\/en\/2010\/03\/02\/i-jornada-de-politicas-publicas-de-igualdad\/' title='Save to Facebook' onclick='target=\"_blank\";' rel='nofollow'><img src='https:\/\/igualdad.umh.es\/wp-content\/plugins\/bookmarkify\/facebook.png' style='width:16px; height:16px;' alt='[Facebook] ' \/><\/a> <a href='http:\/\/twitter.com\/home\/?status=I Jornada de Pol\u00edticas P\u00fablicas de Igualdad &#8211; Campus de Orihuela+https:\/\/igualdad.umh.es\/en\/2010\/03\/02\/i-jornada-de-politicas-publicas-de-igualdad\/' title='Save to Twitter' onclick='target=\"_blank\";' rel='nofollow'><img src='https:\/\/igualdad.umh.es\/wp-content\/plugins\/bookmarkify\/twitter.png' style='width:16px; height:16px;' alt='[Twitter] ' \/><\/a>  <a title='See more bookmark and sharing options...' href='https:\/\/igualdad.umh.es\/en\/2010\/03\/02\/i-jornada-de-politicas-publicas-de-igualdad\/#bookmarkify' onclick='document.getElementById(\"bookmarkifyMore1\").style.display=\"block\"; return false;' rel='nofollow'><small>More&nbsp;&raquo;<\/small><\/a><\/div><\/div>","protected":false},"excerpt":{"rendered":"<p>Lunes, 8 de marzo de 2010, de 9.30h a 21.00h<br \/>\nCampus de Orihuela, Aula 2.4. &#8211; Edificio Casa del Paso, Plaza de las Salesas, s\/n &#8211; Orihuela<br \/>\n\u00a0D\u00edptico\u00a0\u00a0\u00a0\u00a0\u00a0 Cartel<\/p>\n<p>PRESENTACI\u00d3N<br \/>\nEl an\u00e1lisis de las pol\u00edticas p\u00fablicas es uno de los campos m\u00e1s importantes de estudio para los investigadores e investigadoras sociales. La complejidad de la sociedad actual, los cambios [&#8230;]<\/p>\n","protected":false},"author":389,"featured_media":0,"comment_status":"closed","ping_status":"closed","sticky":false,"template":"","format":"standard","meta":{"ngg_post_thumbnail":0,"_links_to":"","_links_to_target":""},"categories":[4,507,255],"tags":[],"_links":{"self":[{"href":"https:\/\/igualdad.umh.es\/en\/wp-json\/wp\/v2\/posts\/28"}],"collection":[{"href":"https:\/\/igualdad.umh.es\/en\/wp-json\/wp\/v2\/posts"}],"about":[{"href":"https:\/\/igualdad.umh.es\/en\/wp-json\/wp\/v2\/types\/post"}],"author":[{"embeddable":true,"href":"https:\/\/igualdad.umh.es\/en\/wp-json\/wp\/v2\/users\/389"}],"replies":[{"embeddable":true,"href":"https:\/\/igualdad.umh.es\/en\/wp-json\/wp\/v2\/comments?post=28"}],"version-history":[{"count":0,"href":"https:\/\/igualdad.umh.es\/en\/wp-json\/wp\/v2\/posts\/28\/revisions"}],"wp:attachment":[{"href":"https:\/\/igualdad.umh.es\/en\/wp-json\/wp\/v2\/media?parent=28"}],"wp:term":[{"taxonomy":"category","embeddable":true,"href":"https:\/\/igualdad.umh.es\/en\/wp-json\/wp\/v2\/categories?post=28"},{"taxonomy":"post_tag","embeddable":true,"href":"https:\/\/igualdad.umh.es\/en\/wp-json\/wp\/v2\/tags?post=28"}],"curies":[{"name":"wp","href":"https:\/\/api.w.org\/{rel}","templated":true}]}}