{"id":3296,"date":"2026-04-21T09:55:27","date_gmt":"2026-04-21T07:55:27","guid":{"rendered":"https:\/\/igualdad.umh.es\/?p=3296"},"modified":"2026-04-30T10:00:45","modified_gmt":"2026-04-30T08:00:45","slug":"valencia-la-xarxa-vives-publica-una-guia-estrategica-per-integrar-la-dimensio-de-genere-interseccional","status":"publish","type":"post","link":"https:\/\/igualdad.umh.es\/en\/2026\/04\/21\/valencia-la-xarxa-vives-publica-una-guia-estrategica-per-integrar-la-dimensio-de-genere-interseccional\/","title":{"rendered":"<span lang=\"ca\">(Valenci\u00e0) La Xarxa Vives publica una guia estrat\u00e9gica per integrar la dimensi\u00f3 de g\u00e9nere interseccional<\/span>"},"content":{"rendered":"<p class=\"qtranxs-available-languages-message qtranxs-available-languages-message-en\">Sorry, this entry is only available in <a href=\"https:\/\/igualdad.umh.es\/ca\/wp-json\/wp\/v2\/posts\/3296\" class=\"qtranxs-available-language-link qtranxs-available-language-link-ca\" title=\"Valenci\u00e0\">Catalan<\/a>.<\/p>","protected":false},"excerpt":{"rendered":"<p>Sorry, this entry is only available in Catalan.<\/p>\n","protected":false},"author":32616,"featured_media":0,"comment_status":"closed","ping_status":"open","sticky":false,"template":"","format":"standard","meta":{"ngg_post_thumbnail":0,"_links_to":"","_links_to_target":""},"categories":[1222,568,23,75],"tags":[2105],"_links":{"self":[{"href":"https:\/\/igualdad.umh.es\/en\/wp-json\/wp\/v2\/posts\/3296"}],"collection":[{"href":"https:\/\/igualdad.umh.es\/en\/wp-json\/wp\/v2\/posts"}],"about":[{"href":"https:\/\/igualdad.umh.es\/en\/wp-json\/wp\/v2\/types\/post"}],"author":[{"embeddable":true,"href":"https:\/\/igualdad.umh.es\/en\/wp-json\/wp\/v2\/users\/32616"}],"replies":[{"embeddable":true,"href":"https:\/\/igualdad.umh.es\/en\/wp-json\/wp\/v2\/comments?post=3296"}],"version-history":[{"count":0,"href":"https:\/\/igualdad.umh.es\/en\/wp-json\/wp\/v2\/posts\/3296\/revisions"}],"wp:attachment":[{"href":"https:\/\/igualdad.umh.es\/en\/wp-json\/wp\/v2\/media?parent=3296"}],"wp:term":[{"taxonomy":"category","embeddable":true,"href":"https:\/\/igualdad.umh.es\/en\/wp-json\/wp\/v2\/categories?post=3296"},{"taxonomy":"post_tag","embeddable":true,"href":"https:\/\/igualdad.umh.es\/en\/wp-json\/wp\/v2\/tags?post=3296"}],"curies":[{"name":"wp","href":"https:\/\/api.w.org\/{rel}","templated":true}]}}